{"id":69955,"date":"2023-08-12T11:43:58","date_gmt":"2023-08-12T17:43:58","guid":{"rendered":"https:\/\/redsemlac.com\/semmexico\/?p=69955"},"modified":"2023-08-12T11:44:13","modified_gmt":"2023-08-12T17:44:13","slug":"mujeres-mas-pobres-que-los-hombres-ante-el-fracaso-en-salud-y-educacion-dice-informe-de-coneval","status":"publish","type":"post","link":"https:\/\/redsemlac.com\/semmexico\/mujeres-mas-pobres-que-los-hombres-ante-el-fracaso-en-salud-y-educacion-dice-informe-de-coneval\/","title":{"rendered":"Mujeres m\u00e1s pobres que los hombres, ante el fracaso en salud y educaci\u00f3n, dice informe de CONEVAL"},"content":{"rendered":"\n<p class=\"wp-block-paragraph\">Son 25 millones de mujeres sin acceso a la salud, uno de los 6 componentes que determinan su pobreza<\/p>\n\n\n\n<p class=\"wp-block-paragraph\">En el primer semestre del 2023 se registraron 190 mil 938 decesos de mujeres.<\/p>\n\n\n\n<p class=\"wp-block-paragraph\">Aumento de la pobreza extrema y multidimensional pega m\u00e1s a las mujeres<\/p>\n\n\n\n<p class=\"wp-block-paragraph\">Sara Lovera*<\/p>\n\n\n\n<p class=\"wp-block-paragraph\">SemM\u00e9xico, Ciudad de M\u00e9xico, 12 de agosto, 2023.- Hoy m\u00e1s de 24 millones de mujeres viven en pobreza, situaci\u00f3n agudizada porque son 25 millones las que carecen de servicios de salud, seg\u00fan el reporte del jueves pasado del Consejo Nacional de Evaluaci\u00f3n de la Pol\u00edtica de Desarrollo Social (Coneval).<\/p>\n\n\n\n<p class=\"wp-block-paragraph\">Con informaci\u00f3n de INEGI el informe establece que el 36.9% de la poblaci\u00f3n de mujeres en M\u00e9xico se encuentra en situaci\u00f3n de pobreza, mientras que esta proporci\u00f3n es de 35.6% para los hombres.<\/p>\n\n\n\n<p class=\"wp-block-paragraph\">El informe dej\u00f3 en claro que el a\u00f1o pasado hab\u00eda 50.4 millones de personas en el pa\u00eds con carencia por acceso a los servicios de salud, cuando en 2018, previo al inicio de la presente administraci\u00f3n, eran 20.1 millones, cifra que refleja que en la salud -que ahora cuesta, aunque haya aumentado el salario- no ha presentado avances, as\u00ed el acceso a servicios de salud es apenas 39.1% de la poblaci\u00f3n en 2022, un incremento desde 16.2% respecto del 2018.<\/p>\n\n\n\n<p class=\"wp-block-paragraph\">Adem\u00e1s de las trabajadoras en la informalidad \u2013que no tienen cobertura de seguridad social\u2013, se suman las mujeres en la formalidad que no la reciben tampoco.<\/p>\n\n\n\n<p class=\"wp-block-paragraph\">&nbsp;De acuerdo con la ENOE 2022, en M\u00e9xico solo dos de cada cinco mujeres en la formalidad reportaron contar con esta cobertura. Adem\u00e1s, esta carencia viene acompa\u00f1ada de una disparidad de acceso a nivel estatal. Por ejemplo, mientras que en Chihuahua 12 de cada 20 trabajadoras cuentan con servicios de salud, en Oaxaca se reduce a tres de cada 20.<\/p>\n\n\n\n<p class=\"wp-block-paragraph\">Seg\u00fan la Organizaci\u00f3n Panamericana de Salud, las mujeres tienden a ser m\u00e1s propensas a enfermedades cr\u00f3nicas y viven m\u00e1s tiempo, pero tienen menor protecci\u00f3n social. M\u00e1s a\u00fan, seg\u00fan la ENIGH 2022, 54 por del gasto total de los hogares dedicado a los cuidados de salud es destinado exclusivamente para las mujeres. Por lo que las mujeres no solo tienen mayor necesidad de servicios de salud a lo largo de sus vidas, sino que tienen que gastar m\u00e1s en ellos.<\/p>\n\n\n\n<p class=\"wp-block-paragraph\">La escasez de servicios de salud, que son la gran carencia de esta administraci\u00f3n y que reconoce y documenta CONEVAL, afectan a las mujeres que padecen o mueren de Enfermedades cardiovasculares; c\u00e1ncer de mama; c\u00e1ncer de cuello uterino (CCU); infecciones de las v\u00edas urinarias; depresi\u00f3n; osteoporosis; artritis y quistes ov\u00e1ricos.<\/p>\n\n\n\n<p class=\"wp-block-paragraph\">Y es que la pobreza multidimensional no&nbsp; s\u00f3lo es mejora monetaria, el estudio se\u00f1ala que mejor\u00f3 en dinero, se considera que salieron de la pobreza 5 millones de mexicanos y mexicanas, o sea 2 millones y medio de mujeres, a\u00fan durante y despu\u00e9s de la crisis sanitaria, pero la pobreza multidimensional aument\u00f3, especialmente en poblaci\u00f3n de pobreza extrema, y para las mujeres de &nbsp;zonas ind\u00edgenas; adem\u00e1s, Coneval dice que es peor para todas, &nbsp;por un acumulado de desigualdades desde la perspectiva de su condici\u00f3n de mujeres.<\/p>\n\n\n\n<p class=\"wp-block-paragraph\">Explica que la pobreza multidimensional es la situaci\u00f3n en la que se encuentra una persona cuando no tiene garantizado el ejercicio de al menos uno de sus derechos para el desarrollo social, y si sus ingresos son insuficientes para adquirir los bienes y servicios que requiere para satisfacer sus necesidades m\u00ednimas.<\/p>\n\n\n\n<p class=\"wp-block-paragraph\">El a\u00f1o pasado, seg\u00fan ese informa, 46.8 millones de personas viv\u00edan con ingresos por debajo de la l\u00ednea del bienestar y con una carencia social. Dentro de los seis indicadores de carencias sociales que mide el Coneval, el del acceso a servicios de salud fue el que mostr\u00f3 el mayor crecimiento en el presente sexenio. Rosario C\u00e1rdenas, consejera investigadora del Coneval, explic\u00f3 que esta situaci\u00f3n se debi\u00f3 a la desaparici\u00f3n del Seguro Popular, afectando principalmente a las mujeres.<\/p>\n\n\n\n<p class=\"wp-block-paragraph\">Adem\u00e1s, la brecha de pobreza salarial es para las mujeres, hasta de 18 por ciento y son ellas las que carecen de recursos para la canasta b\u00e1sica.<\/p>\n\n\n\n<figure class=\"wp-block-image size-full\"><a href=\"https:\/\/redsemlac.com\/semmexico\/wp-content\/uploads\/2023\/08\/informe-coneval-02.png\"><img loading=\"lazy\" decoding=\"async\" width=\"1024\" height=\"576\" src=\"https:\/\/redsemlac.com\/semmexico\/wp-content\/uploads\/2023\/08\/informe-coneval-02.png\" alt=\"\" class=\"wp-image-69957\"\/><\/a><\/figure>\n\n\n\n<p class=\"wp-block-paragraph\">De acuerdo con el Coneval, el a\u00f1o pasado hab\u00eda 50.4 millones de personas en el pa\u00eds con carencia por acceso a los servicios de salud, &#8211; mitad mujeres- cuando en 2018, previo al inicio de la presente administraci\u00f3n, eran 20.1 millones.<\/p>\n\n\n\n<p class=\"wp-block-paragraph\">Lo anterior significa que la proporci\u00f3n de poblaci\u00f3n sin acceso a este servicio pas\u00f3 de 16.2 a 39.1 por ciento.<\/p>\n\n\n\n<figure class=\"wp-block-image size-full\"><a href=\"https:\/\/redsemlac.com\/semmexico\/wp-content\/uploads\/2023\/08\/informe-coneval-03.png\"><img loading=\"lazy\" decoding=\"async\" width=\"480\" height=\"480\" src=\"https:\/\/redsemlac.com\/semmexico\/wp-content\/uploads\/2023\/08\/informe-coneval-03.png\" alt=\"\" class=\"wp-image-69958\"\/><\/a><\/figure>\n\n\n\n<p class=\"wp-block-paragraph\">Seguro Popular<\/p>\n\n\n\n<p class=\"wp-block-paragraph\">\u201cEn el a\u00f1o 2020, hubo una transformaci\u00f3n del sistema de salud que cancela un mecanismo que estaba vigente e introduce uno nuevo, sin que hubiera un periodo de transici\u00f3n intermedio. Tanto las condiciones de la pandemia como la forma en la cual se introdujo han hecho que este nuevo mecanismo no se concretara hasta el d\u00eda de hoy, cuando tiene una cobertura parcial en el pa\u00eds\u201d, declar\u00f3 en conferencia de prensa Rosario C\u00e1rdenas.<\/p>\n\n\n\n<p class=\"wp-block-paragraph\">A inicios de 2020, el gobierno del presidente Andr\u00e9s Manuel L\u00f3pez Obrador desapareci\u00f3 el Seguro Popular, luego de tres sexenios de funcionamiento, y lo reemplaz\u00f3 por el Instituto de Salud para el Bienestar (Insabi).<\/p>\n\n\n\n<p class=\"wp-block-paragraph\">Ello afect\u00f3 a las tres principales causas de muerte en mujeres mexicanas que fueron enfermedades del coraz\u00f3n, diabetes mellitus y tumores malignos (c\u00e1ncer). En el primer semestre del 2023 se registraron 190 mil 938 decesos de mujeres. Las muertes de mujeres en el primer semestre del 2022 representaron el 43.4% de las muertes totales, de acuerdo con cifras preliminares del Inegi (Instituto Nacional de Estad\u00edstica y Geograf\u00eda). Si se observa el cuadro, en todos los estados aument\u00f3 la pobreza extrema.<\/p>\n\n\n\n<figure class=\"wp-block-image size-full\"><a href=\"https:\/\/redsemlac.com\/semmexico\/wp-content\/uploads\/2023\/08\/informe-coneval-04.png\"><img loading=\"lazy\" decoding=\"async\" width=\"819\" height=\"1024\" src=\"https:\/\/redsemlac.com\/semmexico\/wp-content\/uploads\/2023\/08\/informe-coneval-04.png\" alt=\"\" class=\"wp-image-69959\"\/><\/a><\/figure>\n\n\n\n<p class=\"wp-block-paragraph\">C\u00e1rdenas dijo que dicha medida explica que haya aumentado la cifra de personas sin acceso a los servicios sanitarios. Reconoci\u00f3 que afect\u00f3 a mujeres con c\u00e1ncer.<\/p>\n\n\n\n<p class=\"wp-block-paragraph\">\u201cEs un elemento de gran preocupaci\u00f3n y lo que el reporte muestra al desplegar la carencia social es que la poblaci\u00f3n que ha podido mantener su derechohabiencia en el IMSSS o el ISSSTE complementa a aquella que en la declaraci\u00f3n se\u00f1ala que no identifica a d\u00f3nde acudir en los servicios de salud, esa es la raz\u00f3n por la que esa carencia se encuentra en la condici\u00f3n en la que se report\u00f3\u201d, agreg\u00f3 la investigadora.<\/p>\n\n\n\n<p class=\"wp-block-paragraph\">Para el secretario ejecutivo del Coneval, Jos\u00e9 Nabor Cruz, existen retos importantes en la carencia al servicio a la salud que es un elemento que se debe analizar a nivel gobierno federal en cuanto al incremento de la poblaci\u00f3n reportada en estos a\u00f1os.<\/p>\n\n\n\n<p class=\"wp-block-paragraph\"><strong>Pobreza monetaria disminuye<\/strong><\/p>\n\n\n\n<p class=\"wp-block-paragraph\">Mientras que las personas sin acceso a servicios de salud se dispararon, la poblaci\u00f3n en situaci\u00f3n de pobreza monetaria en el pa\u00eds alcanz\u00f3 en 2022 su nivel m\u00e1s bajo desde que se tiene registro. De acuerdo con el informe del Coneval, el a\u00f1o pasado 36.3 por ciento de la poblaci\u00f3n del pa\u00eds, equivalente a 46.8 millones de personas, viv\u00eda con ingresos por debajo de la l\u00ednea del bienestar y con una carencia social.<\/p>\n\n\n\n<p class=\"wp-block-paragraph\">En 2018, previo al inicio de la presente administraci\u00f3n, la porci\u00f3n de poblaci\u00f3n en condici\u00f3n de pobreza en el pa\u00eds era de 41.9 por ciento, equivalente a 51.9 millones de personas. Nabor Cruz consider\u00f3 varios factores detr\u00e1s de la disminuci\u00f3n de la pobreza en el pa\u00eds, entre ellos los apoyos sociales del gobierno, el aumento del salario m\u00ednimo y el incremento en el empleo tras el impacto de la pandemia.<\/p>\n\n\n\n<p class=\"wp-block-paragraph\">\u201cPara el tercer trimestre de 2022 ten\u00edamos 58 millones de personas ocupadas, entonces tuvimos una tendencia de recuperaci\u00f3n de empleo, m\u00e1s acotada al sector informal, pero en esos dos a\u00f1os se recuperaron de alrededor de ocho millones de plazas en nuestro mercado laboral\u201d, refiri\u00f3.<\/p>\n\n\n\n<p class=\"wp-block-paragraph\">El funcionario a\u00f1adi\u00f3 que los aumentos al salario m\u00ednimo tambi\u00e9n fueron un factor en la reducci\u00f3n de la pobreza. Pese a ello, la pobreza extrema aument\u00f3 de 8.7 a 9.1 millones de personas entre 2018 y el a\u00f1o pasado, equivalentes a siete y 7.1 por ciento de la poblaci\u00f3n, respectivamente.<\/p>\n\n\n\n<p class=\"wp-block-paragraph\">Cruz explic\u00f3 que esta situaci\u00f3n se debe al incremento en dos carencias, principalmente la del acceso a servicios de salud y tambi\u00e9n al rezago educativo. Las entidades con el mayor porcentaje de la poblaci\u00f3n en situaci\u00f3n de pobreza fueron Chiapas con 67.4 por ciento, Guerrero y Oaxaca con 60.4 y 58.4 por ciento, respectivamente.<\/p>\n\n\n\n<p class=\"wp-block-paragraph\">As\u00ed tambi\u00e9n, en tanto que el monto total de las transferencias monetarias provenientes de los programas sociales tuvo un aumento mayor en los hombres que en las mujeres, y ante la brecha hist\u00f3rica de g\u00e9nero en cuanto a ingresos, es imperioso reforzar la perspectiva de g\u00e9nero en las estrategias gubernamentales, a\u00fan m\u00e1s en contextos como el de la pandemia de COVID-19.<\/p>\n\n\n\n<p class=\"wp-block-paragraph\">Si bien, el monto total de transferencias para las mujeres es el doble respecto de los hombres, los incrementos para 2020 en ellos fueron del 38% en pobreza, y 33% en ausencia de \u00e9sta; y para ellas fue del 6% en situaci\u00f3n de pobreza, y del 10% fuera de \u00e9sta.<\/p>\n\n\n\n<p class=\"wp-block-paragraph\">&nbsp;&nbsp; Mientras que la medici\u00f3n de la l\u00ednea de pobreza por ingresos se basa solo en el indicador econ\u00f3mico y el valor de la canasta alimentaria y no alimentaria, la medici\u00f3n general del Coneval es multidimensional y contempla tambi\u00e9n el acceso a servicios sociales, alimentos y otros recursos no monetarios.<\/p>\n\n\n\n<p class=\"wp-block-paragraph\"><strong>Adultas mayores<\/strong><\/p>\n\n\n\n<p class=\"wp-block-paragraph\">Otros de los factores fueron el incremento al salario m\u00ednimo y los recursos de los programas sociales.<\/p>\n\n\n\n<p class=\"wp-block-paragraph\">\u201cHay un mayor acceso a la alimentaci\u00f3n y un mayor porcentaje de la poblaci\u00f3n de 65 a\u00f1os o m\u00e1s con acceso a la seguridad social, pero hay al mismo tiempo retos persistentes en la poblaci\u00f3n en pobreza extrema. Una mayor proporci\u00f3n de personas sin acceso a servicios de salud, y un alto porcentaje de ocupados sin acceso a la seguridad social sin prestaci\u00f3n laboral\u201d, agreg\u00f3 Nabor Cruz.<\/p>\n\n\n\n<p class=\"wp-block-paragraph\">Mientras que, en 2018, alrededor del 16.2% de la poblaci\u00f3n no contaba con este servicio, para 2022 la cifra se elev\u00f3 hasta 39.1% de los mexicanos, es decir, actualmente 50.4 millones de personas no tienen acceso a la salud.<\/p>\n\n\n\n<p class=\"wp-block-paragraph\">\u201cUn repunte dram\u00e1tico del n\u00famero de personas que reporta carencia por servicios de salud. Lo que da cuenta de la magnitud de la deuda social del Estado mexicano\u201d, consider\u00f3 la doctora Claudia Maldonado, integrante del Coneval.<\/p>\n\n\n\n<p class=\"wp-block-paragraph\">Asimismo, entre 2018 y 2022 un total de 1.6 millones de personas se contabilizaron en rezago educativo; al pasar de 23.5 millones de personas en 2018, a 25.1 millones en 2022.<\/p>\n\n\n\n<p class=\"wp-block-paragraph\">Los estados de Chiapas, Guerrero y Oaxaca reportaron los mayores porcentajes de personas con pobreza multidimensional. Mientras que Nuevo Le\u00f3n, Baja California y Baja California Sur, cuentan con los menores porcentajes.<\/p>\n\n\n\n<p class=\"wp-block-paragraph\">Las dos entidades que tuvieron la mayor reducci\u00f3n de pobreza de 2020 a 2022, fueron Quintana Roo y Baja California Sur.<\/p>\n\n\n\n<p class=\"wp-block-paragraph\">Un an\u00e1lisis fino plantea que lo informado por el Coneval, hay 5 millones de personas menos de situaci\u00f3n en pobreza, por el aumento al salario m\u00ednimo y el dinero de los programas sociales han demostrado su efectividad.<\/p>\n\n\n\n<p class=\"wp-block-paragraph\">Otros tres datos del estudio del Coneval, \u201ctres fracasos preocupantes\u201d. El primero y m\u00e1s grave, es el de la salud, pues en el estudio se dio a conocer que 30 millones de mexicanas y mexicanos se quedaron sin acceso a este servicio.<\/p>\n\n\n\n<p class=\"wp-block-paragraph\">Adem\u00e1s, en este sexenio, no ha habido peor pol\u00edtica p\u00fablica que la salud. \u201cNo ha habido berrinche m\u00e1s catastr\u00f3fico que dejar de comprar medicinas a las farmac\u00e9uticas sin tener plan de suministro, porque eso gener\u00f3 el peor desabasto del que se tenga registro\u201d, se lee en cometarios period\u00edsticos.<\/p>\n\n\n\n<p class=\"wp-block-paragraph\">El segundo fracaso es el aumento de la pobreza extrema, tambi\u00e9n se\u00f1alado por el Coneval. Y es que, explica, las personas que no tienen ingresos ni para alimentarse, aumentaron en 400 mil.<\/p>\n\n\n\n<p class=\"wp-block-paragraph\">El tercer fracaso que menciona, de este sexenio, es en torno a la educaci\u00f3n. Y es que mill\u00f3n y medio de personas se han quedado sin servicios educativos este sexenio, lo que carga de m\u00e1s trabajo a las mujeres en su condici\u00f3n de \u201ccuidadoras\u201d.<\/p>\n\n\n\n<p class=\"wp-block-paragraph\">*Con informaci\u00f3n oficial de Coneval, C\u00f3mo Vamos y la Secretar\u00eda de Salud<\/p>\n","protected":false},"excerpt":{"rendered":"<p>Hoy m\u00e1s de 24 millones de mujeres viven en pobreza, situaci\u00f3n agudizada porque son 25 millones las que carecen de servicios de salud, seg\u00fan el reporte del jueves pasado del Consejo Nacional de Evaluaci\u00f3n de la Pol\u00edtica de Desarrollo Social (Coneval).<\/p>\n","protected":false},"author":3,"featured_media":69956,"comment_status":"open","ping_status":"open","sticky":false,"template":"","format":"standard","meta":{"_monsterinsights_skip_tracking":false,"footnotes":""},"categories":[63],"tags":[],"class_list":["post-69955","post","type-post","status-publish","format-standard","has-post-thumbnail","category-reportajes"],"_links":{"self":[{"href":"https:\/\/redsemlac.com\/semmexico\/wp-json\/wp\/v2\/posts\/69955","targetHints":{"allow":["GET"]}}],"collection":[{"href":"https:\/\/redsemlac.com\/semmexico\/wp-json\/wp\/v2\/posts"}],"about":[{"href":"https:\/\/redsemlac.com\/semmexico\/wp-json\/wp\/v2\/types\/post"}],"author":[{"embeddable":true,"href":"https:\/\/redsemlac.com\/semmexico\/wp-json\/wp\/v2\/users\/3"}],"replies":[{"embeddable":true,"href":"https:\/\/redsemlac.com\/semmexico\/wp-json\/wp\/v2\/comments?post=69955"}],"version-history":[{"count":0,"href":"https:\/\/redsemlac.com\/semmexico\/wp-json\/wp\/v2\/posts\/69955\/revisions"}],"wp:featuredmedia":[{"embeddable":true,"href":"https:\/\/redsemlac.com\/semmexico\/wp-json\/wp\/v2\/media\/69956"}],"wp:attachment":[{"href":"https:\/\/redsemlac.com\/semmexico\/wp-json\/wp\/v2\/media?parent=69955"}],"wp:term":[{"taxonomy":"category","embeddable":true,"href":"https:\/\/redsemlac.com\/semmexico\/wp-json\/wp\/v2\/categories?post=69955"},{"taxonomy":"post_tag","embeddable":true,"href":"https:\/\/redsemlac.com\/semmexico\/wp-json\/wp\/v2\/tags?post=69955"}],"curies":[{"name":"wp","href":"https:\/\/api.w.org\/{rel}","templated":true}]}}