{"id":69943,"date":"2023-08-11T13:53:13","date_gmt":"2023-08-11T19:53:13","guid":{"rendered":"https:\/\/redsemlac.com\/semmexico\/?p=69943"},"modified":"2023-08-11T13:53:15","modified_gmt":"2023-08-11T19:53:15","slug":"el-desafio-de-comunicar-salud-con-enfoque-de-genero","status":"publish","type":"post","link":"https:\/\/redsemlac.com\/semmexico\/el-desafio-de-comunicar-salud-con-enfoque-de-genero\/","title":{"rendered":"El desaf\u00edo de comunicar salud con enfoque de g\u00e9nero"},"content":{"rendered":"\n<ul class=\"wp-block-list\">\n<li><strong>Ellas viven m\u00e1s pero con peor salud<\/strong><strong><\/strong><\/li>\n<\/ul>\n\n\n\n<p class=\"wp-block-paragraph\"><strong>Lisandra Fari\u00f1as \/ <\/strong><strong>Foto: Semlac Cuba<\/strong><\/p>\n\n\n\n<p class=\"wp-block-paragraph\">SemM\u00e9xico\/SemCuba, La Habana, 11 de agosto, 2023.- Reducido a menudo a una cobertura enfocada, \u00fanicamente, en enfermedades y tratamientos, al periodismo de salud se le ha achacado con frecuencia una perspectiva biologicista, que deja de lado otros aspectos importantes, como los factores ambientales, sociales, culturales y psicol\u00f3gicos que influyen en la salud de las personas.<\/p>\n\n\n\n<p class=\"wp-block-paragraph\">Si el periodismo se sustenta en esa concepci\u00f3n de la salud s\u00f3lo como la \u201cno enfermedad\u201d, puede resultar limitado. Dejar\u00eda fuera del an\u00e1lisis temas como la prevenci\u00f3n, promoci\u00f3n y educaci\u00f3n para una vida sana y no considerar\u00eda la complejidad de otros factores, como los determinantes sociales, las llamadas \u201ccausas de las causas\u201d responsables de las desigualdades que, en este \u00e1mbito, existen entre distintos grupos de poblaci\u00f3n.<\/p>\n\n\n\n<p class=\"wp-block-paragraph\">Entre estos determinantes se ubica el g\u00e9nero, el cual se refiere a las caracter\u00edsticas sociales y culturales que se asocian con ser hombre o mujer, y que influyen en la forma en que las personas experimentan la salud y la enfermedad. Vale apuntar que las diferencias de g\u00e9nero se manifiestan de forma distinta en funci\u00f3n de la edad y las condiciones de vida de las personas.<\/p>\n\n\n\n<p class=\"wp-block-paragraph\">\u201cEl g\u00e9nero es un determinante estructural clave: establece la existencia de oportunidades diferentes para ni\u00f1as y ni\u00f1os, mujeres y hombres, de gozar de una salud \u00f3ptima y desempe\u00f1a una funci\u00f3n decisiva, tanto en la manera en que ellas y ellos contribuyen al desarrollo sanitario, como tambi\u00e9n en la que reciben sus beneficios\u201d, apunta la periodista Laura F. Belli en su art\u00edculo \u201cLa importancia de la perspectiva de g\u00e9nero en salud\u201d, publicado en la revista digital Ecofeminista.<\/p>\n\n\n\n<p class=\"wp-block-paragraph\">Por ejemplo, las normas culturales y sociales pueden influir en la manera en que los hombres y las mujeres perciben el dolor, buscan atenci\u00f3n m\u00e9dica o se ven afectados por enfermedades espec\u00edficas.<\/p>\n\n\n\n<p class=\"wp-block-paragraph\">Existe suficiente evidencia cient\u00edfica de que las desigualdades de g\u00e9nero pueden tener un impacto significativo en la salud de las mujeres, como ocurre con la violencia de g\u00e9nero, la discriminaci\u00f3n en el acceso a la atenci\u00f3n m\u00e9dica y la falta de acceso a informaci\u00f3n y servicios de salud sexual y reproductiva, por solo citar algunos ejemplos.<\/p>\n\n\n\n<h2 class=\"wp-block-heading\"><strong>La paradoja del g\u00e9nero: ellas viven m\u00e1s, pero con peor salud<\/strong><\/h2>\n\n\n\n<p class=\"wp-block-paragraph\"><a href=\"https:\/\/www.redsemlac-cuba.net\/redsemlac\/especiales\/monografia\/ellas-viven-mas-pero-no-siempre-mejor\/\">Aunque las mujeres viven m\u00e1s tiempo que los hombres en promedio experimentan una carga desproporcionada de enfermedades y discapacidades<\/a>&nbsp;a lo largo de su vida. Este comportamiento, documentado desde la pasada d\u00e9cada del setenta, recibi\u00f3 el nombre de \u201cla paradoja del g\u00e9nero en salud\u201d.<\/p>\n\n\n\n<p class=\"wp-block-paragraph\">A partir de la revisi\u00f3n de estudios que comparan la salud y la mortalidad entre hombres y mujeres, se ha encontrado que hay una diferencia en la expectativa de vida, siendo mayor en mujeres que en hombres a nivel mundial (alrededor de 73 a\u00f1os para las primeras y cerca de 69 a\u00f1os para los segundos).<\/p>\n\n\n\n<p class=\"wp-block-paragraph\">\u201cSin embargo,&nbsp;<a href=\"https:\/\/www.redsemlac-cuba.net\/redsemlac\/salud\/mujeres-los-dilemas-de-vivir-mas\/\"><strong>si bien las mujeres viven m\u00e1s<\/strong><\/a>, sufren de peor salud. No se puede explicar esta diferencia apelando a un solo motivo: se debe a factores multicausales en relaci\u00f3n con diferencias en riegos relacionados con estilos de vida, riesgos biol\u00f3gicos, conductas de salud y enfermedad, diferencias en la utilizaci\u00f3n de los servicios de salud, etc.,\u201d, puntualiza Belli en su texto.<\/p>\n\n\n\n<p class=\"wp-block-paragraph\">Esta paradoja es perfectamente visible en Cuba, donde de acuerdo con la Oficina Nacional de Estad\u00edsticas e Informaci\u00f3n (Onei), la esperanza de vida se ubic\u00f3 en el periodo 2018-2020 en los 77.70 a\u00f1os: en las mujeres 80.15 a\u00f1os y en los hombres de 75.33 a\u00f1os, indicador que en 2014-2016 se situaba en 75.9 para ellos y 80.3 para ellas.<\/p>\n\n\n\n<p class=\"wp-block-paragraph\">Pero, si bien las cubanas viven mayor n\u00famero de a\u00f1os, los estudios revelan que est\u00e1n en desventaja por riesgo de mortalidad respecto a otras poblaciones femeninas del mundo \u2014de naciones con indicadores de salud y de esperanza de vida similares al de la naci\u00f3n caribe\u00f1a\u2014 en al menos dos a\u00f1os, un comportamiento que los expertos denominan como \u201ca\u00f1os de vida perdidos\u201d.<\/p>\n\n\n\n<p class=\"wp-block-paragraph\">El profesor titular en Ciencias Econ\u00f3micas Juan Carlos Albizu-Campos se\u00f1ala, en su art\u00edculo \u201cLa esperanza de vida en Cuba hoy\u201d, publicado en 2018 en la revista Novedades en Poblaci\u00f3n, que ese diferencial se hace m\u00e1s peque\u00f1o cuando se combina con la variable color de la piel.<\/p>\n\n\n\n<p class=\"wp-block-paragraph\">\u201cCabe remarcar que el g\u00e9nero es uno m\u00e1s de todos los determinantes en salud, aunque estructuralmente sea uno de los m\u00e1s importantes. Por ello cuando se realizan an\u00e1lisis dentro de los diferentes grupos, se observan tambi\u00e9n diferencias entre todas las mujeres con respecto a raza, etnia, edad, nivel socioecon\u00f3mico, educaci\u00f3n, lugar donde habitan, orientaci\u00f3n sexual y m\u00e1s\u201d, reflexiona en su art\u00edculo Belli.<\/p>\n\n\n\n<p class=\"wp-block-paragraph\">Pero \u00bfpor qu\u00e9 tanta insistencia en la mujer al abordar los temas relativos al g\u00e9nero en el \u00e1mbito de la salud?, pregunta la Organizaci\u00f3n Mundial de la Salud (OMS) en su manual G\u00e9nero y Salud: Una gu\u00eda pr\u00e1ctica para la incorporaci\u00f3n de la perspectiva de g\u00e9nero en salud.<\/p>\n\n\n\n<p class=\"wp-block-paragraph\">Sostiene el documento que las desigualdades de g\u00e9nero crean una carga desproporcionada para las mujeres en la mayor\u00eda de las sociedades, debido a su situaci\u00f3n socioecon\u00f3mica inferior, la discriminaci\u00f3n relacionada con el g\u00e9nero, as\u00ed como sus responsabilidades reproductivas. \u201cEn muchas investigaciones de salud se ha usado a los hombres como la norma para determinar la causa y las manifestaciones de las enfermedades o en los estudios cl\u00ednicos de medicamentos. La salud de la mujer a menudo ha sido sin\u00f3nimo de salud reproductiva y se han pasado por alto en gran parte las situaciones de salud que no corresponden a la reproducci\u00f3n (<a href=\"https:\/\/www.redsemlac-cuba.net\/redsemlac\/salud\/mirar-las-enfermedades-cronicas-con-espejuelos-de-genero\/\"><strong>enfermedades cr\u00f3nicas<\/strong><\/a>)\u201d, destaca la OMS.<\/p>\n\n\n\n<p class=\"wp-block-paragraph\">Un ejemplo concreto en el contexto nacional lo podemos hallar en la diabetes. Un texto period\u00edstico sobre esta enfermedad en el pa\u00eds no deber\u00eda dejar de lado que, si bien afecta tanto a hombres como a mujeres, en Cuba la tasa de mortalidad por diabetes es mayor en mujeres que en hombres. Por lo tanto, al hablar de esta enfermedad cr\u00f3nica, es fundamental que los medios de comunicaci\u00f3n mencionen esta desigualdad de g\u00e9nero y c\u00f3mo afecta a las mujeres.<\/p>\n\n\n\n<p class=\"wp-block-paragraph\">No es el \u00fanico ejemplo. M\u00e1s all\u00e1 de estad\u00edsticas, el modo en que se percibe la necesidad de atenci\u00f3n m\u00e9dica ante otros, como los cardiovasculares, var\u00eda seg\u00fan el g\u00e9nero, aun cuando los individuos tengan la misma prevalencia de factores de riesgo coronario.<\/p>\n\n\n\n<p class=\"wp-block-paragraph\">Literatura especializada sostiene que una importante limitaci\u00f3n a la hora de identificar el riesgo cardiovascular real asociado en las mujeres es el hecho de que la mayor parte de los datos que han sustentado la evidencia para la elaboraci\u00f3n, tanto de las gu\u00edas de prevenci\u00f3n de los pacientes con enfermedades cardiovasculares, como las diferentes tablas de estratificaci\u00f3n de riesgo cardiovascular, se han extrapolado de estudios realizados con una poblaci\u00f3n mayoritariamente masculina.<\/p>\n\n\n\n<p class=\"wp-block-paragraph\">De acuerdo con Belli, \u201ca pesar de que hay un reconocimiento de los organismos internacionales de la importancia de incluir la perspectiva de g\u00e9nero en las investigaciones en salud, gran parte de los datos estad\u00edsticos sobre salud a\u00fan no est\u00e1n desagregados por sexo.<\/p>\n\n\n\n<p class=\"wp-block-paragraph\">\u201cSumado a esto, la ausencia frecuente de mujeres en los ensayos cl\u00ednicos no permite la correcta generalizaci\u00f3n de sus resultados a toda la poblaci\u00f3n, con consecuencias negativas para la salud de quienes quedan excluidas: entre 1997 y 2000, el 80 por ciento de los medicamentos que fueron retirados del mercado en los Estados Unidos fue por causa de los efectos secundarios que su uso tuvo en las mujeres. Y las investigaciones mostraron que, en la gran mayor\u00eda de los ensayos cl\u00ednicos para probar su seguridad y eficacia, no se hab\u00eda incluido a mujeres\u201d, ejemplifica la periodista en su art\u00edculo.<\/p>\n\n\n\n<p class=\"wp-block-paragraph\">Del otro lado de la moneda, a la hora de comunicar los asuntos de salud ser\u00eda incoherente ignorar que<a href=\"https:\/\/www.redsemlac-cuba.net\/redsemlac\/salud\/salud-masculina-entre-mitos-y-desconocimiento\/\"><strong>&nbsp;las actitudes masculinas estereotipadas<\/strong><\/a>&nbsp;\u2013como la agresi\u00f3n, correr riesgos y el consumo excesivo de alcohol\u2013, est\u00e1n asociadas a la cirrosis, VIH\/sida, c\u00e1ncer de pulm\u00f3n y una mortalidad excesiva por causas violentas.<\/p>\n\n\n\n<p class=\"wp-block-paragraph\">\u201cEl requisito de ser estoicos (es decir, tener la disciplina y la voluntad para autorregularse) suele impedir que los hombres tomen medidas para cuidar de su salud\u201d, sostiene la OMS.<\/p>\n\n\n\n<p class=\"wp-block-paragraph\">Considerar la perspectiva de g\u00e9nero en la atenci\u00f3n m\u00e9dica y en la cobertura period\u00edstica de temas de salud es el modo de garantizar que las necesidades y experiencias de hombres y mujeres sean tomadas en cuenta y se aborden de manera efectiva las desigualdades de g\u00e9nero en el \u00e1mbito de la salud.<\/p>\n\n\n\n<p class=\"wp-block-paragraph\">De igual modo, una buena pr\u00e1ctica indispensable deber\u00e1 identificar y denunciar esas desigualdades, evitar el uso de estereotipos o prejuicios de g\u00e9nero en la cobertura de estos temas y utilizar un lenguaje inclusivo y no sexista, que respete la diversidad de g\u00e9nero, es de igual modo una buena pr\u00e1ctica indispensable.<\/p>\n","protected":false},"excerpt":{"rendered":"<p>Ellas viven m\u00e1s pero con peor salud<\/p>\n","protected":false},"author":3,"featured_media":69945,"comment_status":"open","ping_status":"open","sticky":false,"template":"","format":"standard","meta":{"_monsterinsights_skip_tracking":false,"footnotes":""},"categories":[53],"tags":[],"class_list":["post-69943","post","type-post","status-publish","format-standard","has-post-thumbnail","category-internacional"],"_links":{"self":[{"href":"https:\/\/redsemlac.com\/semmexico\/wp-json\/wp\/v2\/posts\/69943","targetHints":{"allow":["GET"]}}],"collection":[{"href":"https:\/\/redsemlac.com\/semmexico\/wp-json\/wp\/v2\/posts"}],"about":[{"href":"https:\/\/redsemlac.com\/semmexico\/wp-json\/wp\/v2\/types\/post"}],"author":[{"embeddable":true,"href":"https:\/\/redsemlac.com\/semmexico\/wp-json\/wp\/v2\/users\/3"}],"replies":[{"embeddable":true,"href":"https:\/\/redsemlac.com\/semmexico\/wp-json\/wp\/v2\/comments?post=69943"}],"version-history":[{"count":0,"href":"https:\/\/redsemlac.com\/semmexico\/wp-json\/wp\/v2\/posts\/69943\/revisions"}],"wp:featuredmedia":[{"embeddable":true,"href":"https:\/\/redsemlac.com\/semmexico\/wp-json\/wp\/v2\/media\/69945"}],"wp:attachment":[{"href":"https:\/\/redsemlac.com\/semmexico\/wp-json\/wp\/v2\/media?parent=69943"}],"wp:term":[{"taxonomy":"category","embeddable":true,"href":"https:\/\/redsemlac.com\/semmexico\/wp-json\/wp\/v2\/categories?post=69943"},{"taxonomy":"post_tag","embeddable":true,"href":"https:\/\/redsemlac.com\/semmexico\/wp-json\/wp\/v2\/tags?post=69943"}],"curies":[{"name":"wp","href":"https:\/\/api.w.org\/{rel}","templated":true}]}}