{"id":69926,"date":"2023-08-11T11:04:40","date_gmt":"2023-08-11T17:04:40","guid":{"rendered":"https:\/\/redsemlac.com\/semmexico\/?p=69926"},"modified":"2023-08-11T11:04:42","modified_gmt":"2023-08-11T17:04:42","slug":"mujeres-del-consejo-nacional-indigena-tomamos-como-responsabilidad-asegurar-un-manana-para-las-futuras-generaciones","status":"publish","type":"post","link":"https:\/\/redsemlac.com\/semmexico\/mujeres-del-consejo-nacional-indigena-tomamos-como-responsabilidad-asegurar-un-manana-para-las-futuras-generaciones\/","title":{"rendered":"Mujeres del Consejo Nacional Ind\u00edgena: \u00abTomamos como responsabilidad asegurar un ma\u00f1ana para las futuras generaciones\u201d"},"content":{"rendered":"\n<p class=\"wp-block-paragraph\">Patricia Brise\u00f1o<\/p>\n\n\n\n<p class=\"wp-block-paragraph\">SemM\u00e9xico, Oaxaca, Oax., 11 de agosto, 2023.- \u201cNos nombramos esperanza porque tomamos como responsabilidad asegurar un ma\u00f1ana para las futuras generaciones\u201d, coincidieron unas 200 ind\u00edgenas, mestizas y afromexicanas del campo y de la ciudad en la clausura de los trabajos del Primer Encuentro Interno de Mujeres del Congreso Nacional Ind\u00edgena (CNI), celebrado en Ciudad de M\u00e9xico.<\/p>\n\n\n\n<p class=\"wp-block-paragraph\">Durante dos d\u00edas, delegadas y concejalas del Consejo Ind\u00edgena de Gobierno (CIG) y CNI, infancias y varones solidarios se reunieron para denunciar los atropellos contra sus derechos como mujeres ind\u00edgenas y sus territorios, amenazados por megaproyectos como el Tren Maya, el Corredor Interoce\u00e1nico del Istmo de Tehuantepec y el Proyecto Integral Morelos, as\u00ed como por la militarizaci\u00f3n, la violencia patriarcal, el racismo y la marginaci\u00f3n.<\/p>\n\n\n\n<p class=\"wp-block-paragraph\">\u201cA las defensoras de la madre naturaleza y de los derechos de nuestros pueblos que nos enfrentamos a estos megaproyectos, nos criminalizan, nos hostigan, nos desprestigian, nos calumnian, nos encarcelan, nos torturan, nos asesinan\u201d, coincidieron.<\/p>\n\n\n\n<p class=\"wp-block-paragraph\">Con ello perdemos la paz \u2013advirtieron&#8211; aumenta la violencia contra nosotras, contra nuestras hijas y nuestros hijos, contra las personas de la diversidad sexual y contra nuestros compa\u00f1eros; \u201cnos convierten en objeto sexual, nos faltan al respeto, nos secuestran, nos venden, nos violan, nos golpean, nos matan\u201d.<\/p>\n\n\n\n<p class=\"wp-block-paragraph\">Reunidas en la \u201cCasa de los Pueblos y comunidades ind\u00edgenas Samir Flores Soberanes\u201d, acudieron mujeres procedentes de los estados de Baja California, Campeche, Ciudad de M\u00e9xico, Chiapas, Chihuahua, Colima, Estado de M\u00e9xico, Guerrero, Jalisco, Michoac\u00e1n, Morelos, Nayarit, Oaxaca, Puebla, Quer\u00e9taro, Quintana Roo, Sonora, Tlaxcala, Veracruz y Yucat\u00e1n.<\/p>\n\n\n\n<p class=\"wp-block-paragraph\">Las mujeres originarias de comunidades afromestizas, afroamexicanas, binni zaa, chol, chontal, coca, kora, guarij\u00edo, kumiai, maya, mazahua, mazateca, mepha, mestizo, nu savi, nahua, nayer\u00ed, nuntajiyi, \u00f1ha\u00f1hu, odame, otomi, pur\u00e9pecha, rar\u00e1muri, tojolabal, totonaco, tzotzil, tzeltal, wix\u00e1rika, yaqui y yoreme, tejieron una red comprometida con la lucha antipatriarcal.<\/p>\n\n\n\n<p class=\"wp-block-paragraph\">\u201cSomos las mujeres que luchamos que nos organizamos, que aprendemos a decir no al maltrato, no al silencio, no a la guerra\u201d, asentaron.<\/p>\n\n\n\n<p class=\"wp-block-paragraph\">En el encuentro se conmemoraron los 30 a\u00f1os de que las mujeres zapatistas lograron la aprobaci\u00f3n de su Ley Revolucionaria, que les ha permitido llevar a la pr\u00e1ctica cotidiana un mundo libre de machismo y de violencia, y en la autonom\u00eda, \u201cparticipar en la construcci\u00f3n de una vida digna\u201d.<\/p>\n\n\n\n<p class=\"wp-block-paragraph\">Finalmente, convocaron a seguir consolidando redes y puentes entre ellas, y con los pueblos de todo el mundo, \u201cque resistimos en contra de este sistema de muerte, porque esta lucha es por la vida\u201d.<\/p>\n","protected":false},"excerpt":{"rendered":"<p>En el encuentro se conmemoraron los 30 a\u00f1os de que las mujeres zapatistas lograron la aprobaci\u00f3n de su Ley Revolucionaria<\/p>\n","protected":false},"author":3,"featured_media":69927,"comment_status":"open","ping_status":"open","sticky":false,"template":"","format":"standard","meta":{"_monsterinsights_skip_tracking":false,"footnotes":""},"categories":[700],"tags":[146],"class_list":["post-69926","post","type-post","status-publish","format-standard","has-post-thumbnail","category-estados","tag-oaxaca"],"_links":{"self":[{"href":"https:\/\/redsemlac.com\/semmexico\/wp-json\/wp\/v2\/posts\/69926","targetHints":{"allow":["GET"]}}],"collection":[{"href":"https:\/\/redsemlac.com\/semmexico\/wp-json\/wp\/v2\/posts"}],"about":[{"href":"https:\/\/redsemlac.com\/semmexico\/wp-json\/wp\/v2\/types\/post"}],"author":[{"embeddable":true,"href":"https:\/\/redsemlac.com\/semmexico\/wp-json\/wp\/v2\/users\/3"}],"replies":[{"embeddable":true,"href":"https:\/\/redsemlac.com\/semmexico\/wp-json\/wp\/v2\/comments?post=69926"}],"version-history":[{"count":0,"href":"https:\/\/redsemlac.com\/semmexico\/wp-json\/wp\/v2\/posts\/69926\/revisions"}],"wp:featuredmedia":[{"embeddable":true,"href":"https:\/\/redsemlac.com\/semmexico\/wp-json\/wp\/v2\/media\/69927"}],"wp:attachment":[{"href":"https:\/\/redsemlac.com\/semmexico\/wp-json\/wp\/v2\/media?parent=69926"}],"wp:term":[{"taxonomy":"category","embeddable":true,"href":"https:\/\/redsemlac.com\/semmexico\/wp-json\/wp\/v2\/categories?post=69926"},{"taxonomy":"post_tag","embeddable":true,"href":"https:\/\/redsemlac.com\/semmexico\/wp-json\/wp\/v2\/tags?post=69926"}],"curies":[{"name":"wp","href":"https:\/\/api.w.org\/{rel}","templated":true}]}}