{"id":6991,"date":"2018-10-25T20:47:42","date_gmt":"2018-10-25T20:47:42","guid":{"rendered":"https:\/\/redsemlac.com\/semmexico\/?p=6991"},"modified":"2023-07-21T14:34:17","modified_gmt":"2023-07-21T19:34:17","slug":"entresemana-23","status":"publish","type":"post","link":"https:\/\/redsemlac.com\/semmexico\/entresemana-23\/","title":{"rendered":"Entresemana"},"content":{"rendered":"\n<p class=\"wp-block-paragraph\">Qu\u00e9 haga lo que quiera, me canso ganso\u2026<\/p>\n\n\n\n<h5 class=\"wp-block-heading\"> \u2022 Esa peregrina idea de echar al bote de la basura m\u00e1s de 100 MMDP<\/h5>\n\n\n\n<p class=\"wp-block-paragraph\"><a href=\"https:\/\/semmexico.com\/gallery-post.php?id=6209#\">Mois\u00e9s S\u00e1nchez<\/a><\/p>\n\n\n\n<p class=\"wp-block-paragraph\">SemM\u00e9xico, 25 octubre 2018.- M\u00e1s all\u00e1 de filias y fobias, porque finalmente no todo puede ser miel sobre hojuelas en esto de las simpat\u00edas pol\u00edticas y partidistas &#8211;una opini\u00f3n lleva a cualquiera de los dos escenarios, verdad de Perogrullo&#8211;, el debate en torno al sitio en el que debe construirse o terminar de construirse el Nuevo Aeropuerto Internacional de M\u00e9xico, es hueco, desgastante y enfatiza en esa polarizaci\u00f3n social prohijada por el voluntarismo de Andr\u00e9s Manuel L\u00f3pez Obrador.<\/p>\n\n\n\n<p class=\"wp-block-paragraph\">Porque, salvo la mejor opini\u00f3n de mis seis lectores, tanto el Presidente electo como su propuesto secretario de Comunicaciones y Transportes, Javier Jim\u00e9nez Espri\u00fa, con guion del ingeniero Jos\u00e9 Mar\u00eda Riob\u00f3o, han incurrido en una salvaje falta de respeto al sentido com\u00fan de ciudadanos que han osado manifestar discrepancia con esa peregrina idea de echar al bote de la basura m\u00e1s de cien mil millones de pesos, que implica el costo erogado en la construcci\u00f3n del NAIM en Texcoco, donde no hay lago, y las indemnizaciones que habr\u00edan de pagarse a las empresas que intervienen en la obra.<\/p>\n\n\n\n<p class=\"wp-block-paragraph\">La oferta de suspender esa obra, considerada como estrella de la administraci\u00f3n de Enrique Pe\u00f1a Nieto, la hizo Andr\u00e9s Manuel en campa\u00f1a y son\u00f3 m\u00e1s como revancha condimentada con la idea de quedar bien y tomar la bandera de los macheteros de Atenco, que una decisi\u00f3n fundamentada en argumentos t\u00e9cnicos y financieros.<\/p>\n\n\n\n<p class=\"wp-block-paragraph\">Mi colega Marco Levario Turcot reflexiona en torno de lo que obras de esa naturaleza han contenido a lo largo de la historia nacional: corrupci\u00f3n. Corrupci\u00f3n que entra\u00f1a todo, desde inflar costos, encarecer materiales, pasar por encima de la transparencia, es decir, mantener en la opacidad el gasto real hasta que \u00e9ste sea factor de esc\u00e1ndalo, pero justo cuando el da\u00f1o est\u00e1 hecho.<\/p>\n\n\n\n<p class=\"wp-block-paragraph\">Pero, la obra no puede ser cancelada sin reparar en los riesgos que ello acarrear\u00e1, aunque Ricardo Monreal diga a los capitanes del capital privado que esas son calenturas de quienes defienden al proyecto de Texcoco y que mejor deber\u00edan estar pensando en c\u00f3mo colaborar con el Presidente electo.<\/p>\n\n\n\n<p class=\"wp-block-paragraph\">A estas alturas, empero, cuando arranca la consulta o como quiera usted llamarle a esta mec\u00e1nica en la que un reducido n\u00famero de mexicanos opinar\u00e1 si es mel\u00f3n o es sand\u00eda, huelga referir que incluso ayer el ingeniero Jim\u00e9nez Espri\u00fa volvi\u00f3 a enga\u00f1ar con la verdad, es decir, inform\u00f3 de una nueva opini\u00f3n supuestamente favorable al proyecto Santa Luc\u00eda, aunque no aludi\u00f3 a los p\u00e1rrafos que le restan seriedad porque refiere que se sustenta en informes del ingeniero Riob\u00f3o, incluso toma en consideraci\u00f3n su propuesta de las dos pistas en la terminal a\u00e9rea militar.<\/p>\n\n\n\n<p class=\"wp-block-paragraph\">Es posible que, al corto plazo, no se d\u00e9 el escenario de cat\u00e1strofe econ\u00f3mica y de los capitales golondrinos, no obstante, los vaivenes a la baja del peso frente al d\u00f3lar, y que los due\u00f1os del dinero decidan entrarle al reto y esperar que el licenciado L\u00f3pez Obrador cumpla y reintegre los dineros gastados.<\/p>\n\n\n\n<p class=\"wp-block-paragraph\">Pero, no cabe duda que \u00e9sta la del NAIM ha sido una discusi\u00f3n hueca, porque la decisi\u00f3n la tom\u00f3 el tabasque\u00f1o hace rato y el ingeniero Jim\u00e9nez Espri\u00fa ha asumido el papel del pati\u00f1o que no ha dado pie con bola y sus explicaciones han sido de suyo pueriles e insultantes, reitero, al sentido com\u00fan, cuando no su postura \u2013\u00e9sa vastamente difundida en redes\u2014en las que disfrazado de vaquero lleg\u00f3 a amenazar a la apoderada legal de una empresa que explota una mina de tepetate y tezontle.<\/p>\n\n\n\n<p class=\"wp-block-paragraph\">As\u00ed, mire usted, cuando al coordinador de la diputaci\u00f3n federal priista, Ren\u00e9 Ju\u00e1rez Cisneros, le pregunt\u00f3 Joaqu\u00edn L\u00f3pez-D\u00f3riga acerca de su voto: \u00bfSanta Luc\u00eda o Texcoco?, la respuesta fue sin recovecos: que lo cancele (L\u00f3pez Obrador), si eso quiere, que lo cancele. Fue, la del ex gobernador de Guerrero y ex dirigente nacional del PRI, muestra del hartazgo de esta discusi\u00f3n en la que, finalmente, el Presidente electo, dio luz y l\u00ednea de cu\u00e1l es la decisi\u00f3n, porque lo de la consulta es una broma de mal gusto, por decir lo menos.<\/p>\n\n\n\n<p class=\"wp-block-paragraph\">Y quienes apoyan, en postura que linda en el fundamentalismo recalcitrante, a la decisi\u00f3n prohijada abiertamente por L\u00f3pez Obrador, se alzan nuevamente en esta postura que instala a buenos y malos, en esa polarizaci\u00f3n social que a nade bueno puede llevar.<\/p>\n\n\n\n<p class=\"wp-block-paragraph\">Ayer, mi ex compa\u00f1ero ceceachero y militante de las huestes del SME, Juan Manuel Bastida, me envi\u00f3 la liga para ubicar casilla en la que se pueda votar, entre este jueves y el domingo pr\u00f3ximo, por cualquiera de las dos opciones. \u201cNo dejen de votar Saludos\u201d, recomend\u00f3.<\/p>\n\n\n\n<p class=\"wp-block-paragraph\">Y le respond\u00ed:<\/p>\n\n\n\n<p class=\"wp-block-paragraph\">\u201cCon todo el respeto que me merece la militancia morenista y los seguidores del licenciado L\u00f3pez Obrador, esa dizque consulta es una ofensa al sentido com\u00fan. Total, decidi\u00f3 cancelar la obra en Texcoco, que asuma la decisi\u00f3n con tama\u00f1os y se deje de barbaridades populistas de cuarta. Por eso no simpatizo con \u00e9l, lo conozco como conozco a muchos priistas, panistas y pol\u00edticos y gobernantes que debieran estar en prisi\u00f3n; pero la clase gobernante, incluido L\u00f3pez Obrador, son como el perro que se gasta el tiempo busc\u00e1ndose la cola\u201d.<\/p>\n\n\n\n<p class=\"wp-block-paragraph\">No, no voy a votar porque, m\u00e1s all\u00e1 de la comodidad que en lo particular me representa el NAIM en Texcoco, no puedo ser part\u00edcipe de una mascarada, una transa pol\u00edtica de quien engatusa a sus seguidores y anima a la atomizaci\u00f3n social.<\/p>\n\n\n\n<p class=\"wp-block-paragraph\">\u00bfQu\u00e9 hay m\u00e1s all\u00e1 de esa decisi\u00f3n, por encima de la ley, de cancelar una obra a la que el licenciado L\u00f3pez Obrador llama fara\u00f3nica? \u00bfMandan los macheteros que son pueblo? \u00a1Por favor!, Andr\u00e9s Manuel, gobernar a un pa\u00eds demanda seriedad, decisiones fundamentadas no reparto de culpas, no voluntarismos.<\/p>\n\n\n\n<p class=\"wp-block-paragraph\">Ayer, los diputados federales del PRD advirtieron que la consulta popular en 538 municipios seleccionados y que convoca el presidente electo, es ilegal porque no respeta los requisitos de la Ley Federal de Consulta Popular ni el art\u00edculo 35 de la Constituci\u00f3n. En suma, no es vinculante lo que concluya esa consulta. \u00bfPor qu\u00e9 insistir en la ilegalidad?<\/p>\n\n\n\n<p class=\"wp-block-paragraph\">Pero, vaya, \u00bfsi es en contrario y al final determina continuar con el proyecto de Texcoco? Bueno, dir\u00e1 entonces que el pueblo manda. Y de ah\u00ed para adelante. Me canso ganso. Digo.<\/p>\n\n\n\n<p class=\"wp-block-paragraph\"><a href=\"mailto:sanchezlimon@gmail.com\">sanchezlimon@gmail.com<\/a><\/p>\n\n\n\n<p class=\"wp-block-paragraph\"><a href=\"http:\/\/www.entresemana.mx\/\">www.entresemana.mx<\/a><\/p>\n\n\n\n<p class=\"wp-block-paragraph\"><strong>@msanchezlimon<\/strong><\/p>\n","protected":false},"excerpt":{"rendered":"<p>Qu\u00e9 haga lo que quiera, me canso ganso\u2026 \u2022 Esa peregrina idea de echar al bote de la basura m\u00e1s de 100 MMDP Mois\u00e9s S\u00e1nchez SemM\u00e9xico, 25 octubre 2018.- M\u00e1s all\u00e1 de filias y fobias, porque finalmente no todo puede ser miel sobre hojuelas en esto de las simpat\u00edas pol\u00edticas y partidistas &#8211;una opini\u00f3n lleva [&hellip;]<\/p>\n","protected":false},"author":3,"featured_media":6811,"comment_status":"open","ping_status":"open","sticky":false,"template":"","format":"standard","meta":{"_monsterinsights_skip_tracking":false,"footnotes":""},"categories":[689,83],"tags":[],"class_list":["post-6991","post","type-post","status-publish","format-standard","has-post-thumbnail","category-689","category-moises-sanchez-limon"],"_links":{"self":[{"href":"https:\/\/redsemlac.com\/semmexico\/wp-json\/wp\/v2\/posts\/6991","targetHints":{"allow":["GET"]}}],"collection":[{"href":"https:\/\/redsemlac.com\/semmexico\/wp-json\/wp\/v2\/posts"}],"about":[{"href":"https:\/\/redsemlac.com\/semmexico\/wp-json\/wp\/v2\/types\/post"}],"author":[{"embeddable":true,"href":"https:\/\/redsemlac.com\/semmexico\/wp-json\/wp\/v2\/users\/3"}],"replies":[{"embeddable":true,"href":"https:\/\/redsemlac.com\/semmexico\/wp-json\/wp\/v2\/comments?post=6991"}],"version-history":[{"count":0,"href":"https:\/\/redsemlac.com\/semmexico\/wp-json\/wp\/v2\/posts\/6991\/revisions"}],"wp:featuredmedia":[{"embeddable":true,"href":"https:\/\/redsemlac.com\/semmexico\/wp-json\/wp\/v2\/media\/6811"}],"wp:attachment":[{"href":"https:\/\/redsemlac.com\/semmexico\/wp-json\/wp\/v2\/media?parent=6991"}],"wp:term":[{"taxonomy":"category","embeddable":true,"href":"https:\/\/redsemlac.com\/semmexico\/wp-json\/wp\/v2\/categories?post=6991"},{"taxonomy":"post_tag","embeddable":true,"href":"https:\/\/redsemlac.com\/semmexico\/wp-json\/wp\/v2\/tags?post=6991"}],"curies":[{"name":"wp","href":"https:\/\/api.w.org\/{rel}","templated":true}]}}