{"id":69853,"date":"2023-08-09T12:49:06","date_gmt":"2023-08-09T18:49:06","guid":{"rendered":"https:\/\/redsemlac.com\/semmexico\/?p=69853"},"modified":"2023-08-09T12:49:06","modified_gmt":"2023-08-09T18:49:06","slug":"la-educacion-cultural-y-linguisticamente-pertinente","status":"publish","type":"post","link":"https:\/\/redsemlac.com\/semmexico\/la-educacion-cultural-y-linguisticamente-pertinente\/","title":{"rendered":"La educaci\u00f3n cultural y ling\u00fc\u00edsticamente pertinente"},"content":{"rendered":"\n<p class=\"wp-block-paragraph\"><strong>Annette Santos del Real *<\/strong><\/p>\n\n\n\n<p class=\"wp-block-paragraph\">SemM\u00e9xico, Ciudad de M\u00e9xico, 9 de agosto, 2023.- M\u00e9xico ha fallado en hacer valer el derecho de los pueblos ind\u00edgenas a una educaci\u00f3n cultural y ling\u00fc\u00edsticamente pertinente que garantice espacios para que las comunidades ind\u00edgenas decidan cu\u00e1l es la educaci\u00f3n que desean, intensifique la presencia de su cultura y su lengua en la escuela, y asegure que ni\u00f1as y ni\u00f1os desarrollen habilidades cognitivas de aprendizaje durante su paso por las aulas.<\/p>\n\n\n\n<h2 class=\"wp-block-heading\"><strong>\u00bfPor qu\u00e9 importa hablar del tema?<\/strong><\/h2>\n\n\n\n<p class=\"wp-block-paragraph\">El rico patrimonio cultural y la diversidad de M\u00e9xico se deben, en buena medida, a sus poblaciones originarias cuyas lenguas pueden organizarse, seg\u00fan el INALI (2009), en 68 agrupaciones ling\u00fc\u00edsticas distintas. De acuerdo con datos del \u00faltimo Censo del INEGI, se estima que en 2020 casi 10% de las personas residen en hogares donde alguno(a) de sus jefes, c\u00f3nyuges o ascendientes habla lengua ind\u00edgena<a href=\"#_ftn1\" id=\"_ftnref1\"><sup>[1]<\/sup><\/a>, lo que representa alrededor de 12 millones de habitantes.<\/p>\n\n\n\n<p class=\"wp-block-paragraph\">En nuestro pa\u00eds, ser ind\u00edgena suele estar asociado con mayores niveles de precariedad y menores oportunidades para el ejercicio de derechos. De acuerdo con el Coneval (2022), la pobreza es sustancialmente mayor para la poblaci\u00f3n que habla lengua ind\u00edgena (76.8%) que para la que no la habla (41.5%); adem\u00e1s, 80.9% de aquella carece de seguridad social y 67.4% no dispone en su vivienda de los servicios b\u00e1sicos.<\/p>\n\n\n\n<p class=\"wp-block-paragraph\">Hist\u00f3ricamente, la poblaci\u00f3n ind\u00edgena ha estado inmersa en procesos de dominaci\u00f3n que las m\u00e1s de las veces se han traducido en discriminaci\u00f3n, segregaci\u00f3n cultural y desventaja socioecon\u00f3mica.<\/p>\n\n\n\n<p class=\"wp-block-paragraph\">En esos procesos, la educaci\u00f3n formal ha jugado un rol fundamental, consistente en favorecer la aculturaci\u00f3n y la asimilaci\u00f3n de las ni\u00f1as, ni\u00f1os y adolescentes ind\u00edgenas (NNAI) al ofrecerles, por un lado, un curr\u00edculo nacional que ignora casi por completo sus pr\u00e1cticas y saberes culturales y, por otro, muy escasas o nulas oportunidades de aprender en su lengua materna.<\/p>\n\n\n\n<p class=\"wp-block-paragraph\">Aunque M\u00e9xico reconoce el derecho de los pueblos ind\u00edgenas a una educaci\u00f3n cultural y ling\u00fc\u00edsticamente pertinente,<a href=\"#_ftn2\" id=\"_ftnref2\"><sup>[2]<\/sup><\/a> la puesta en pr\u00e1ctica de este derecho ha sido sumamente deficiente: Las poblaciones ind\u00edgenas contin\u00faan recibiendo un servicio groseramente pobre.<\/p>\n\n\n\n<p class=\"wp-block-paragraph\">Nuestro sistema educativo no solo ha fallado en garantizar a NNAI la conservaci\u00f3n de su cultura y el uso de su lengua, sino en asegurarles que la escolarizaci\u00f3n conlleve el logro de aprendizajes. Todos los datos disponibles revelan que el incumplimiento del derecho a la educaci\u00f3n es m\u00e1s agudo cuando se trata de NNAI, pues no solo tienen menos oportunidades de acceder a la escuela y de concluir la escolaridad obligatoria que sus pares no ind\u00edgenas, sino tambi\u00e9n de desarrollar habilidades cognitivas para el aprendizaje.<\/p>\n\n\n\n<p class=\"wp-block-paragraph\">Existen factores que influyen en los resultados educativos alcanzados por estudiantes ind\u00edgenas sobre los que el sistema educativo tiene una influencia apenas marginal, como sucede con la desnutrici\u00f3n y la violencia, pero definitivamente hay otros sobre los que le corresponde actuar directamente \u2014como la relaci\u00f3n con las familias, el curr\u00edculo y la formaci\u00f3n docente\u2014 para avanzar en el cumplimiento del derecho de NNAI a una educaci\u00f3n cultural y ling\u00fc\u00edsticamente pertinente (ECLP).<\/p>\n\n\n\n<h2 class=\"wp-block-heading\"><strong>\u00bfQu\u00e9 busca y qu\u00e9 requiere la ECLP?<\/strong><\/h2>\n\n\n\n<p class=\"wp-block-paragraph\">Hay suficientes evidencias para sostener que intensificar la presencia de la lengua y la cultura de NNAI en las escuelas que les atienden favorece que aprendan m\u00e1s y mejor. Lograr esa \u201cintensificaci\u00f3n\u201d es impensable sin la participaci\u00f3n de la comunidad y, a su vez, resulta clave en la construcci\u00f3n de v\u00ednculos m\u00e1s estrechos y vigorosos entre la escuela y la comunidad.<\/p>\n\n\n\n<p class=\"wp-block-paragraph\">Es preciso que las escuelas permitan que las comunidades ind\u00edgenas tengan oportunidad de decidir \u2014desde sus experiencias, necesidades e intereses\u2014 sobre la educaci\u00f3n que desean para NNAI. Es necesario, tambi\u00e9n, que comunidades y escuelas entablen una relaci\u00f3n efectivamente intercultural donde ninguna cultura se imponga sobre otra. La ECLP requiere que las escuelas tengan mayores m\u00e1rgenes de autonom\u00eda, no s\u00f3lo respecto de la relaci\u00f3n que establecen con su comunidad, sino para decidir qu\u00e9 se ense\u00f1a y c\u00f3mo se ense\u00f1a.<\/p>\n\n\n\n<p class=\"wp-block-paragraph\">Una de las intenciones de la ECLP es que los referentes culturales elegidos por las comunidades \u2014relacionados con asuntos como la cosmovisi\u00f3n, saberes, valores y tecnolog\u00edas\u2014 tengan mayor cabida en el curr\u00edculo, sin que ello implique desechar los contenidos nacionales que aquellas juzguen valiosos. Los arreglos en materia de curr\u00edculo para intensificar la presencia de dichos referentes podr\u00edan ser variados, pero siempre requerir\u00e1n de la participaci\u00f3n y el saber especializado de las y los docentes.<\/p>\n\n\n\n<p class=\"wp-block-paragraph\">En la construcci\u00f3n de una ECLP la apuesta por la interculturalidad ha de ir acompa\u00f1ada de esfuerzos sistem\u00e1ticos por lograr que la lengua materna de las ni\u00f1as y los ni\u00f1os juegue un papel central en los procesos de ense\u00f1anza y aprendizaje que ocurren en la escuela.<\/p>\n\n\n\n<p class=\"wp-block-paragraph\">La ECLP busca avanzar hacia un biling\u00fcismo en el que sea posible no s\u00f3lo que el alumnado aprenda <em>su<\/em> lengua, sino tambi\u00e9n <em>en su<\/em> lengua, adem\u00e1s de hacerlo en espa\u00f1ol. De nuevo, la preparaci\u00f3n y el trabajo de las y los docentes es absolutamente clave para intensificar la presencia de la lengua materna en las aulas.<\/p>\n\n\n\n<p class=\"wp-block-paragraph\">En otras palabras, se trata de que los docentes impulsen el desarrollo de estrategias de biling\u00fcismo efectivo para intensificar el uso de la lengua materna en sus aulas, para lo cual es imprescindible el trabajo de literacidad en ella. Las condiciones de muchas escuelas implican que esa literacidad sea de alfabetizaci\u00f3n en L1 porque la mayor\u00eda del alumnado ya ha sido alfabetizado en espa\u00f1ol, lo que significa ense\u00f1ar y promover el uso de la lengua materna como L2.<\/p>\n\n\n\n<p class=\"wp-block-paragraph\">Sin embargo, puede buscarse que para los ni\u00f1os y las ni\u00f1as que reci\u00e9n ingresen a la educaci\u00f3n primaria, la literacidad se lleve a cabo como L1 (su lengua materna). Seguramente el punto de partida de docentes y grupos de estudiantes ser\u00e1 distinto respecto de su conocimiento de la lengua ind\u00edgena, tanto oral como escrita. La selecci\u00f3n y aplicaci\u00f3n de las estrategias de biling\u00fcismo pertinentes ser\u00e1n posibles solo en tanto se aseguren procesos de formaci\u00f3n inicial y en servicio, y de acompa\u00f1amiento docente.<\/p>\n\n\n\n<p class=\"wp-block-paragraph\">Junto con la autodeterminaci\u00f3n, la interculturalidad y el biling\u00fcismo, la ECLP requiere modificar sustancialmente la manera en que se promueve el aprendizaje en las aulas, a fin de que los NNAI desarrollen su m\u00e1ximo potencial cognitivo y puedan seguir aprendiendo por cuenta propia a lo largo de sus vidas.<\/p>\n\n\n\n<p class=\"wp-block-paragraph\">En s\u00edntesis, una educaci\u00f3n que se precie de ser cultural y ling\u00fc\u00edsticamente pertinente ha de:<\/p>\n\n\n\n<ul class=\"wp-block-list\">\n<li>Construirse con la participaci\u00f3n de las comunidades, entendiendo que son ellas quienes han de decidir acerca de las intenciones, formas y contenidos de la educaci\u00f3n que se brinda a los NNAI, de tal forma que las escuelas tiendan puentes a las comunidades y de que las comunidades se asuman como educadoras.<\/li>\n\n\n\n<li>Apostar por una interculturalidad efectiva, lo que obliga a intensificar la presencia en la escuela de referentes culturales que las comunidades ind\u00edgenas consideran valiosos, de manera que puedan establecerse relaciones mucho m\u00e1s horizontales con la \u201ccultura envolvente\u201d<a href=\"#_ftn3\" id=\"_ftnref3\"><sup>[3]<\/sup><\/a> y sea posible avanzar hacia la decolonizaci\u00f3n y el empoderamiento de los pueblos y comunidades ind\u00edgenas.<\/li>\n\n\n\n<li>Asegurar que la lengua materna juegue un papel central en los procesos de ense\u00f1anza y aprendizaje, lo que implica formar a los docentes en habilidades y estrategias que faciliten procesos de biling\u00fcismo.<\/li>\n\n\n\n<li>Garantizar que las NNAI desarrollen habilidades cognitivas para el aprendizaje, a trav\u00e9s de pr\u00e1cticas pedag\u00f3gicas m\u00e1s participativas y atentas a la heterogeneidad de procesos y ritmos dentro de las aulas.<\/li>\n<\/ul>\n\n\n\n<p class=\"wp-block-paragraph\">Las decisiones y mediaciones que se requieren en nuestro sistema educativo para que una educaci\u00f3n de este tipo sea posible en las escuelas ind\u00edgenas se antojan bastante complejas y requieren de esfuerzos sistem\u00e1ticos, recursos cuantiosos y tiempos bastante largos, en los que dif\u00edcilmente los hacedores de pol\u00edtica educativa estar\u00edan dispuestos a invertir.<\/p>\n\n\n\n<p class=\"wp-block-paragraph\">Para quienes deseamos avanzar en la consecuci\u00f3n de una mejor educaci\u00f3n, quiz\u00e1s no sea mala idea aprovechar los espacios de contextualizaci\u00f3n y co-dise\u00f1o que ofrece el Plan 2022 y sumarse a otras iniciativas de organizaciones de la sociedad civil que han apostado por empujar en nuestro pa\u00eds procesos de cambio en peque\u00f1a escala y documentar fehacientemente lo que ocurre en las escuelas y comunidades cuando \u00e9stos se echan a andar; lo que hagamos al respecto tal vez sirva para que otras personas puedan aprender sobre diversas maneras en las que en este pa\u00eds es posible hacer valer el derecho de NNAI a una de ECLP, y contribuir a la disminuci\u00f3n de las desigualdades sociales y a la valoraci\u00f3n y preservaci\u00f3n de nuestra diversidad cultural.<\/p>\n\n\n\n<p class=\"wp-block-paragraph\"><a href=\"https:\/\/www.muxed.mx\/blog\/pertinencia-linguistica-cultural\">https:\/\/www.muxed.mx\/blog\/pertinencia-linguistica-cultural<\/a><\/p>\n\n\n<div class=\"wp-block-image\">\n<figure class=\"alignleft size-full is-resized\"><a href=\"https:\/\/redsemlac.com\/semmexico\/wp-content\/uploads\/2023\/08\/Imagen5-1.jpg\"><img loading=\"lazy\" decoding=\"async\" src=\"https:\/\/redsemlac.com\/semmexico\/wp-content\/uploads\/2023\/08\/Imagen5-1.jpg\" alt=\"\" class=\"wp-image-69854\" style=\"width:185px;height:185px\" width=\"185\" height=\"185\"\/><\/a><\/figure>\n<\/div>\n\n\n<p class=\"wp-block-paragraph\"><strong>*<\/strong><strong>Annette Santos del Real * <\/strong>Integrante de MUxED. Directora del Centro de Estudios Educativos. Investigadora de temas educativos, especialmente en torno a la desigualdad y la equidad, as\u00ed como respecto de los servicios de educaci\u00f3n b\u00e1sica que se ofrecen a poblaciones en situaci\u00f3n de vulnerabilidad social.<\/p>\n\n\n\n<p class=\"wp-block-paragraph\"><strong>Referencias<\/strong><\/p>\n\n\n\n<p class=\"wp-block-paragraph\">CONEVAL-Consejo Nacional de Evaluaci\u00f3n de la Pol\u00edtica de Desarrollo Social. (2022). Educaci\u00f3n para la poblaci\u00f3n ind\u00edgena en M\u00e9xico: el derecho a una educaci\u00f3n intercultural biling\u00fce. M\u00e9xico.<\/p>\n\n\n\n<p class=\"wp-block-paragraph\">INALI-Instituto Nacional de Lenguas Ind\u00edgenas (2009). Cat\u00e1logo de las lenguas ind\u00edgenas nacionales. Variantes ling\u00fc\u00edsticas de M\u00e9xico con sus autodenominaciones y referencias geoestad\u00edsticas. M\u00e9xico.<\/p>\n\n\n\n<hr class=\"wp-block-separator has-alpha-channel-opacity\"\/>\n\n\n\n<p class=\"wp-block-paragraph\"><a href=\"#_ftnref1\" id=\"_ftn1\"><sup>[1]<\/sup><\/a> El indicador como tal es \u00abpoblaci\u00f3n hablante de lengua ind\u00edgena\u00bb o \u00abpoblaci\u00f3n que habla lengua ind\u00edgena\u00bb. De hecho, hay quienes, siendo migrantes, hablan m\u00e1s de una lengua ind\u00edgena.<\/p>\n\n\n\n<p class=\"wp-block-paragraph\"><a href=\"#_ftnref2\" id=\"_ftn2\"><sup>[2]<\/sup><\/a> Sus fundamentos est\u00e1n establecidos tanto en la Constituci\u00f3n Pol\u00edtica de los Estados Unidos Mexicanos, como en tratados internacionales vinculantes \u2014puntualmente, el Convenio 169 de la Organizaci\u00f3n Internacional del Trabajo\u2014, e incluso en la normatividad curricular vigente.<\/p>\n\n\n\n<p class=\"wp-block-paragraph\"><a id=\"_ftn3\" href=\"#_ftnref3\"><sup>[3]<\/sup><\/a> As\u00ed se le denomina a la cultura occidental que se les ha impuesto a los pueblos ind\u00edgenas; en la literatura no se aprueba el uso de \u00abcultura nacional\u00bb porque eso ser\u00eda aceptar que tal cosa existe.<\/p>\n\n\n\n<p class=\"wp-block-paragraph\"><strong>#MUxED #PlumaPurpura #Educacion #Derechos # Ind\u00edgenas #Autodeterminacion #Interculturalidad #Bilinguismo #Aprendizaje<\/strong><\/p>\n","protected":false},"excerpt":{"rendered":"<p>M\u00e9xico ha fallado en hacer valer el derecho de los pueblos ind\u00edgenas a una educaci\u00f3n cultural y ling\u00fc\u00edsticamente pertinente que garantice espacios para que las comunidades ind\u00edgenas decidan cu\u00e1l es la educaci\u00f3n que desean<\/p>\n","protected":false},"author":3,"featured_media":69855,"comment_status":"open","ping_status":"open","sticky":false,"template":"","format":"standard","meta":{"_monsterinsights_skip_tracking":false,"footnotes":""},"categories":[703],"tags":[718,719,717],"class_list":["post-69853","post","type-post","status-publish","format-standard","has-post-thumbnail","category-infancia","tag-bilinguismo","tag-indigenas-2","tag-infancias-2"],"_links":{"self":[{"href":"https:\/\/redsemlac.com\/semmexico\/wp-json\/wp\/v2\/posts\/69853","targetHints":{"allow":["GET"]}}],"collection":[{"href":"https:\/\/redsemlac.com\/semmexico\/wp-json\/wp\/v2\/posts"}],"about":[{"href":"https:\/\/redsemlac.com\/semmexico\/wp-json\/wp\/v2\/types\/post"}],"author":[{"embeddable":true,"href":"https:\/\/redsemlac.com\/semmexico\/wp-json\/wp\/v2\/users\/3"}],"replies":[{"embeddable":true,"href":"https:\/\/redsemlac.com\/semmexico\/wp-json\/wp\/v2\/comments?post=69853"}],"version-history":[{"count":0,"href":"https:\/\/redsemlac.com\/semmexico\/wp-json\/wp\/v2\/posts\/69853\/revisions"}],"wp:featuredmedia":[{"embeddable":true,"href":"https:\/\/redsemlac.com\/semmexico\/wp-json\/wp\/v2\/media\/69855"}],"wp:attachment":[{"href":"https:\/\/redsemlac.com\/semmexico\/wp-json\/wp\/v2\/media?parent=69853"}],"wp:term":[{"taxonomy":"category","embeddable":true,"href":"https:\/\/redsemlac.com\/semmexico\/wp-json\/wp\/v2\/categories?post=69853"},{"taxonomy":"post_tag","embeddable":true,"href":"https:\/\/redsemlac.com\/semmexico\/wp-json\/wp\/v2\/tags?post=69853"}],"curies":[{"name":"wp","href":"https:\/\/api.w.org\/{rel}","templated":true}]}}