{"id":6976,"date":"2018-11-08T20:35:32","date_gmt":"2018-11-08T20:35:32","guid":{"rendered":"https:\/\/redsemlac.com\/semmexico\/?p=6976"},"modified":"2023-07-21T14:34:15","modified_gmt":"2023-07-21T19:34:15","slug":"entresemana-19","status":"publish","type":"post","link":"https:\/\/redsemlac.com\/semmexico\/entresemana-19\/","title":{"rendered":"Entresemana"},"content":{"rendered":"\n<p class=\"wp-block-paragraph\">\u00bfSacudida al Tribunal Superior de Justicia de la CDMX?<\/p>\n\n\n\n<h5 class=\"wp-block-heading\"> \u2022 Hay prisa por allanar el camino al licenciado Andr\u00e9s Manuel L\u00f3pez Obrador<\/h5>\n\n\n\n<p class=\"wp-block-paragraph\"><a href=\"https:\/\/semmexico.com\/gallery-post.php?id=6319#\">Mois\u00e9s S\u00e1nchez<\/a><\/p>\n\n\n\n<p class=\"wp-block-paragraph\">SemM\u00e9xico, 8 noviembre 2018.- En esto de la ruta hacia la anunciada y prometida IV Transformaci\u00f3n del pa\u00eds, en el Congreso de la Uni\u00f3n hay prisa por allanar el camino al licenciado Andr\u00e9s Manuel L\u00f3pez Obrador; mientras tanto, en \u00e1mbitos del rengl\u00f3n harto resbaladizo de la impartici\u00f3n de justicia, ma\u00f1ana viernes habr\u00e1 de decidirse por la sacudida al m\u00e1ximo tribunal de la Ciudad de M\u00e9xico, o mantenerlo atado a m\u00e1s de lo mismo, aunque ello implique torcer el brazo a la propia ley que los magistrados han jurado servir.<\/p>\n\n\n\n<p class=\"wp-block-paragraph\">Mire usted, en las c\u00e1maras de Diputados y Senadores, presidentes de las respectivas mesas directivas y de las juntas de coordinaci\u00f3n pol\u00edtica, el lunes pasado se declaran en conferencia permanente, es decir, en la discusi\u00f3n y an\u00e1lisis de iniciativas para aterrizarlas en dict\u00e1menes, con la oferta de aprobarlos en las pr\u00f3ximas dos semanas.<\/p>\n\n\n\n<p class=\"wp-block-paragraph\">Dichos dict\u00e1menes, est\u00e1n relacionados con reformas de dizque fondo, con el riesgo que entra\u00f1a eso de legislar al vapor y luego encontrar que, como ocurre con las obras realizadas en el Centro Hist\u00f3rico de la Ciudad de M\u00e9xico o en las alcald\u00edas donde escurre el presupuesto en obras de relumbr\u00f3n, los adoquines no cuadren o se les olvid\u00f3 meter el cableado y las coladeras se perdieron. En fin.<\/p>\n\n\n\n<p class=\"wp-block-paragraph\">Camina, por ejemplo, la resurrecci\u00f3n de la Secretar\u00eda de Seguridad P\u00fablica y (el a\u00f1adido) Protecci\u00f3n Ciudadana, de la \u00e9poca calderonista que luego no funcion\u00f3 y volvi\u00f3 a \u00e1mbitos de la S\u00faper Secretar\u00eda de Gobernaci\u00f3n, bajo control del amigo del presidente Enrique Pe\u00f1a Nieto, Miguel \u00c1ngel Osorio Chong; o la desaparici\u00f3n de la Secretar\u00eda de Desarrollo Social para convertirla en Secretar\u00eda del Bienestar, aunque mantendr\u00e1 pr\u00e1cticamente toda la estructura de programas sociales. En fin.<\/p>\n\n\n\n<p class=\"wp-block-paragraph\">Pero, vaya, el tema que nos ocupa y que est\u00e1 a unas horas definirse, es el del Tribunal Superior de Justicia de la Ciudad de M\u00e9xico, en el que, dicen los enterados, soplan vientos de cambios profundos, aunque por ah\u00ed hay un fantasma de la reelecci\u00f3n, \u00e9ste deporte que en nombre de la ley que prometi\u00f3 cumplir y hacer cumplir, respetar y hacer respetar, practic\u00f3 el entonces magistrado presidente Edgar El\u00edas Azar<\/p>\n\n\n\n<p class=\"wp-block-paragraph\">Bueno, bueno. El caso es que ma\u00f1ana viernes, los magistrados elegir\u00e1n a su presidente, es decir, al Presidente del m\u00e1ximo tribunal de la capital del pa\u00eds y, para el efecto, solo hay dos opciones, la del actual presidente que, contra viento y marea, pretende reelegirse \u2013pese a que este procedimiento est\u00e1 acotado legalmente&#8211;, y la del que est\u00e1 en la ruta de la cooperaci\u00f3n sin sumisi\u00f3n con los otros poderes de la ciudad, pero es cercana con la fracci\u00f3n de Morena en el Congreso de la Ciudad de M\u00e9xico, y con el m\u00e1s alto nivel del pr\u00f3ximo ejecutivo de la CDMX.<\/p>\n\n\n\n<p class=\"wp-block-paragraph\">Hay que puntualizar que la no reelecci\u00f3n permitir\u00e1 terminar con privilegios, negocios y despachos que pretenden mantenerse. Vaya, se avista que lleg\u00f3 el cambio real en el TSJCDMX y no hay vuelta de hoja.<\/p>\n\n\n\n<p class=\"wp-block-paragraph\">Por tanto, luego de dos semanas de campa\u00f1a interna y los elementales golpes por debajo de la mesa, hay dos punteros: \u00c1lvaro Augusto P\u00e9rez Ju\u00e1rez, quien busca reelegirse en la Presidencia, y se le liga casi incondicionalmente a Edgar El\u00edas Azar quien mantuvo el poder durante m\u00e1s de diez a\u00f1os al frente del \u00f3rgano colegiado, mandato que interrumpi\u00f3 para atender la invitaci\u00f3n de Enrique Pe\u00f1a Nieto e irse de embajador de M\u00e9xico en los Pa\u00edses Bajos, cargo al que ha renunciado porque no es diplom\u00e1tico de carrera y, el virtual canciller Marcelo Ebrard, determin\u00f3 que los pol\u00edticos beneficiados con embajadas, dejen esas encomiendas que, en muchos casos, son premios.<\/p>\n\n\n\n<p class=\"wp-block-paragraph\">Y, de lo que se pudiera llamar la disidencia en busca de la presidencia del TSJCDMX, la encabeza el magistrado Rafael Guerra \u00c1lvarez, qui\u00e9n ha sido ponderado por tener la mejor relaci\u00f3n tanto con la electa jefa de gobierno Claudia Sheinbaum y el presidente electo Andr\u00e9s Manuel L\u00f3pez Obrador.<\/p>\n\n\n\n<p class=\"wp-block-paragraph\">El actual presidente, P\u00e9rez Ju\u00e1rez, ha dejado ver una eventual confrontaci\u00f3n con los poderes Ejecutivo y Legislativo, pretendiendo con ello ganar adeptos ante una supuesta amenaza a la independencia del Poder Judicial; en contraste, Guerra \u00c1lvarez, asegura que su buena relaci\u00f3n con el poder ejecutivo venidero garantiza respeto cordial e instalaci\u00f3n institucional entre ambos poderes, as\u00ed como con el Legislativo pues la confrontaci\u00f3n no es la v\u00eda para mantener una relaci\u00f3n de cooperaci\u00f3n y comunicaci\u00f3n republicana en beneficios de los habitantes de la ciudad.<\/p>\n\n\n\n<p class=\"wp-block-paragraph\">Esperemos que prive la ecuanimidad entre los magistrados y la elecci\u00f3n sea tersa, en beneficio de los habitantes de la gran Ciudad de M\u00e9xico. Porque si se trata de encauzarse en el cambio, \u00e9ste debe ser efectivo, no rollero ni con el \u00e1nimo de m\u00e1s de lo mismo. \u00bfHabr\u00e1 sacudida?<\/p>\n\n\n\n<p class=\"wp-block-paragraph\">Por cierto, en la par\u00e1frasis del fil\u00f3sofo de Ju\u00e1rez: \u00a1Pero qu\u00e9 necesidad!, de que Jos\u00e9 Ram\u00f3n L\u00f3pez Beltr\u00e1n metiera un gol en la porter\u00eda de la austeridad republicana que enhiesta como bandera personal el licenciado L\u00f3pez Obrador. Am\u00e9n de ese viaje a Espa\u00f1a, con su pareja sentimental, con quien se habr\u00eda hospedado en el caro hotel Villa Magna, en Madrid, la filtraci\u00f3n de la llamada que lo evidencia como aviador en la C\u00e1mara de Diputados, en la bancada de Morena. Lo de la revista \u00a1HOLA!, es un a\u00f1adido, pero de que hay doble moral, la hay. Tema pendiente. Conste.<\/p>\n\n\n\n<p class=\"wp-block-paragraph\"><a href=\"mailto:sanchezlimon@gmail.com\">sanchezlimon@gmail.com<\/a><\/p>\n\n\n\n<p class=\"wp-block-paragraph\"><a href=\"http:\/\/www.entresemana.mx\/\">www.entresemana.mx<\/a><\/p>\n\n\n\n<p class=\"wp-block-paragraph\">@msanchezlimon<\/p>\n","protected":false},"excerpt":{"rendered":"<p>\u00bfSacudida al Tribunal Superior de Justicia de la CDMX? \u2022 Hay prisa por allanar el camino al licenciado Andr\u00e9s Manuel L\u00f3pez Obrador Mois\u00e9s S\u00e1nchez SemM\u00e9xico, 8 noviembre 2018.- En esto de la ruta hacia la anunciada y prometida IV Transformaci\u00f3n del pa\u00eds, en el Congreso de la Uni\u00f3n hay prisa por allanar el camino al [&hellip;]<\/p>\n","protected":false},"author":3,"featured_media":6811,"comment_status":"open","ping_status":"open","sticky":false,"template":"","format":"standard","meta":{"_monsterinsights_skip_tracking":false,"footnotes":""},"categories":[689,83],"tags":[],"class_list":["post-6976","post","type-post","status-publish","format-standard","has-post-thumbnail","category-689","category-moises-sanchez-limon"],"_links":{"self":[{"href":"https:\/\/redsemlac.com\/semmexico\/wp-json\/wp\/v2\/posts\/6976","targetHints":{"allow":["GET"]}}],"collection":[{"href":"https:\/\/redsemlac.com\/semmexico\/wp-json\/wp\/v2\/posts"}],"about":[{"href":"https:\/\/redsemlac.com\/semmexico\/wp-json\/wp\/v2\/types\/post"}],"author":[{"embeddable":true,"href":"https:\/\/redsemlac.com\/semmexico\/wp-json\/wp\/v2\/users\/3"}],"replies":[{"embeddable":true,"href":"https:\/\/redsemlac.com\/semmexico\/wp-json\/wp\/v2\/comments?post=6976"}],"version-history":[{"count":0,"href":"https:\/\/redsemlac.com\/semmexico\/wp-json\/wp\/v2\/posts\/6976\/revisions"}],"wp:featuredmedia":[{"embeddable":true,"href":"https:\/\/redsemlac.com\/semmexico\/wp-json\/wp\/v2\/media\/6811"}],"wp:attachment":[{"href":"https:\/\/redsemlac.com\/semmexico\/wp-json\/wp\/v2\/media?parent=6976"}],"wp:term":[{"taxonomy":"category","embeddable":true,"href":"https:\/\/redsemlac.com\/semmexico\/wp-json\/wp\/v2\/categories?post=6976"},{"taxonomy":"post_tag","embeddable":true,"href":"https:\/\/redsemlac.com\/semmexico\/wp-json\/wp\/v2\/tags?post=6976"}],"curies":[{"name":"wp","href":"https:\/\/api.w.org\/{rel}","templated":true}]}}