{"id":6973,"date":"2018-11-13T20:32:40","date_gmt":"2018-11-13T20:32:40","guid":{"rendered":"https:\/\/redsemlac.com\/semmexico\/?p=6973"},"modified":"2023-07-21T14:34:14","modified_gmt":"2023-07-21T19:34:14","slug":"y-los-presidentes-municipales-andres-manuel","status":"publish","type":"post","link":"https:\/\/redsemlac.com\/semmexico\/y-los-presidentes-municipales-andres-manuel\/","title":{"rendered":"\u00bfY los presidentes municipales, Andr\u00e9s Manuel?"},"content":{"rendered":"\n<p class=\"wp-block-paragraph\">Les preocupa el tema de los dineros.<\/p>\n\n\n\n<h5 class=\"wp-block-heading\"> Los alcaldes le proponen encontrarse y dialogar durante la Conferencia Anual de Municipios 2018.<\/h5>\n\n\n\n<p class=\"wp-block-paragraph\"><a href=\"https:\/\/semmexico.com\/gallery-post.php?id=6356#\">Mois\u00e9s S\u00e1nchez<\/a><\/p>\n\n\n\n<p class=\"wp-block-paragraph\">SemM\u00e9xico. Cd. de M\u00e9xico. 13 de noviembre de 2018.- Hay en M\u00e9xico m\u00e1s de dos mil presidentes municipales soslayados, olvidados dir\u00edase en estricto sentido, ninguneados y por encima de cuya autoridad han pasado Andr\u00e9s Manuel L\u00f3pez Obrador y sus colaboradores en una especia de gobierno de facto. Me canso ganso.<\/p>\n\n\n\n<p class=\"wp-block-paragraph\">Que se sepa, por ejemplo, en el affaire del Nuevo Aeropuerto Internacional de M\u00e9xico, ninguno de los alcaldes de los municipios aleda\u00f1os a la zona del ex lago de Texcoco, fue consultado para saber si estaba en contra de la obra. Vaya, incluso el virtual secretario de Comunicaciones y Transportes, Javier Jim\u00e9nez Espri\u00fa, se atrevi\u00f3 a amenazar a una apoderada legal de los due\u00f1os de una mina de tezontle, antes de consultar en el municipio respecto de esa propiedad.<\/p>\n\n\n\n<p class=\"wp-block-paragraph\">Y, a los presidentes municipales de los pueblos originarios asentados en la zona de Santa Luc\u00eda, igual no los convocaron a reuni\u00f3n alguna para saber si los ciudadanos de esas localidades est\u00e1n de acuerdo con la construcci\u00f3n del NAIM en esa zona. Les ha importado un pito.<\/p>\n\n\n\n<p class=\"wp-block-paragraph\">Sin partidismos en uno y otros puntos geogr\u00e1ficos, ni filias y fobias en torno de esta obra que pr\u00e1cticamente ya fue echada a la basura, merced a una consulta ciudadana que el propio coordinador de los diputados federales de Morena, Mario Delgado, admiti\u00f3 fue ilegal y, por ende, no tiene car\u00e1cter vinculatorio para cancelar la construcci\u00f3n del NAIM en Texcoco \u2013donde no hay lago&#8211;, el hecho es que los presidentes municipales han sido despreciados, por usar un eufemismo.<\/p>\n\n\n\n<p class=\"wp-block-paragraph\">No, no se trata de personalizar pero, en esto de las prioridades de Andr\u00e9s Manuel L\u00f3pez Obrador y la urgencia por cruzarse la banda presidencial \u2013\u00e9sta vez la de verdad&#8211;, se le olvid\u00f3 que en el Pacto Federal hay una figura fundamental, basamento de la estructura de gobierno: el municipio libre y soberano.<\/p>\n\n\n\n<p class=\"wp-block-paragraph\">Y los alcaldes de los 2 mil 458 municipios del pa\u00eds, no han sido convocados, no al menos p\u00fablicamente, para escuchar su opini\u00f3n acerca de lo que se pretende como la Cuarta Transformaci\u00f3n de M\u00e9xico, y que pareciera no pasa por el Municipio.<\/p>\n\n\n\n<p class=\"wp-block-paragraph\">S\u00ed, en el Estado de M\u00e9xico los presidentes municipales de filiaci\u00f3n morenista, fueron convocados pero no necesariamente para aportar ideas respecto del Plan Sexenal de Andr\u00e9s Manuel L\u00f3pez Obrador ni para opinar acerca de la continuaci\u00f3n del Tren R\u00e1pido M\u00e9xico-Toluca o la construcci\u00f3n de las dos pistas en la base militar de Santa Luc\u00eda. Se les convoc\u00f3 para aleccionarlos, prepararlos para enfrentar a los periodistas, instalarse como bloque unido en apoyo a las pol\u00edticas p\u00fablicas de L\u00f3pez Obrador y otros etc\u00e9teras, mas no en asuntos de impacto nacional.<\/p>\n\n\n\n<p class=\"wp-block-paragraph\">Pero, bueno, por lo menos los convocaron a una reuni\u00f3n a la que asisti\u00f3 la senadora Delfina G\u00f3mez, quien ser\u00e1 la s\u00faper delegada de L\u00f3pez Obrador en el Estado de M\u00e9xico, algo as\u00ed como gobernadora alterna, junto con Alfredo del Mazo Maza, quien se presume gan\u00f3 la elecci\u00f3n de gobernador.&nbsp;<\/p>\n\n\n\n<p class=\"wp-block-paragraph\">Bueno, pues ocurre que representantes y dirigentes de organizaciones que agrupan a los m\u00e1s de dos mil 400 presidentes municipales alzaron la mano y convocaron a L\u00f3pez Obrador a una reuni\u00f3n los d\u00edas 26 y 27 de este mes, es decir, a un paso de que tome posesi\u00f3n del cargo como Presidente de la Rep\u00fablica.<\/p>\n\n\n\n<p class=\"wp-block-paragraph\">\u00bfQu\u00e9 quieren los alcaldes de todos los partidos? Algo sencillo, pero igual de fundamental, que haya di\u00e1logo con el Presidente electo, que los escuche y tome en cuenta sus inquietudes y propuestas en \u00e1reas b\u00e1sicas y fundamentales, como es la seguridad y el presupuesto.<\/p>\n\n\n\n<p class=\"wp-block-paragraph\">Y es que si Andr\u00e9s Manuel ya se reuni\u00f3 y contin\u00faa reuni\u00e9ndose con los gobernadores, e incluso los capitanes del dinero en M\u00e9xico, los alcaldes le proponen encontrarse y dialogar durante la Conferencia Anual de Municipios 2018, a celebrarse en la Ciudad de M\u00e9xico, le dec\u00eda, los d\u00edas 26 y 27 pr\u00f3ximos.<\/p>\n\n\n\n<p class=\"wp-block-paragraph\">Hay inquietud entre los alcaldes. Incluso el presidente municipal de Tepic, Nayarit, Francisco Javier Castell\u00f3n Fonseca, consider\u00f3 que la llamada Cuarta Transformaci\u00f3n planteada por L\u00f3pez Obrador como objetivo de su gesti\u00f3n, es centralista y soslaya la importancia del municipio libre, que es el fundamento del sistema pol\u00edtico y federalista, pero corre el riesgo de enfrentar severos problemas sociales, ante la ausencia de recursos federales.<\/p>\n\n\n\n<p class=\"wp-block-paragraph\">Les preocupa el tema de los dineros. \u201cRechazamos que se nos quieran bajar las participaciones, porque debe entenderse que nosotros (los presidentes municipales) vemos todos los servicios p\u00fablicos, desde servicio de agua y hasta recolecci\u00f3n de basura\u201d, cit\u00f3 el presidente municipal de Huixquilucan, Enrique Vargas del Villar.<\/p>\n\n\n\n<p class=\"wp-block-paragraph\">Tambi\u00e9n Laura Lynn Fern\u00e1ndez Pi\u00f1a, presidente de la Conferencia Nacional de Municipios de M\u00e9xico (CONAMM), presidenta adjunta de la Federaci\u00f3n Nacional de Alcaldes y Municipios de M\u00e9xico y alcaldesa de Puerto Morelos, Quintana Roo, dijo que la CONAMM, m\u00e1ximo \u00f3rgano de representaci\u00f3n municipal, que agrupa a ediles de todos los partidos, cuenta con&nbsp; representantes de m\u00e1s de 2 mil 400 ayuntamientos que existen en la rep\u00fablica, invita a L\u00f3pez Obrador a que escuche de primera voz los problemas que aquejan a los municipios de toda la geograf\u00eda nacional.<\/p>\n\n\n\n<p class=\"wp-block-paragraph\">Reproch\u00f3 Lynn Fern\u00e1ndez que L\u00f3pez Obrador se ha reunido con gobernadores, senadores y diputados, pero los alcaldes para nada han sido tomados en cuenta.<\/p>\n\n\n\n<p class=\"wp-block-paragraph\">Francisco Javier Castell\u00f3n Fonseca, Copresidente de la CONAMM, presidente de la AALMAC&nbsp; (Asociaci\u00f3n de Autoridades Locales de M\u00e9xico AC) y alcalde de Tepic, puntualiz\u00f3 que si no hay recursos suficientes no se podr\u00e1 reforzar la estructura municipal.<\/p>\n\n\n\n<p class=\"wp-block-paragraph\">En la conferencia de prensa participaron Fernando P\u00e9rez Rodr\u00edguez, copresidente de la CONAMM, presidente de la FENAMM y alcalde de Tulancingo, Hidalgo; Juan Hugo de la Rosa, presidente municipal de Nezahualc\u00f3yotl; Yolanda Teller\u00eda Beltr\u00e1n, presidenta municipal de Pachuca, Hidalgo, as\u00ed como Sergio Arredondo Olvera, secretario general de la CONAMM, Ad\u00e1n Larracilla M\u00e1rquez y Hermilo P\u00e9rez Cabrera, secretarios adjuntos de la CONAMM. La pregunta es si L\u00f3pez Obrador aceptar\u00e1 reunirse con los alcaldes y escucharlos.<\/p>\n\n\n\n<p class=\"wp-block-paragraph\">Total, Andr\u00e9s Manuel ha tomado decisiones fundamentales que impactan a n\u00facleos poblacionales que no ha consultado. Si quiere parecer congruente con su discurso, por lo menos puede tener este detalle de reunirse con los presidentes municipales y escuchar sus inquietudes porque, al fin y al cabo, parece que la premisa \u201cme canso ganso\u201d, es su estilo de \u00bfgobernar? Conste.<\/p>\n\n\n\n<p class=\"wp-block-paragraph\">sanchezlimon@gmail.com<\/p>\n\n\n\n<p class=\"wp-block-paragraph\">www.entresemana.mx<\/p>\n\n\n\n<p class=\"wp-block-paragraph\">@msanchezlimon<\/p>\n","protected":false},"excerpt":{"rendered":"<p>Les preocupa el tema de los dineros. Los alcaldes le proponen encontrarse y dialogar durante la Conferencia Anual de Municipios 2018. Mois\u00e9s S\u00e1nchez SemM\u00e9xico. Cd. de M\u00e9xico. 13 de noviembre de 2018.- Hay en M\u00e9xico m\u00e1s de dos mil presidentes municipales soslayados, olvidados dir\u00edase en estricto sentido, ninguneados y por encima de cuya autoridad han [&hellip;]<\/p>\n","protected":false},"author":3,"featured_media":6811,"comment_status":"open","ping_status":"open","sticky":false,"template":"","format":"standard","meta":{"_monsterinsights_skip_tracking":false,"footnotes":""},"categories":[689,83],"tags":[],"class_list":["post-6973","post","type-post","status-publish","format-standard","has-post-thumbnail","category-689","category-moises-sanchez-limon"],"_links":{"self":[{"href":"https:\/\/redsemlac.com\/semmexico\/wp-json\/wp\/v2\/posts\/6973","targetHints":{"allow":["GET"]}}],"collection":[{"href":"https:\/\/redsemlac.com\/semmexico\/wp-json\/wp\/v2\/posts"}],"about":[{"href":"https:\/\/redsemlac.com\/semmexico\/wp-json\/wp\/v2\/types\/post"}],"author":[{"embeddable":true,"href":"https:\/\/redsemlac.com\/semmexico\/wp-json\/wp\/v2\/users\/3"}],"replies":[{"embeddable":true,"href":"https:\/\/redsemlac.com\/semmexico\/wp-json\/wp\/v2\/comments?post=6973"}],"version-history":[{"count":0,"href":"https:\/\/redsemlac.com\/semmexico\/wp-json\/wp\/v2\/posts\/6973\/revisions"}],"wp:featuredmedia":[{"embeddable":true,"href":"https:\/\/redsemlac.com\/semmexico\/wp-json\/wp\/v2\/media\/6811"}],"wp:attachment":[{"href":"https:\/\/redsemlac.com\/semmexico\/wp-json\/wp\/v2\/media?parent=6973"}],"wp:term":[{"taxonomy":"category","embeddable":true,"href":"https:\/\/redsemlac.com\/semmexico\/wp-json\/wp\/v2\/categories?post=6973"},{"taxonomy":"post_tag","embeddable":true,"href":"https:\/\/redsemlac.com\/semmexico\/wp-json\/wp\/v2\/tags?post=6973"}],"curies":[{"name":"wp","href":"https:\/\/api.w.org\/{rel}","templated":true}]}}