{"id":6956,"date":"2019-04-05T22:21:41","date_gmt":"2019-04-05T22:21:41","guid":{"rendered":"https:\/\/redsemlac.com\/semmexico\/?p=6956"},"modified":"2023-07-21T14:47:43","modified_gmt":"2023-07-21T19:47:43","slug":"el-secretariado-ejecutivo-federal-da-a-conocer-que-las-mujeres-en-tamaulipas-siguen-siendo-violentadas-y-asesinadas","status":"publish","type":"post","link":"https:\/\/redsemlac.com\/semmexico\/el-secretariado-ejecutivo-federal-da-a-conocer-que-las-mujeres-en-tamaulipas-siguen-siendo-violentadas-y-asesinadas\/","title":{"rendered":"El Secretariado Ejecutivo Federal da a conocer que las mujeres en Tamaulipas siguen siendo violentadas y asesinadas."},"content":{"rendered":"\n<p class=\"wp-block-paragraph\"><a href=\"https:\/\/www.semmexico.com\/gallery-post.php?id=7397#\">Benny Cruz<\/a><\/p>\n\n\n\n<p class=\"wp-block-paragraph\">SemM\u00e9xico. Cd. Victoria, Tamaulipas. 5 de marzo de 2019.- Otro feminicidio ha sido reconocido en Tamaulipas; siendo tres en lo que va de este a\u00f1o; dos casos ya han sido juzgados y sentenciados y este \u00faltimo, de acuerdo al reporte oficial de la Procuradur\u00eda de Justicia en la entidad; fue el de una menor de edad, por cuyo crimen ha sido detenido Jes\u00fas Alejandro \u201cN\u201d a quien se le ha configurado el delito de feminicidio.<\/p>\n\n\n\n<p class=\"wp-block-paragraph\">En el reporte institucional se informa que este inicio de semana Agentes de la Polic\u00eda Investigadora de la Procuradur\u00eda General de Justicia de Tamaulipas, cumplimentaron una orden de aprehensi\u00f3n en contra de Jes\u00fas Alejandro \u00abN\u00bb, por el delito de feminicidio.<\/p>\n\n\n\n<p class=\"wp-block-paragraph\">El agente del Ministerio P\u00fablico present\u00f3 ante la autoridad judicial, elementos suficientes que muestran la probable responsabilidad del imputado, en el citado delito cometido el 20 de noviembre del 2018 en la colonia Modelo de esta ciudad capital, en agravio de una menor de edad.<\/p>\n\n\n\n<p class=\"wp-block-paragraph\">Jes\u00fas Alejandro \u00abN\u00bb fue puesto a disposici\u00f3n de la autoridad competente y en breve se llevar\u00e1 a cabo la Audiencia inicial en la que un Juez establecer\u00e1 medidas cautelares y resolver\u00e1 su vinculaci\u00f3n a proceso.<\/p>\n\n\n\n<p class=\"wp-block-paragraph\">A trav\u00e9s de la Procuradur\u00eda General de Justicia de Tamaulipas, refrenda su compromiso de combatir sin tregua el delito, as\u00ed como de perseguir y castigar a todos aquellos que atenten contra la vida de las mujeres tamaulipecas.<\/p>\n\n\n\n<p class=\"wp-block-paragraph\">En este contexto, Secretariado Ejecutivo Federal da a conocer que las mujeres en Tamaulipas siguen siendo violentadas y asesinadas; muestra de ello son 16 cr\u00edmenes registrados en el mes de enero del presente a\u00f1o; nueve fueron catalogados como homicidios dolosos y siete como homicidios culposos; aunque no hay ning\u00fan feminicidio reconocido en la estad\u00edstica manejada&nbsp;&nbsp;por el Secretariado Ejecutivo Federal.<br><\/p>\n","protected":false},"excerpt":{"rendered":"<p>Benny Cruz SemM\u00e9xico. Cd. Victoria, Tamaulipas. 5 de marzo de 2019.- Otro feminicidio ha sido reconocido en Tamaulipas; siendo tres en lo que va de este a\u00f1o; dos casos ya han sido juzgados y sentenciados y este \u00faltimo, de acuerdo al reporte oficial de la Procuradur\u00eda de Justicia en la entidad; fue el de una [&hellip;]<\/p>\n","protected":false},"author":3,"featured_media":6957,"comment_status":"open","ping_status":"open","sticky":false,"template":"","format":"standard","meta":{"_monsterinsights_skip_tracking":false,"footnotes":""},"categories":[690,51],"tags":[],"class_list":["post-6956","post","type-post","status-publish","format-standard","has-post-thumbnail","category-690","category-ejecutivo"],"_links":{"self":[{"href":"https:\/\/redsemlac.com\/semmexico\/wp-json\/wp\/v2\/posts\/6956","targetHints":{"allow":["GET"]}}],"collection":[{"href":"https:\/\/redsemlac.com\/semmexico\/wp-json\/wp\/v2\/posts"}],"about":[{"href":"https:\/\/redsemlac.com\/semmexico\/wp-json\/wp\/v2\/types\/post"}],"author":[{"embeddable":true,"href":"https:\/\/redsemlac.com\/semmexico\/wp-json\/wp\/v2\/users\/3"}],"replies":[{"embeddable":true,"href":"https:\/\/redsemlac.com\/semmexico\/wp-json\/wp\/v2\/comments?post=6956"}],"version-history":[{"count":0,"href":"https:\/\/redsemlac.com\/semmexico\/wp-json\/wp\/v2\/posts\/6956\/revisions"}],"wp:featuredmedia":[{"embeddable":true,"href":"https:\/\/redsemlac.com\/semmexico\/wp-json\/wp\/v2\/media\/6957"}],"wp:attachment":[{"href":"https:\/\/redsemlac.com\/semmexico\/wp-json\/wp\/v2\/media?parent=6956"}],"wp:term":[{"taxonomy":"category","embeddable":true,"href":"https:\/\/redsemlac.com\/semmexico\/wp-json\/wp\/v2\/categories?post=6956"},{"taxonomy":"post_tag","embeddable":true,"href":"https:\/\/redsemlac.com\/semmexico\/wp-json\/wp\/v2\/tags?post=6956"}],"curies":[{"name":"wp","href":"https:\/\/api.w.org\/{rel}","templated":true}]}}