{"id":6953,"date":"2019-04-06T18:13:22","date_gmt":"2019-04-06T18:13:22","guid":{"rendered":"https:\/\/redsemlac.com\/semmexico\/?p=6953"},"modified":"2023-07-21T14:47:42","modified_gmt":"2023-07-21T19:47:42","slug":"codigo-penal-unico-un-tipo-penal-de-feminicidio-y-no-penalizar-con-carcel-a-mujeres-que-aborten","status":"publish","type":"post","link":"https:\/\/redsemlac.com\/semmexico\/codigo-penal-unico-un-tipo-penal-de-feminicidio-y-no-penalizar-con-carcel-a-mujeres-que-aborten\/","title":{"rendered":"C\u00f3digo Penal \u00fanico: un tipo penal de feminicidio y no penalizar con c\u00e1rcel a mujeres que aborten."},"content":{"rendered":"\n<p class=\"wp-block-paragraph\"><a href=\"https:\/\/www.semmexico.com\/gallery-post.php?id=7406#\">Redacci\u00f3n<\/a><\/p>\n\n\n\n<p class=\"wp-block-paragraph\"><strong>Lorena Vaniezcot<\/strong><\/p>\n\n\n\n<p class=\"wp-block-paragraph\">SemM\u00e9xico, Cd. de M\u00e9xico, 6 marzo 2019.- Olga S\u00e1nchez Cordero, Secretaria de Gobernaci\u00f3n, sostuvo que en la operaci\u00f3n de los refugios para mujeres maltratadas se va a comprometer a los tres niveles de gobierno, sobre todo a los municipios para que act\u00faen, sostuvo que se ha olvidado que el tema de \u201cla pacificaci\u00f3n del pa\u00eds pasa por la pacificaci\u00f3n dentro de las familias y el combate a la violencia contra las mujeres\u201d.<\/p>\n\n\n\n<p class=\"wp-block-paragraph\">En la conferencia de prensa de esta ma\u00f1ana en Palacio Nacional, junto con Nadine Gasman, presidenta de INMUJERES, y observadas por el presidente Andr\u00e9s Manuel L\u00f3pez Obrador, asegur\u00f3 que es sumamente importante que sean los municipios quienes operen esta pol\u00edtica p\u00fablica reconocida desde el marco jur\u00eddico internacional, y asegur\u00f3 que el modelo que est\u00e1n tomando en cuenta es el que se implementa en Escobedo, Nuevo Le\u00f3n.<\/p>\n\n\n\n<p class=\"wp-block-paragraph\">En ese sentido, dijo que se destinar\u00e1 dinero federal a los gobiernos municipales para la operaci\u00f3n de los refugios y se\u00f1al\u00f3 que este nivel de gobierno deber\u00e1 tambi\u00e9n hacer sus propios presupuestos.<\/p>\n\n\n\n<p class=\"wp-block-paragraph\">Dijo que el Estado mexicano ha desmantelado su principal obligaci\u00f3n de ah\u00ed la necesidad de volver a la rector\u00eda del Estado de las pol\u00edticas p\u00fablicas, esa es la posici\u00f3n del gobierno mexicano.<\/p>\n\n\n\n<p class=\"wp-block-paragraph\">Aclar\u00f3 que hablar de Estancias Infantiles y de refugios son cosas distintas. Se\u00f1al\u00f3 que hay en el pa\u00eds 70 refugios, de los cuales, asegur\u00f3, solo \u201c20 re\u00fanen las caracter\u00edsticas y la pol\u00edtica p\u00fablica para estar en los par\u00e1metros de excelencia\u201d<\/p>\n\n\n\n<p class=\"wp-block-paragraph\">Antes, ambas funcionarias, anunciaron hoy el Plan de Emergencia para garantizar la Integridad, la seguridad y la vida de las mujeres y las ni\u00f1as en M\u00e9xico, y se inform\u00f3 que se buscar\u00e1 crear un C\u00f3digo Penal \u00fanico en el pa\u00eds, para entre otras cosas, evitar revictimizar a las mujeres que abortan e incluso despenalizar el aborto hasta la 12 semana, as\u00ed como crear un tipo penal homologado de feminicidio.<\/p>\n\n\n\n<p class=\"wp-block-paragraph\">S\u00e1nchez Cordero dijo que desde hace tiempo su posici\u00f3n personal ha sido no revictimizar a las mujeres que abortan envi\u00e1ndolas a prisi\u00f3n por abortar, incluso de forma natural.<\/p>\n\n\n\n<p class=\"wp-block-paragraph\">La Secretaria de Gobernaci\u00f3n dijo que ante la soberan\u00eda de los estados no podr\u00eda garantizar que todos los congresos locales est\u00e9n de acuerdo, sin embargo, aclar\u00f3 que el Congreso de la Uni\u00f3n \u201cva en camino de crear un C\u00f3digo Penal \u00fanico, ah\u00ed podr\u00e1 establecer, entre otras cosas, un tipo penal de feminicidio, porque hoy en d\u00eda los estados tienen diversos tipos penales de feminicidio por lo cual es sumamente complicado encuadrar la conducta a un tipo penal.&nbsp; Si se va a avanzar, ah\u00ed podr\u00edan hacerse modificaciones importantes para homologar y tener tipos penales espec\u00edficos\u201d, como homologar el feminicidio con un mismo tipo penal y la despenalizaci\u00f3n del aborto hasta la 12 semana \u00bfpor qu\u00e9 no en este c\u00f3digo penal \u00fanico?\u201d<\/p>\n\n\n\n<p class=\"wp-block-paragraph\"><strong>Mesas de Justicia<\/strong><\/p>\n\n\n\n<p class=\"wp-block-paragraph\">En la misma conferencia, S\u00e1nchez Cordero anunci\u00f3 que se est\u00e1n instalando \u201cen este momento\u201d una unidad completa de fortalecimiento al sistema de justicia, de procuraci\u00f3n y de impartici\u00f3n, adicionalmente a trav\u00e9s de convenios al fortalecimiento de fiscal\u00edas, a trav\u00e9s de los estados y Tribunales estatales, se implementar\u00e1n mesas de atenci\u00f3n en la justicia.<\/p>\n\n\n\n<p class=\"wp-block-paragraph\">Estas mesas, explic\u00f3, ser\u00e1 para atender las causas penales que por alguna raz\u00f3n no han sido debidamente atendidas por determinadas procuradur\u00edas, como el caso de las madres de Ciudad Ju\u00e1rez y de otras entidades que han esperado justicia por el feminicidio de sus hijas.<\/p>\n\n\n\n<p class=\"wp-block-paragraph\"><strong>Lo inventaron, le dieron vuelo<\/strong><\/p>\n\n\n\n<p class=\"wp-block-paragraph\">Al final, L\u00f3pez Obrador sostuvo<\/p>\n\n\n\n<p class=\"wp-block-paragraph\">\u201cSe mantienen los refugios para las mujeres, que nunca se dijo que se iba a dejar sin protecci\u00f3n a las mujeres, que esto lo inventaron y le dieron vuelo los que no quieren que se termine con el mecanismo que exist\u00eda de repartir el dinero del presupuesto a distintas organizaciones, que es muy diferente a dejar sin apoyo a las mujeres\u2026\u201d.<\/p>\n\n\n\n<p class=\"wp-block-paragraph\">Se\u00f1al\u00f3 que el DIF transfiere alrededor de 300 millones de pesos para estos refugios, lo que queremos es que el Estado se ocupe de la protecci\u00f3n a las mujeres, que haya pues seguimiento y evaluaci\u00f3n.<\/p>\n\n\n\n<p class=\"wp-block-paragraph\">Y volvi\u00f3 a revolver entre los refugios y las estancias infantiles, asegurando que hubo irregularidades, de cada 10, siete ten\u00edan irregularidades, \u201cel conservadurismo sigue con lo mismo\u201d.<\/p>\n\n\n\n<p class=\"wp-block-paragraph\">Cuestion\u00f3 a la sociedad civil que \u201cen un cuento\u201d se\u00f1alan que son independientes, dijo.<\/p>\n\n\n\n<p class=\"wp-block-paragraph\">SEM\/lv\/sj<br><\/p>\n","protected":false},"excerpt":{"rendered":"<p>Redacci\u00f3n Lorena Vaniezcot SemM\u00e9xico, Cd. de M\u00e9xico, 6 marzo 2019.- Olga S\u00e1nchez Cordero, Secretaria de Gobernaci\u00f3n, sostuvo que en la operaci\u00f3n de los refugios para mujeres maltratadas se va a comprometer a los tres niveles de gobierno, sobre todo a los municipios para que act\u00faen, sostuvo que se ha olvidado que el tema de \u201cla [&hellip;]<\/p>\n","protected":false},"author":3,"featured_media":6954,"comment_status":"open","ping_status":"open","sticky":false,"template":"","format":"standard","meta":{"_monsterinsights_skip_tracking":false,"footnotes":""},"categories":[690,51],"tags":[],"class_list":["post-6953","post","type-post","status-publish","format-standard","has-post-thumbnail","category-690","category-ejecutivo"],"_links":{"self":[{"href":"https:\/\/redsemlac.com\/semmexico\/wp-json\/wp\/v2\/posts\/6953","targetHints":{"allow":["GET"]}}],"collection":[{"href":"https:\/\/redsemlac.com\/semmexico\/wp-json\/wp\/v2\/posts"}],"about":[{"href":"https:\/\/redsemlac.com\/semmexico\/wp-json\/wp\/v2\/types\/post"}],"author":[{"embeddable":true,"href":"https:\/\/redsemlac.com\/semmexico\/wp-json\/wp\/v2\/users\/3"}],"replies":[{"embeddable":true,"href":"https:\/\/redsemlac.com\/semmexico\/wp-json\/wp\/v2\/comments?post=6953"}],"version-history":[{"count":0,"href":"https:\/\/redsemlac.com\/semmexico\/wp-json\/wp\/v2\/posts\/6953\/revisions"}],"wp:featuredmedia":[{"embeddable":true,"href":"https:\/\/redsemlac.com\/semmexico\/wp-json\/wp\/v2\/media\/6954"}],"wp:attachment":[{"href":"https:\/\/redsemlac.com\/semmexico\/wp-json\/wp\/v2\/media?parent=6953"}],"wp:term":[{"taxonomy":"category","embeddable":true,"href":"https:\/\/redsemlac.com\/semmexico\/wp-json\/wp\/v2\/categories?post=6953"},{"taxonomy":"post_tag","embeddable":true,"href":"https:\/\/redsemlac.com\/semmexico\/wp-json\/wp\/v2\/tags?post=6953"}],"curies":[{"name":"wp","href":"https:\/\/api.w.org\/{rel}","templated":true}]}}