{"id":6947,"date":"2019-04-06T17:42:05","date_gmt":"2019-04-06T17:42:05","guid":{"rendered":"https:\/\/redsemlac.com\/semmexico\/?p=6947"},"modified":"2023-07-21T14:47:43","modified_gmt":"2023-07-21T19:47:43","slug":"cada-160-minutos-es-privada-de-la-vida-una-mujer-o-nina","status":"publish","type":"post","link":"https:\/\/redsemlac.com\/semmexico\/cada-160-minutos-es-privada-de-la-vida-una-mujer-o-nina\/","title":{"rendered":"Cada 160 minutos es privada de la vida una mujer o ni\u00f1a."},"content":{"rendered":"\n<p class=\"wp-block-paragraph\"><a href=\"https:\/\/www.semmexico.com\/gallery-post.php?id=7411#\">Redacci\u00f3n<\/a><\/p>\n\n\n\n<p class=\"wp-block-paragraph\"><strong>Lorena Vaniezcot<\/strong><\/p>\n\n\n\n<p class=\"wp-block-paragraph\">SemM\u00e9xico, Cd. de M\u00e9xico, 6 marzo 2019.- La Secretaria de Gobernaci\u00f3n, Olga S\u00e1nchez Cordero, dijo que M\u00e9xico vive una grave crisis de derechos humanos que afecta fundamentalmente a mujeres y ni\u00f1as, y se\u00f1al\u00f3 que, en el caso de los asesinatos de ellas, independientemente del lugar donde se cometi\u00f3 el crimen, \u201ctodas ellas las une un factor com\u00fan: la falta de intervenci\u00f3n oportuna y diligente del Estado mexicano para asegurar su integridad y para asegurar sus vidas\u201d.<\/p>\n\n\n\n<p class=\"wp-block-paragraph\">Junto con la titular del Instituto Nacional de las Mujeres, Nadine Gasman, presentaron esta ma\u00f1ana durante la conferencia matutina del presidente Andr\u00e9s Manuel L\u00f3pez Obrador, el Plan emergente para garantizar la integridad, la seguridad y la vida de las mujeres y las ni\u00f1as en M\u00e9xico en el que se dijo que cada 160 minutos es privada de la vida una mujer o ni\u00f1a.<\/p>\n\n\n\n<p class=\"wp-block-paragraph\">Ante la prensa y observada por L\u00f3pez Obrador, la responsable de la pol\u00edtica interna del pa\u00eds explic\u00f3 que en M\u00e9xico 66 de cada 100 mujeres han declarado haber sufrido alg\u00fan tipo de violencia y que cada d\u00eda nueve mujeres son v\u00edctimas de un feminicidio, lo que llev\u00f3 a contabilizar en 2018 un total de tres mil 580 v\u00edctimas.<\/p>\n\n\n\n<p class=\"wp-block-paragraph\">Dijo que de acuerdo con CEDAW, M\u00e9xico no ha tenido avances significativos desde 2012 para contrarrestar la violencia contra las mujeres \u201cpor el contrario se ha incrementado en forma dram\u00e1tica\u201d, aunque reconoci\u00f3 los avances jur\u00eddicos, como los mecanismos instituciones y una pol\u00edtica p\u00fablica amplia para garantizar el derecho a una vida libre de violencia, que, sin embargo, \u201cno han tenido su efecto \u00fatil\u201d, este plan es solo un primer paso de muchos m\u00e1s.<\/p>\n\n\n\n<p class=\"wp-block-paragraph\">La titular de la Secretar\u00eda de Gobernaci\u00f3n record\u00f3 que cuando fue designada para estar al frente de la dependencia se\u00f1al\u00f3 que ser\u00eda la primera vez que la pol\u00edtica interna \u201cser\u00eda vista desde la perspectiva y la mirada de las mujeres y las ni\u00f1as, porque solo incorporando esta visi\u00f3n entenderemos. Debemos comprender la realidad de las mujeres y ni\u00f1as para garantizar sus derechos\u201d.<\/p>\n\n\n\n<p class=\"wp-block-paragraph\">Dijo que el Plan Emergente incluye la participaci\u00f3n de los tres \u00f3rdenes de gobierno y distintas autoridades en diferentes \u00e1mbitos, quienes de manera conjunta y coordinada deberemos de actuar de manera inmediata.<\/p>\n\n\n\n<p class=\"wp-block-paragraph\">La grave crisis de derechos humanos ha afectado en mayor medida a las ni\u00f1as y mujeres, pues en los \u00faltimos a\u00f1os tanto la violencia com\u00fan como la violencia del crimen organizado se ha ensa\u00f1ada en contra de ellas, as\u00ed lo demuestra el incremento de los \u00edndices de violencia y las 33 solicitudes de alerta de violencia de g\u00e9nero contra las mujeres, de los cuales en 17 ha sido declarada.<\/p>\n\n\n\n<p class=\"wp-block-paragraph\">Ello, plante\u00f3, nos merece una intervenci\u00f3n decidida, no podemos seguir normalizando la violencia contra las mujeres, no podemos aceptar que la cifra de feminicidio infantil haya aumentado, no podemos permitir la violencia feminicida, sexual y dom\u00e9stica (porque) son contrarias a la pacificaci\u00f3n y reconciliaci\u00f3n propuesta por el presidente, dijo la Secretaria de Gobernaci\u00f3n.<\/p>\n\n\n\n<p class=\"wp-block-paragraph\">Destac\u00f3 que M\u00e9xico no ha tenido avances en esta materia, ello a partir de las recomendaciones hechas por el comit\u00e9 CEDAW en 2018, que se\u00f1al\u00f3 la necesidad de adoptar medidas urgentes para prevenir los asesinatos y desapariciones forzadas, abordando sus causas, violencia organizada, tr\u00e1fico, discriminaci\u00f3n, pobreza en que viven las mexicanas.<\/p>\n\n\n\n<p class=\"wp-block-paragraph\"><strong>Rector\u00eda del Estado, plan emergente<\/strong><\/p>\n\n\n\n<p class=\"wp-block-paragraph\">Por su parte, la presidenta de INMUJERES present\u00f3 las acciones del Plan de Emergencia que se enmarcan en la situaci\u00f3n de emergencia que vive el pa\u00eds en materia de seguridad y donde las mujeres y \u00f1as ni\u00f1as se encuentran en extrema vulnerabilidad, lo que aclar\u00f3, \u201cno sustituye las obligaciones legales que tenemos en materia las diferentes dependencias\u201d.<\/p>\n\n\n\n<p class=\"wp-block-paragraph\">Sus objetivos son: asumir como un problema de Estado la prevenci\u00f3n, atenci\u00f3n, sanci\u00f3n y erradicaci\u00f3n de la violencia contra las mujeres y las ni\u00f1as; y colocar en el m\u00e1ximo nivel de decisi\u00f3n esta responsabilidad.<\/p>\n\n\n\n<p class=\"wp-block-paragraph\">El Estado asume como deber jur\u00eddico la rector\u00eda de la pol\u00edtica p\u00fablica para garantizar la integridad, la seguridad y la vida de las mujeres y las ni\u00f1as con la competencia de los tres \u00f3rdenes de gobierno: federaci\u00f3n, entidades federativas y municipios.<\/p>\n\n\n\n<p class=\"wp-block-paragraph\">Entre las instituciones que participan mencion\u00f3 el Consejo Nacional de Seguridad P\u00fablica y las diferentes conferencias de seguridad y procuraci\u00f3n de justicia; la Comisi\u00f3n Ejecutiva de Atenci\u00f3n a V\u00edctimas (CEAV) y el Sistema Nacional de Atenci\u00f3n a V\u00edctimas (SNAV); el Sistema Nacional para Prevenir, atender, Sancionar y Erradicar la Violencia contra las Mujeres, el Sistema Nacional de Protecci\u00f3n Integral de los Derechos de Ni\u00f1as, Ni\u00f1os y Adolescentes (SIPINNA) y el Secretario Ejecutivo, as\u00ed como INMUJERES, CONAVIM y Consejo Consultivo.<\/p>\n\n\n\n<p class=\"wp-block-paragraph\">Las acciones se realizar\u00e1n de forma inmediata, y otras en un plazo de seis meses, se\u00f1al\u00f3 Nadine Gasman quien apunt\u00f3 que hasta el momento est\u00e1s han sido aisladas y sin coordinaci\u00f3n.<\/p>\n\n\n\n<p class=\"wp-block-paragraph\">En materia de prevenci\u00f3n cit\u00f3: Acciones coordinadas en las zonas prioritarias y a trav\u00e9s de las coordinaciones estatales para la construcci\u00f3n de paz para prevenir los feminicidios. Fortalecimiento de la coordinaci\u00f3n entre autoridades locales y federales para la atenci\u00f3n integral de ni\u00f1as, ni\u00f1os y adolescentes. Registro nacional del sistema de transporte p\u00fablico concesionado. Recuperaci\u00f3n de espacios p\u00fablicos con enfoque de ciudades seguras y espacios libres de violencia. Seguimiento y vigilancia de lugares de hospedaje. \u2022 Desarrollo de aplicaci\u00f3n para tel\u00e9fonos m\u00f3viles con enlace al 911. Campa\u00f1as permanentes sobre el derecho de las mujeres y las ni\u00f1as a una vida libre de violencia.<\/p>\n\n\n\n<p class=\"wp-block-paragraph\">En Justicia: Auditor\u00eda de los casos de feminicidio, violencia sexual, violencia familiar y desapariciones, a fin de identificar l\u00edneas de investigaci\u00f3n y problemas estructurales. Impulsar herramientas para una investigaci\u00f3n con la debida diligencia en los casos de violencia contra las mujeres y las ni\u00f1as<\/p>\n\n\n\n<p class=\"wp-block-paragraph\">En atenci\u00f3n: Adopci\u00f3n del paquete de servicios esenciales para mujeres v\u00edctimas de violencia, que incluye servicio en \u00e1reas de protecci\u00f3n y seguridad, salud, procuraci\u00f3n de justicia y empoderamiento econ\u00f3mico, con la idea de solventar sus condiciones de riesgo y vulnerabilidad. Integrar un padr\u00f3n de registro con las v\u00edctimas indirectas, especialmente hijas e hijos menores de edad, as\u00ed como de dependientes econ\u00f3micos de las mujeres asesinadas y desaparecidas.<\/p>\n\n\n\n<p class=\"wp-block-paragraph\">En relaci\u00f3n con las Alerta de Violencia de G\u00e9nero contra las Mujeres: Revisi\u00f3n de las Alertas de Violencia de G\u00e9nero contra las Mujeres decretadas en el pa\u00eds. Crear un mecanismo de seguimiento y evaluaci\u00f3n del cumplimiento de las medidas de la AVGM, de acuerdo con una de las recomendaciones dictadas por el Comit\u00e9 de CEDAW. Integrar un cuerpo t\u00e9cnico que permita realizar investigaciones m\u00e1s eficientes de las solicitudes de AVGM presentadas.<\/p>\n\n\n\n<p class=\"wp-block-paragraph\">As\u00ed como reformas legislativas: Reforma integral en materia de la Ley General de Acceso de las Mujeres a una Vida Libre de Violencia, haciendo \u00e9nfasis en la Alerta de Violencia de G\u00e9nero contra las Mujeres y \u00f3rdenes de protecci\u00f3n. Reforma para fortalecer la supervisi\u00f3n de las escuelas y el sector salud en los casos de ni\u00f1as y ni\u00f1os v\u00edctimas de violencia. Reformas para establecer las sanciones a servidoras y servidores p\u00fablicos que son omisos o negligentes en su actuar en los casos de violencia contra las ni\u00f1as y mujeres. Adopci\u00f3n del C\u00f3digo Penal \u00danico a fin de homologar los delitos que se cometen en contra de las mujeres y las ni\u00f1as en el pa\u00eds.<\/p>\n\n\n\n<p class=\"wp-block-paragraph\">Y finalmente la rendici\u00f3n de cuentas: Informes mensuales sobre avances, retos y obst\u00e1culos en la instrumentaci\u00f3n del plan emergente.<\/p>\n","protected":false},"excerpt":{"rendered":"<p>Redacci\u00f3n Lorena Vaniezcot SemM\u00e9xico, Cd. de M\u00e9xico, 6 marzo 2019.- La Secretaria de Gobernaci\u00f3n, Olga S\u00e1nchez Cordero, dijo que M\u00e9xico vive una grave crisis de derechos humanos que afecta fundamentalmente a mujeres y ni\u00f1as, y se\u00f1al\u00f3 que, en el caso de los asesinatos de ellas, independientemente del lugar donde se cometi\u00f3 el crimen, \u201ctodas ellas [&hellip;]<\/p>\n","protected":false},"author":3,"featured_media":6948,"comment_status":"open","ping_status":"open","sticky":false,"template":"","format":"standard","meta":{"_monsterinsights_skip_tracking":false,"footnotes":""},"categories":[690,51],"tags":[],"class_list":["post-6947","post","type-post","status-publish","format-standard","has-post-thumbnail","category-690","category-ejecutivo"],"_links":{"self":[{"href":"https:\/\/redsemlac.com\/semmexico\/wp-json\/wp\/v2\/posts\/6947","targetHints":{"allow":["GET"]}}],"collection":[{"href":"https:\/\/redsemlac.com\/semmexico\/wp-json\/wp\/v2\/posts"}],"about":[{"href":"https:\/\/redsemlac.com\/semmexico\/wp-json\/wp\/v2\/types\/post"}],"author":[{"embeddable":true,"href":"https:\/\/redsemlac.com\/semmexico\/wp-json\/wp\/v2\/users\/3"}],"replies":[{"embeddable":true,"href":"https:\/\/redsemlac.com\/semmexico\/wp-json\/wp\/v2\/comments?post=6947"}],"version-history":[{"count":0,"href":"https:\/\/redsemlac.com\/semmexico\/wp-json\/wp\/v2\/posts\/6947\/revisions"}],"wp:featuredmedia":[{"embeddable":true,"href":"https:\/\/redsemlac.com\/semmexico\/wp-json\/wp\/v2\/media\/6948"}],"wp:attachment":[{"href":"https:\/\/redsemlac.com\/semmexico\/wp-json\/wp\/v2\/media?parent=6947"}],"wp:term":[{"taxonomy":"category","embeddable":true,"href":"https:\/\/redsemlac.com\/semmexico\/wp-json\/wp\/v2\/categories?post=6947"},{"taxonomy":"post_tag","embeddable":true,"href":"https:\/\/redsemlac.com\/semmexico\/wp-json\/wp\/v2\/tags?post=6947"}],"curies":[{"name":"wp","href":"https:\/\/api.w.org\/{rel}","templated":true}]}}