{"id":6944,"date":"2019-04-06T17:40:21","date_gmt":"2019-04-06T17:40:21","guid":{"rendered":"https:\/\/redsemlac.com\/semmexico\/?p=6944"},"modified":"2023-07-21T14:47:43","modified_gmt":"2023-07-21T19:47:43","slug":"el-pais-frente-a-una-crisis-de-derechos-humanos","status":"publish","type":"post","link":"https:\/\/redsemlac.com\/semmexico\/el-pais-frente-a-una-crisis-de-derechos-humanos\/","title":{"rendered":"El pa\u00eds frente a una crisis de derechos humanos."},"content":{"rendered":"\n<p class=\"wp-block-paragraph\"><a href=\"https:\/\/www.semmexico.com\/gallery-post.php?id=7413#\">Redacci\u00f3n<\/a><\/p>\n\n\n\n<p class=\"wp-block-paragraph\">SemM\u00e9xico, Cd. de M\u00e9xico, 6 marzo 2019.- Cuando el 50 por ciento de la poblaci\u00f3n est\u00e1 en riesgo, definitivamente tiene que ser tratado como parte de la crisis de derechos humanos, afirm\u00f3 la directora de Amnist\u00eda Internacional, Tania Reneaum, al se\u00f1alar que M\u00e9xico es el pa\u00eds de Latinoam\u00e9rica con m\u00e1s feminicidios con una alta tasa de impunidad.<\/p>\n\n\n\n<p class=\"wp-block-paragraph\">En el marco del D\u00eda Internacional de la Mujer, este 8 de marzo, dijo que nuestro pa\u00eds llega con una enorme tasa de impunidad, en general de todos los delitos, pero el delito de feminicidio de manera especial.<\/p>\n\n\n\n<p class=\"wp-block-paragraph\">El Estado mexicano tiene un deber indispensable de salvaguardar la vida y la integridad de las mujeres, por lo que se requiere una pol\u00edtica p\u00fablica clara que aborde los \u00e1mbitos sociales, de justicia y de reparaci\u00f3n del da\u00f1o.<\/p>\n\n\n\n<p class=\"wp-block-paragraph\">Subray\u00f3 que los altos \u00edndices de impunidad que envuelven a la violencia de g\u00e9nero mandan un mensaje de que no hay ninguna consecuencia real para los perpetradores.<\/p>\n\n\n\n<p class=\"wp-block-paragraph\">Mencion\u00f3 los datos del secretariado ejecutivo del Sistema Nacional de Seguridad P\u00fablica (SESNSP) que indican que el delito de feminicidio aument\u00f3 104 por ciento entre 2015 y 2018, al pasar de 422 a 861 casos, respectivamente.<\/p>\n\n\n\n<p class=\"wp-block-paragraph\">Mientras que la Comisi\u00f3n Nacional de los Derechos Humanos (CNDH), se\u00f1ala que, de mil 662 homicidios dolosos de mujeres y ni\u00f1as reportados por procuradur\u00edas y fiscal\u00edas del pa\u00eds en 2016, s\u00f3lo 947 casos fueron consignados. De ellos, s\u00f3lo el 10 por ciento se logr\u00f3 la consignaci\u00f3n y detenci\u00f3n del presunto homicida.<\/p>\n\n\n\n<p class=\"wp-block-paragraph\">Llegamos con una deuda de justicia para las mujeres, dijo Tania Reneaum, por lo que consider\u00f3 que es indispensable entender que, con la impunidad, con la invisibilidad de las violencias en contra de las mujeres, las mujeres no van a estar a salvo en un pa\u00eds sumamente violento para ellas.<\/p>\n\n\n\n<p class=\"wp-block-paragraph\">SEM\/em\/sj<br><\/p>\n","protected":false},"excerpt":{"rendered":"<p>Redacci\u00f3n SemM\u00e9xico, Cd. de M\u00e9xico, 6 marzo 2019.- Cuando el 50 por ciento de la poblaci\u00f3n est\u00e1 en riesgo, definitivamente tiene que ser tratado como parte de la crisis de derechos humanos, afirm\u00f3 la directora de Amnist\u00eda Internacional, Tania Reneaum, al se\u00f1alar que M\u00e9xico es el pa\u00eds de Latinoam\u00e9rica con m\u00e1s feminicidios con una alta [&hellip;]<\/p>\n","protected":false},"author":3,"featured_media":6945,"comment_status":"open","ping_status":"open","sticky":false,"template":"","format":"standard","meta":{"_monsterinsights_skip_tracking":false,"footnotes":""},"categories":[690,51],"tags":[],"class_list":["post-6944","post","type-post","status-publish","format-standard","has-post-thumbnail","category-690","category-ejecutivo"],"_links":{"self":[{"href":"https:\/\/redsemlac.com\/semmexico\/wp-json\/wp\/v2\/posts\/6944","targetHints":{"allow":["GET"]}}],"collection":[{"href":"https:\/\/redsemlac.com\/semmexico\/wp-json\/wp\/v2\/posts"}],"about":[{"href":"https:\/\/redsemlac.com\/semmexico\/wp-json\/wp\/v2\/types\/post"}],"author":[{"embeddable":true,"href":"https:\/\/redsemlac.com\/semmexico\/wp-json\/wp\/v2\/users\/3"}],"replies":[{"embeddable":true,"href":"https:\/\/redsemlac.com\/semmexico\/wp-json\/wp\/v2\/comments?post=6944"}],"version-history":[{"count":0,"href":"https:\/\/redsemlac.com\/semmexico\/wp-json\/wp\/v2\/posts\/6944\/revisions"}],"wp:featuredmedia":[{"embeddable":true,"href":"https:\/\/redsemlac.com\/semmexico\/wp-json\/wp\/v2\/media\/6945"}],"wp:attachment":[{"href":"https:\/\/redsemlac.com\/semmexico\/wp-json\/wp\/v2\/media?parent=6944"}],"wp:term":[{"taxonomy":"category","embeddable":true,"href":"https:\/\/redsemlac.com\/semmexico\/wp-json\/wp\/v2\/categories?post=6944"},{"taxonomy":"post_tag","embeddable":true,"href":"https:\/\/redsemlac.com\/semmexico\/wp-json\/wp\/v2\/tags?post=6944"}],"curies":[{"name":"wp","href":"https:\/\/api.w.org\/{rel}","templated":true}]}}