{"id":69437,"date":"2023-07-28T14:51:11","date_gmt":"2023-07-28T19:51:11","guid":{"rendered":"https:\/\/redsemlac.com\/semmexico\/?p=69437"},"modified":"2023-07-28T14:51:16","modified_gmt":"2023-07-28T19:51:16","slug":"ataques-diferenciados-a-defensoras-indigenas-por-construccion-del-corredor-interoceanico-del-istmo-de-tehuantepec","status":"publish","type":"post","link":"https:\/\/redsemlac.com\/semmexico\/ataques-diferenciados-a-defensoras-indigenas-por-construccion-del-corredor-interoceanico-del-istmo-de-tehuantepec\/","title":{"rendered":"Ataques diferenciados a defensoras ind\u00edgenas por construcci\u00f3n del Corredor Interoce\u00e1nico del Istmo de Tehuantepec"},"content":{"rendered":"\n<ul class=\"wp-block-list\">\n<li><strong>Ej\u00e9rcito, Marina, Guardia Nacional y polic\u00eda estatal, los agresores: Misi\u00f3n Civil Observadora<\/strong><\/li>\n\n\n\n<li><strong>Documenta tres homicidios de personas defensoras en nueve meses y decenas de intimidaciones y agresiones<\/strong><\/li>\n<\/ul>\n\n\n\n<p class=\"wp-block-paragraph\"><strong>Elda Montiel<\/strong><\/p>\n\n\n\n<p class=\"wp-block-paragraph\">SemM\u00e9xico, Ciudad de M\u00e9xico, 28 de julio de 2023.- Organizaciones de la sociedad civil, entre ellas Consorcio Oaxaca, demandan al gobierno federal, estatal y municipal detener las agresiones a los pueblos y comunidades ind\u00edgenas defensoras de derechos humanos, territorio y naturaleza, principalmente mujeres de Oaxaca y Veracruz, por la construcci\u00f3n del megaproyecto Corredor Interoce\u00e1nico del Istmo de Tehuantepec (CIIT).<\/p>\n\n\n\n<p class=\"wp-block-paragraph\">En conferencia de prensa, informaron los resultados de la Misi\u00f3n Civil Observadora, integrada por 23 organizaciones civiles y 8 medios de comunicaci\u00f3n, que durante tres d\u00edas verificaron la existencia de ataques e impactos diferenciados en mujeres ind\u00edgenas defensoras, quienes enfrentan agresiones, calumnias y difamaci\u00f3n, basadas en estereotipos de g\u00e9nero y con cargas de sexualidad. Esto impacta tambi\u00e9n en su liderazgo, su rol comunitario y familiar.<\/p>\n\n\n\n<p class=\"wp-block-paragraph\">Entre las autoridades responsables de las violaciones a derechos humanos, se\u00f1aladas durante la Misi\u00f3n, destaca la Guardia Nacional, la Marina, la Sedena, la Polic\u00eda Estatal, la Secretar\u00eda de Comunicaciones y Transporte, autoridades municipales y la Procuradur\u00eda Agraria, al igual que diversas empresas, grupos armados y caciques locales.<\/p>\n\n\n\n<p class=\"wp-block-paragraph\">En la ejecuci\u00f3n del CIIT, las autoridades han incurrido en diversas violaciones a los derechos colectivos de las comunidades y pueblos ind\u00edgenas, al no proporcionar la informaci\u00f3n relevante a la construcci\u00f3n del proyecto que contar\u00e1 con m\u00e1s de 200 kil\u00f3metros, desde Salina Cruz hasta Coatzacoalcos, donde se instalar\u00e1n 10 polos de desarrollo.<\/p>\n\n\n\n<p class=\"wp-block-paragraph\">Por las conclusiones de la investigaci\u00f3n de la Misi\u00f3n, demandan se reconozcan y respeten los derechos humanos y colectivos a la libre determinaci\u00f3n, a la autonom\u00eda, al territorio, a la participaci\u00f3n, al consentimiento previo libre e informado y la vida de los pueblos ind\u00edgenas, bajo el est\u00e1ndar m\u00e1s alto de protecci\u00f3n.<\/p>\n\n\n\n<p class=\"wp-block-paragraph\">Que se garantice el derecho de acceso a la justicia y detener toda forma de amenaza y agresi\u00f3n en contra de los pueblos ind\u00edgenas y personas defensoras de los derechos humanos y la naturaleza. Asimismo, que se emprendan las acciones necesarias para garantizar un entorno seguro, en el marco del art\u00edculo 9 del Acuerdo de Escaz\u00fa para que puedan realizar su labor.<\/p>\n\n\n\n<p class=\"wp-block-paragraph\">Que provean a los pueblos ind\u00edgenas de la informaci\u00f3n necesaria, suficiente, completa y culturalmente adecuada sobre el megaproyecto y todos sus componentes, como son el gasoducto y los polos de desarrollo, para que puedan ejercer su derecho a la libre determinaci\u00f3n.<\/p>\n\n\n\n<p class=\"wp-block-paragraph\">Entre las violaciones est\u00e1 el no realizar la consulta orientada a obtener el consentimiento por parte de las comunidades ayuuk, afectadas por el CIIT, y la detenci\u00f3n arbitraria y fabricaci\u00f3n de delitos en contra de 17 defensoras y defensores de la comunidad binniza de Puente de Madera, por la imposici\u00f3n del proyecto en San Blas Atempa, Oaxaca, uno de los 10 polos de desarrollo del Corredor Interoce\u00e1nico que seg\u00fan las autoridades ayudar\u00e1 al desarrollo econ\u00f3mico de la zona sur del pa\u00eds.<\/p>\n\n\n\n<p class=\"wp-block-paragraph\">Se han registrado intervenciones violentas por parte de la Marina y de la Guardia Nacional, como desalojos violentos, detenci\u00f3n arbitraria y criminalizaci\u00f3n en contra de personas defensoras en Mogo\u00f1e Viejo, estaci\u00f3n Sarabia y Palomares, as\u00ed como las amenazas y tentativas de despojo de casas de pobladores en Boca del Monte, San Juan Guichicovi.<\/p>\n\n\n\n<p class=\"wp-block-paragraph\">La Misi\u00f3n documentaron la intimidaci\u00f3n de la Guardia Nacional ante la asamblea comunitaria y diversos actos de represi\u00f3n en Santa Maria Mixtequilla, otro polo de desarrollo. Se han realizado agresiones f\u00edsicas en la zona de Santa Cruz Tagolaba, Tehuantepec, adem\u00e1s de despojo, ocupaci\u00f3n ilegal de tierras y desplazamientos forzados en contra de comuneros y comuneras, debido a la especulaci\u00f3n provocada por el Corredor Interoce\u00e1nico, al encontrarse en un punto estrat\u00e9gico.<\/p>\n\n\n\n<p class=\"wp-block-paragraph\">La Misi\u00f3n concluy\u00f3 que se ha incumplido en la participaci\u00f3n, la libre determinaci\u00f3n, al territorio, a un medio ambiente sano y a la identidad cultural, por no llevarse a cabo una consulta previa, libre e informada, de acuerdo con lo que establecen los est\u00e1ndares nacionales e internacionales.<\/p>\n\n\n\n<p class=\"wp-block-paragraph\">Se ha violado tambi\u00e9n el derecho a la vida, la integridad, la libertad personal y la libertad de expresi\u00f3n, entre otras, debido a las agresiones f\u00edsicas, hostigamientos y criminalizaci\u00f3n que est\u00e1n viviendo, sobre todo, quienes est\u00e1n liderando la lucha por la naturaleza, la tierra y el territorio.<\/p>\n\n\n\n<p class=\"wp-block-paragraph\">Los registros vinculados con la ejecuci\u00f3n del CIIT indican, al menos, 21 casos de intimidaci\u00f3n, hostigamiento y amenazas contra personas defensoras, sus familias o colectivos; 11 casos de violencia f\u00edsica y psicol\u00f3gica, as\u00ed como desalojos forzosos; tres homicidios de personas defensoras entre octubre 2022 a julio 2023; dos casos de difamaci\u00f3n, a trav\u00e9s de medios p\u00fablicos de gran alcance, y 43 casos de denuncias penales a autoridades locales y personas defensoras comunitarias en las comunidades San Juan Guichicovi, Mogo\u00f1e Viejo, Mogo\u00f1\u00e9 Estaci\u00f3n, Paso Real, Estaci\u00f3n Sarabia, Tagolaba y Puente Madera.<\/p>\n\n\n\n<p class=\"wp-block-paragraph\">Por otra parte, en dos a\u00f1os, el Centro Mexicano de Derecho Ambiental documento en el Informe sobre la situaci\u00f3n de las personas y comunidades defensoras de los derechos humanos ambientales en M\u00e9xico, 31 eventos de agresiones colectivas e individuales en contra de comunidades y personas defensoras del territorio y los derechos humanos, en el marco de la construcci\u00f3n del Corredor Interoce\u00e1nico, principalmente en los estados de Oaxaca y Veracruz.<\/p>\n\n\n\n<p class=\"wp-block-paragraph\">SEM\/em\/glg<\/p>\n\n\n\n<p class=\"wp-block-paragraph\">.<\/p>\n","protected":false},"excerpt":{"rendered":"<p>Ej\u00e9rcito, Marina, Guardia Nacional y polic\u00eda estatal, los agresores: Misi\u00f3n Civil Observadora<\/p>\n","protected":false},"author":3,"featured_media":69438,"comment_status":"open","ping_status":"open","sticky":false,"template":"","format":"standard","meta":{"_monsterinsights_skip_tracking":false,"footnotes":""},"categories":[700],"tags":[],"class_list":["post-69437","post","type-post","status-publish","format-standard","has-post-thumbnail","category-estados"],"_links":{"self":[{"href":"https:\/\/redsemlac.com\/semmexico\/wp-json\/wp\/v2\/posts\/69437","targetHints":{"allow":["GET"]}}],"collection":[{"href":"https:\/\/redsemlac.com\/semmexico\/wp-json\/wp\/v2\/posts"}],"about":[{"href":"https:\/\/redsemlac.com\/semmexico\/wp-json\/wp\/v2\/types\/post"}],"author":[{"embeddable":true,"href":"https:\/\/redsemlac.com\/semmexico\/wp-json\/wp\/v2\/users\/3"}],"replies":[{"embeddable":true,"href":"https:\/\/redsemlac.com\/semmexico\/wp-json\/wp\/v2\/comments?post=69437"}],"version-history":[{"count":0,"href":"https:\/\/redsemlac.com\/semmexico\/wp-json\/wp\/v2\/posts\/69437\/revisions"}],"wp:featuredmedia":[{"embeddable":true,"href":"https:\/\/redsemlac.com\/semmexico\/wp-json\/wp\/v2\/media\/69438"}],"wp:attachment":[{"href":"https:\/\/redsemlac.com\/semmexico\/wp-json\/wp\/v2\/media?parent=69437"}],"wp:term":[{"taxonomy":"category","embeddable":true,"href":"https:\/\/redsemlac.com\/semmexico\/wp-json\/wp\/v2\/categories?post=69437"},{"taxonomy":"post_tag","embeddable":true,"href":"https:\/\/redsemlac.com\/semmexico\/wp-json\/wp\/v2\/tags?post=69437"}],"curies":[{"name":"wp","href":"https:\/\/api.w.org\/{rel}","templated":true}]}}