{"id":69400,"date":"2023-07-26T22:52:02","date_gmt":"2023-07-27T03:52:02","guid":{"rendered":"https:\/\/redsemlac.com\/semmexico\/?p=69400"},"modified":"2023-07-26T22:52:04","modified_gmt":"2023-07-27T03:52:04","slug":"amisy-denuncia-los-actos-anticipados-de-campana-de-liborio-vidal-rommel-pacheco-y-rogerio-castro","status":"publish","type":"post","link":"https:\/\/redsemlac.com\/semmexico\/amisy-denuncia-los-actos-anticipados-de-campana-de-liborio-vidal-rommel-pacheco-y-rogerio-castro\/","title":{"rendered":"AMISY denuncia los actos anticipados de campa\u00f1a de Liborio Vidal, Rommel Pacheco y Rogerio Castro"},"content":{"rendered":"\n<ul class=\"wp-block-list\">\n<li><strong>\u201cQueremos conocer si fueron las revistas que pagaron los espectaculares\u201d, expusieron promotoras de la Ley 3 de 3 en Yucat\u00e1n<\/strong><\/li>\n\n\n\n<li><strong>Denuncias ante el IEPAC por violar abiertamente las leyes electorales<\/strong><\/li>\n<\/ul>\n\n\n\n<p class=\"wp-block-paragraph\">Redacci\u00f3n<\/p>\n\n\n\n<p class=\"wp-block-paragraph\">SemM\u00e9xico\/Visi\u00f3n Peninsular, M\u00e9rida, Yucat\u00e1n, 26 de julio de 2023.- La Agenda de Mujeres por la Igualdad Sustantiva en Yucat\u00e1n (AMISY) present\u00f3 sendas denuncias ante el Instituto Electoral y de Participaci\u00f3n Ciudadana (IEPAC) en contra de Liborio Vidal Aguilar, titular de la Secretar\u00eda de Educaci\u00f3n del Gobierno del Estado de Yucat\u00e1n (SEGEY); del diputado federal Rommel Pacheco Marrufo y del funcionario Rogerio Castro V\u00e1zquez, por actos anticipados de campa\u00f1a.<\/p>\n\n\n\n<p class=\"wp-block-paragraph\">En rueda de prensa, la coordinadora estatal de AMISY, Mar\u00eda Eugenia N\u00fa\u00f1ez Zapata, se\u00f1al\u00f3 que hay una campa\u00f1a de promoci\u00f3n anticipada en todo el estado, mediante los espectaculares de las revistas, espec\u00edficamente <em>Cu\u00e9ntame m\u00e1s<\/em>, en la que Vidal Aguilar fue la portada del segundo n\u00famero y habl\u00f3 de propuestas, en caso de ser candidato a la gubernatura de Yucat\u00e1n.<\/p>\n\n\n\n<p class=\"wp-block-paragraph\">\u201cQueremos conocer si, efectivamente, fueron las revistas que pagaron las carteleras y los espectaculares. Si es una revista nueva que tiene tanto dinero para gastar, tambi\u00e9n vale la pena preguntar qu\u00e9 dinero es\u201d y de d\u00f3nde viene, mencion\u00f3.<\/p>\n\n\n\n<p class=\"wp-block-paragraph\">La denuncia tambi\u00e9n se presentar\u00e1 en el Instituto Nacional Electoral (INE) y Tribunal Electoral del Estado de Yucat\u00e1n (TEEY), as\u00ed como en las instancias que regulan la existencia y legitimidad de esa revista y de <em>\u00a1Oilo! Yucat\u00e1n<\/em> y <em>Style Deluxe<\/em> en las que se promocionaron Castro V\u00e1zquez, secretario general del Fondo Nacional de la Vivienda para los Trabajadores (Infonavit) y Pacheco Marrufo, diputado panista por el Distrito 3 Federal.<\/p>\n\n\n\n<p class=\"wp-block-paragraph\">\u201cPara nosotras ha sido de una gran indignaci\u00f3n ver c\u00f3mo se violan abiertamente las leyes electorales, de que no se pueden hacer actos anticipados de campa\u00f1a. Hemos visto crecer, multiplicarse espectaculares y bardas en este M\u00e9xico de gran pobreza, en este Yucat\u00e1n, en donde no hay recursos para el campo y atender muchos casos de violencia de mujeres o dar mayor infraestructura a estos problemas que nos laceran como sociedad\u201d, indic\u00f3.<\/p>\n\n\n\n<p class=\"wp-block-paragraph\">\u201cHemos visto el derroche de millones y millones de pesos. Eso nos indign\u00f3 como sociedad e hicimos un esfuerzo f\u00edsico y econ\u00f3mico para pagar una certificaci\u00f3n notarial de 10 mil 500 pesos que sali\u00f3 de cada una de nosotras\u201d, abund\u00f3.<\/p>\n\n\n<div class=\"wp-block-image\">\n<figure class=\"aligncenter size-full\"><a href=\"https:\/\/redsemlac.com\/semmexico\/wp-content\/uploads\/2023\/07\/Imagen3-14.jpg\"><img loading=\"lazy\" decoding=\"async\" width=\"557\" height=\"313\" src=\"https:\/\/redsemlac.com\/semmexico\/wp-content\/uploads\/2023\/07\/Imagen3-14.jpg\" alt=\"\" class=\"wp-image-69401\"\/><\/a><figcaption class=\"wp-element-caption\">Las activistas Ligia Vera Gamboa, Mar\u00eda Eugenia N\u00fa\u00f1ez Zapata, Layda Rodr\u00edguez y Rita Farjat denunciaron los actos anticipados de campa\u00f1a del titular de la SEGEY, Liborio Vidal; del diputado federal Rommel Pacheco y del secretario general del Infonavit, Rogerio Castro (cr\u00e9dito: Visi\u00f3n Peninsular)<\/figcaption><\/figure>\n<\/div>\n\n\n<p class=\"wp-block-paragraph\">Las activistas expusieron que ning\u00fan notario p\u00fablico quiso brindarles el servicio, situaci\u00f3n que entienden, hasta que Luis Fernando Rodr\u00edguez Chavarr\u00eda, titular de la Notaria No. 98, acept\u00f3 darles la certificaci\u00f3n notarial sobre las evidencias gr\u00e1ficas y f\u00edsicas de los actos anticipados de campa\u00f1a.<\/p>\n\n\n\n<p class=\"wp-block-paragraph\">La promotora por la \u201cLey 3 de 3 contra la violencia\u201d expuso que procedieron legalmente como su leg\u00edtimo derecho ciudadano. \u201cEs lo que hemos o\u00eddo en nuestras familias, nuestros amigos, en la calle, en el cami\u00f3n, en los mercados, en todos lados\u201d, expres\u00f3.<\/p>\n\n\n\n<p class=\"wp-block-paragraph\">Al ser cuestionada por qu\u00e9 no incluyeron al alcalde Ren\u00e1n Barrera Concha, quien ha realizado giras en los municipios para exponer los programas municipales con sus hom\u00f3logos, Mar\u00eda Eugenia N\u00fa\u00f1ez precis\u00f3: \u201cNo tenemos sesgos. Ni nos est\u00e1 pagando nadie ni es la mano del PAN o de Ren\u00e1n quienes est\u00e1n detr\u00e1s de nosotros. No hacemos ese tipo de trabajo, lo har\u00e1n otras personas\u201d.<\/p>\n\n\n\n<p class=\"wp-block-paragraph\">\u00abUn notario no puede ir a estas reuniones. Realmente si podr\u00eda ir, si persigui\u00e9ramos una agenda o si supi\u00e9ramos, pero tenemos limitaciones f\u00edsicas y econ\u00f3micas para ir a los municipios\u201d, explic\u00f3. \u201cNo lo hicimos porque a la vista estaban las publicaciones, documentamos lo que estaba a la vista en la ciudad de M\u00e9rida\u201d.<\/p>\n\n\n\n<p class=\"wp-block-paragraph\">Previamente, integrantes de AMISY, entre ellas Rita Farjat, Lydia Laucirica Guanch\u00e9, Ligia Vera Gamboa, Layda Rodr\u00edguez Torres y Mar\u00eda Eugenia N\u00fa\u00f1ez hablaron con las consejeras Mar\u00eda de Mar Trejo P\u00e9rez y Alejandra Pacheco Puente, as\u00ed como los consejeros Mois\u00e9s Bates Aguilar, presidente, y Jorge Vallejo Buenfil sobre esta situaci\u00f3n.<\/p>\n","protected":false},"excerpt":{"rendered":"<p>\u201cQueremos conocer si fueron las revistas que pagaron los espectaculares\u201d, expusieron promotoras de la Ley 3 de 3 en Yucat\u00e1n<\/p>\n","protected":false},"author":3,"featured_media":69402,"comment_status":"open","ping_status":"open","sticky":false,"template":"","format":"standard","meta":{"_monsterinsights_skip_tracking":false,"footnotes":""},"categories":[700],"tags":[],"class_list":["post-69400","post","type-post","status-publish","format-standard","has-post-thumbnail","category-estados"],"_links":{"self":[{"href":"https:\/\/redsemlac.com\/semmexico\/wp-json\/wp\/v2\/posts\/69400","targetHints":{"allow":["GET"]}}],"collection":[{"href":"https:\/\/redsemlac.com\/semmexico\/wp-json\/wp\/v2\/posts"}],"about":[{"href":"https:\/\/redsemlac.com\/semmexico\/wp-json\/wp\/v2\/types\/post"}],"author":[{"embeddable":true,"href":"https:\/\/redsemlac.com\/semmexico\/wp-json\/wp\/v2\/users\/3"}],"replies":[{"embeddable":true,"href":"https:\/\/redsemlac.com\/semmexico\/wp-json\/wp\/v2\/comments?post=69400"}],"version-history":[{"count":0,"href":"https:\/\/redsemlac.com\/semmexico\/wp-json\/wp\/v2\/posts\/69400\/revisions"}],"wp:featuredmedia":[{"embeddable":true,"href":"https:\/\/redsemlac.com\/semmexico\/wp-json\/wp\/v2\/media\/69402"}],"wp:attachment":[{"href":"https:\/\/redsemlac.com\/semmexico\/wp-json\/wp\/v2\/media?parent=69400"}],"wp:term":[{"taxonomy":"category","embeddable":true,"href":"https:\/\/redsemlac.com\/semmexico\/wp-json\/wp\/v2\/categories?post=69400"},{"taxonomy":"post_tag","embeddable":true,"href":"https:\/\/redsemlac.com\/semmexico\/wp-json\/wp\/v2\/tags?post=69400"}],"curies":[{"name":"wp","href":"https:\/\/api.w.org\/{rel}","templated":true}]}}