{"id":69384,"date":"2023-07-26T15:50:09","date_gmt":"2023-07-26T20:50:09","guid":{"rendered":"https:\/\/redsemlac.com\/semmexico\/?p=69384"},"modified":"2023-07-26T15:50:11","modified_gmt":"2023-07-26T20:50:11","slug":"presidenta-municipal-sindico-y-regidora-ejercieron-violencia-politica-contra-companera","status":"publish","type":"post","link":"https:\/\/redsemlac.com\/semmexico\/presidenta-municipal-sindico-y-regidora-ejercieron-violencia-politica-contra-companera\/","title":{"rendered":"Presidenta municipal, s\u00edndico y regidora ejercieron violencia pol\u00edtica contra compa\u00f1era"},"content":{"rendered":"\n<ul class=\"wp-block-list\">\n<li><strong>Alcaldesa de municipio oaxaque\u00f1o le prohibi\u00f3 participar en sesiones de cabildo<\/strong><\/li>\n\n\n\n<li><strong>Deber\u00e1n pedir disculpa p\u00fablica y acatar medidas de reparaci\u00f3n de da\u00f1o<\/strong><\/li>\n<\/ul>\n\n\n\n<p class=\"wp-block-paragraph\"><strong>Patricia Brise\u00f1o<\/strong><\/p>\n\n\n\n<p class=\"wp-block-paragraph\">SemM\u00e9xico, Oaxaca, Oaxaca,&nbsp;26 de julio de 2023.- Magali Santiago Lara, presidenta municipal de San Andr\u00e9s Dinicuiti, gener\u00f3 violencia pol\u00edtica contra las mujeres en raz\u00f3n de g\u00e9nero en contra de una integrante del cabildo de la misma localidad, asentada en la regi\u00f3n Mixteca, declar\u00f3 el Tribunal Estatal Electoral de Oaxaca (TEEO).<\/p>\n\n\n\n<p class=\"wp-block-paragraph\">Luego de analizar el&nbsp;expediente del juicio ciudadano JDC\/58\/2023, el \u00f3rgano electoral inform\u00f3 que qued\u00f3 demostrado que la alcaldesa de filiaci\u00f3n perredista discrimin\u00f3 y prohibi\u00f3 a la concejal agraviada participar en las sesiones de cabildo, como lo establece la Ley Org\u00e1nica Municipal.<\/p>\n\n\n<div class=\"wp-block-image\">\n<figure class=\"alignleft size-full is-resized\"><a href=\"https:\/\/redsemlac.com\/semmexico\/wp-content\/uploads\/2023\/07\/Presidente-mpal-de-Dinicuiti.jpg\"><img loading=\"lazy\" decoding=\"async\" src=\"https:\/\/redsemlac.com\/semmexico\/wp-content\/uploads\/2023\/07\/Presidente-mpal-de-Dinicuiti.jpg\" alt=\"\" class=\"wp-image-69386\" width=\"330\" height=\"330\"\/><\/a><\/figure>\n<\/div>\n\n\n<p class=\"wp-block-paragraph\">En el mismo sentido, confirm\u00f3 que&nbsp;el s\u00edndico Villevaldo Herminio Ortiz y la regidora de Hacienda, Isela Mart\u00ednez P\u00e9rez, tambi\u00e9n violentan&nbsp;a la integrante del cabildo con expresiones denigrantes y mis\u00f3ginas, \u201cadvirti\u00e9ndose una asimetr\u00eda de poder\u201d, trastocando la dignidad humana, al ser tratada como una concejal \u201csin valor\u201d, por ser de representaci\u00f3n proporcional.<\/p>\n\n\n\n<p class=\"wp-block-paragraph\">Por lo anterior, el TEEO orden\u00f3&nbsp;que los tres integrantes del ayuntamiento de San Andr\u00e9s Dinicuiti ofrezcan una disculpa p\u00fablica en sesi\u00f3n de cabildo. Aunado a ello, dict\u00f3 medidas de reparaci\u00f3n en favor de la actora, vinculando a la Secretar\u00eda de las Mujeres de Oaxaca, a impartir al cuerpo edilicio un taller o curso integral de capacitaci\u00f3n y sensibilizaci\u00f3n en temas de violencia pol\u00edtica contra las mujeres en raz\u00f3n de g\u00e9nero.<\/p>\n\n\n\n<p class=\"wp-block-paragraph\">En otro orden, el Tribunal restituy\u00f3 en el goce de sus derechos pol\u00edtico-electorales a una ciudadana ind\u00edgena mixteca del&nbsp;municipio de San Pedro Coxcaltepec C\u00e1ntaros, a quien la asamblea general comunitaria ha hab\u00eda inhabilitado por tiempo indefinido para ocupar cargos p\u00fablicos y asistir a las asambleas.<\/p>\n\n\n\n<p class=\"wp-block-paragraph\">En sesi\u00f3n del pleno, el \u00f3rgano colegiado aprob\u00f3 por unanimidad el juicio ciudadano en el r\u00e9gimen de los sistemas normativos Internos JDCI\/51\/2023, al&nbsp;rechazar el procedimiento realizado por la comunidad ind\u00edgena; esto, porque \u201cno observ\u00f3 el derecho de defensa en su vertiente de garant\u00eda de audiencia previa, dado que no se le notific\u00f3 a la ciudadana sobre la celebraci\u00f3n de la asamblea y la determinaci\u00f3n que ah\u00ed se tom\u00f3 sin su presencia\u201d.<\/p>\n\n\n\n<p class=\"wp-block-paragraph\">Una vez revisado este expediente, las magistradas y los magistrados coincidieron que la inhabilitaci\u00f3n afect\u00f3 el principio de certeza, dado que la determinaci\u00f3n no fue emitida de manera informada, al no haberse convocado a la asamblea espec\u00edficamente para tratar lo relacionado a la privaci\u00f3n de los derechos pol\u00edticos-electorales al seno de la comunidad ind\u00edgena.&nbsp;<\/p>\n\n\n\n<p class=\"wp-block-paragraph\">\u201cSe vio afectado el principio de proporcionalidad de la pena, pues la \u2018sanci\u00f3n\u2019 o retiro de derechos para ocupar cargos p\u00fablicos, fue excesiva\u201d, consign\u00f3 la sentencia del Tribunal.<\/p>\n\n\n\n<p class=\"wp-block-paragraph\">SEM\/pb\/glg<\/p>\n","protected":false},"excerpt":{"rendered":"<p>Alcaldesa de municipio oaxaque\u00f1o le prohibi\u00f3 participar en sesiones de cabildo<\/p>\n","protected":false},"author":3,"featured_media":69385,"comment_status":"open","ping_status":"open","sticky":false,"template":"","format":"standard","meta":{"_monsterinsights_skip_tracking":false,"footnotes":""},"categories":[48],"tags":[149,146,142],"class_list":["post-69384","post","type-post","status-publish","format-standard","has-post-thumbnail","category-no-mas-impunidad-no-mas-impunidad","tag-mujeres","tag-oaxaca","tag-violencia"],"_links":{"self":[{"href":"https:\/\/redsemlac.com\/semmexico\/wp-json\/wp\/v2\/posts\/69384","targetHints":{"allow":["GET"]}}],"collection":[{"href":"https:\/\/redsemlac.com\/semmexico\/wp-json\/wp\/v2\/posts"}],"about":[{"href":"https:\/\/redsemlac.com\/semmexico\/wp-json\/wp\/v2\/types\/post"}],"author":[{"embeddable":true,"href":"https:\/\/redsemlac.com\/semmexico\/wp-json\/wp\/v2\/users\/3"}],"replies":[{"embeddable":true,"href":"https:\/\/redsemlac.com\/semmexico\/wp-json\/wp\/v2\/comments?post=69384"}],"version-history":[{"count":0,"href":"https:\/\/redsemlac.com\/semmexico\/wp-json\/wp\/v2\/posts\/69384\/revisions"}],"wp:featuredmedia":[{"embeddable":true,"href":"https:\/\/redsemlac.com\/semmexico\/wp-json\/wp\/v2\/media\/69385"}],"wp:attachment":[{"href":"https:\/\/redsemlac.com\/semmexico\/wp-json\/wp\/v2\/media?parent=69384"}],"wp:term":[{"taxonomy":"category","embeddable":true,"href":"https:\/\/redsemlac.com\/semmexico\/wp-json\/wp\/v2\/categories?post=69384"},{"taxonomy":"post_tag","embeddable":true,"href":"https:\/\/redsemlac.com\/semmexico\/wp-json\/wp\/v2\/tags?post=69384"}],"curies":[{"name":"wp","href":"https:\/\/api.w.org\/{rel}","templated":true}]}}