{"id":6938,"date":"2019-04-06T17:38:55","date_gmt":"2019-04-06T17:38:55","guid":{"rendered":"https:\/\/redsemlac.com\/semmexico\/?p=6938"},"modified":"2023-07-21T14:47:43","modified_gmt":"2023-07-21T19:47:43","slug":"el-mural-busca-plasmar-historias-de-diversas-mujeres-de-la-region","status":"publish","type":"post","link":"https:\/\/redsemlac.com\/semmexico\/el-mural-busca-plasmar-historias-de-diversas-mujeres-de-la-region\/","title":{"rendered":"El mural busca plasmar historias de diversas mujeres de la regi\u00f3n."},"content":{"rendered":"\n<p class=\"wp-block-paragraph\"><a href=\"https:\/\/www.semmexico.com\/gallery-post.php?id=7420#\">Redacci\u00f3n<\/a><\/p>\n\n\n\n<p class=\"wp-block-paragraph\"><strong>Mar\u00eda Degollado<\/strong><\/p>\n\n\n\n<p class=\"wp-block-paragraph\">SemM\u00e9xico, Cd. de M\u00e9xico, 6 marzo 2019.- Con motivo de la conmemoraci\u00f3n del&nbsp;<a href=\"http:\/\/www.un.org\/es\/events\/womensday\/\" target=\"_blank\" rel=\"noreferrer noopener\">D\u00eda Internacional de la Mujer<\/a>, y en el marco de la campa\u00f1a&nbsp;<em>He for She<\/em>, se inaugur\u00f3 un mural relativo a las mujeres luchadoras en la Central de Abasto de la Ciudad de M\u00e9xico.<\/p>\n\n\n\n<p class=\"wp-block-paragraph\">En una actividad organizada por ONU Mujeres M\u00e9xico, Central de Muros y el Centro de Informaci\u00f3n de Naciones Unidas para M\u00e9xico, Cuba y Rep\u00fablica Dominicana, se present\u00f3 el avance de este mural realizado por el artista urbano Said Dokins, y que estar\u00e1 listo el pr\u00f3ximo 8 de marzo.&nbsp;<\/p>\n\n\n\n<p class=\"wp-block-paragraph\">Este mural denominado \u201cMujeres luchadoras de Am\u00e9rica\u201d busca plasmar historias de diversas mujeres de la regi\u00f3n que han realizado contribuciones en la defensa de los derechos humanos de este sector que representa a m\u00e1s de la mitad de la poblaci\u00f3n en el mundo.<\/p>\n\n\n\n<p class=\"wp-block-paragraph\">Asimismo, el artista realiz\u00f3 diversas entrevistas con mujeres que trabajan en esta Central de Abasto, que es la m\u00e1s grande de Am\u00e9rica Latina, porque \u201cellas son luchadoras de la vida cotidiana\u201d y quiere que sus historias queden reflejadas en este mural.&nbsp;<\/p>\n\n\n\n<p class=\"wp-block-paragraph\">Este mural forma parte de las acciones de la campa\u00f1a de ONU Mujeres&nbsp;<a href=\"https:\/\/www.heforshe.org\/es\" target=\"_blank\" rel=\"noreferrer noopener\"><em>He For She<\/em><\/a><em>.<\/em>&nbsp;&nbsp;Esta campa\u00f1a se lanz\u00f3 el 20 de septiembre de 2014 con el objetivo de sumar acciones individuales y colectivas para alcanzar la igualdad de g\u00e9nero, as\u00ed como para eliminar cualquier forma de discriminaci\u00f3n contra las mujeres y las ni\u00f1as.<\/p>\n\n\n\n<p class=\"wp-block-paragraph\">En M\u00e9xico, 57 instituciones se han adherido a la campa\u00f1a&nbsp;<em>HeForShe<\/em>&nbsp;en la que se busca hacer conciencia de que la igualdad de g\u00e9nero libera no s\u00f3lo a las mujeres, sino tambi\u00e9n a los hombres, de los roles sociales preestablecidos y de los estereotipos de g\u00e9nero.<\/p>\n\n\n\n<p class=\"wp-block-paragraph\">SEM\/md\/sj<br><\/p>\n","protected":false},"excerpt":{"rendered":"<p>Redacci\u00f3n Mar\u00eda Degollado SemM\u00e9xico, Cd. de M\u00e9xico, 6 marzo 2019.- Con motivo de la conmemoraci\u00f3n del&nbsp;D\u00eda Internacional de la Mujer, y en el marco de la campa\u00f1a&nbsp;He for She, se inaugur\u00f3 un mural relativo a las mujeres luchadoras en la Central de Abasto de la Ciudad de M\u00e9xico. En una actividad organizada por ONU Mujeres [&hellip;]<\/p>\n","protected":false},"author":3,"featured_media":6941,"comment_status":"open","ping_status":"open","sticky":false,"template":"","format":"standard","meta":{"_monsterinsights_skip_tracking":false,"footnotes":""},"categories":[690,51],"tags":[],"class_list":["post-6938","post","type-post","status-publish","format-standard","has-post-thumbnail","category-690","category-ejecutivo"],"_links":{"self":[{"href":"https:\/\/redsemlac.com\/semmexico\/wp-json\/wp\/v2\/posts\/6938","targetHints":{"allow":["GET"]}}],"collection":[{"href":"https:\/\/redsemlac.com\/semmexico\/wp-json\/wp\/v2\/posts"}],"about":[{"href":"https:\/\/redsemlac.com\/semmexico\/wp-json\/wp\/v2\/types\/post"}],"author":[{"embeddable":true,"href":"https:\/\/redsemlac.com\/semmexico\/wp-json\/wp\/v2\/users\/3"}],"replies":[{"embeddable":true,"href":"https:\/\/redsemlac.com\/semmexico\/wp-json\/wp\/v2\/comments?post=6938"}],"version-history":[{"count":0,"href":"https:\/\/redsemlac.com\/semmexico\/wp-json\/wp\/v2\/posts\/6938\/revisions"}],"wp:featuredmedia":[{"embeddable":true,"href":"https:\/\/redsemlac.com\/semmexico\/wp-json\/wp\/v2\/media\/6941"}],"wp:attachment":[{"href":"https:\/\/redsemlac.com\/semmexico\/wp-json\/wp\/v2\/media?parent=6938"}],"wp:term":[{"taxonomy":"category","embeddable":true,"href":"https:\/\/redsemlac.com\/semmexico\/wp-json\/wp\/v2\/categories?post=6938"},{"taxonomy":"post_tag","embeddable":true,"href":"https:\/\/redsemlac.com\/semmexico\/wp-json\/wp\/v2\/tags?post=6938"}],"curies":[{"name":"wp","href":"https:\/\/api.w.org\/{rel}","templated":true}]}}