{"id":6934,"date":"2019-04-07T17:37:25","date_gmt":"2019-04-07T17:37:25","guid":{"rendered":"https:\/\/redsemlac.com\/semmexico\/?p=6934"},"modified":"2023-07-21T14:47:42","modified_gmt":"2023-07-21T19:47:42","slug":"se-trato-de-un-uso-indebido-de-logotipos-oficiales","status":"publish","type":"post","link":"https:\/\/redsemlac.com\/semmexico\/se-trato-de-un-uso-indebido-de-logotipos-oficiales\/","title":{"rendered":"Se trat\u00f3 de un uso indebido de logotipos oficiales."},"content":{"rendered":"\n<p class=\"wp-block-paragraph\"><a href=\"https:\/\/www.semmexico.com\/gallery-post.php?id=7428#\">Josefina Aguilar Pastor,<\/a><\/p>\n\n\n\n<p class=\"wp-block-paragraph\">SemM\u00e9xico.Chilpancingo, Guerrero. 7 de marzo de 2019.- &nbsp;Maira Mart\u00ednez Pineda, titular de la Secretar\u00eda de la Mujer (Semujer), deslind\u00f3 al Gobierno del Estado, de los festejos con pasarelas de modas y rifa de maquillaje que realizaron en municipios como Acapulco y Zihuatanejo por la conmemoraci\u00f3n del D\u00eda Internacional de la Mujer, acciones como esa, violentan los derechos de las mujeres y reproduce estereotipos, afirma.<\/p>\n\n\n\n<p class=\"wp-block-paragraph\">En entrevista, luego de darse a conocer la realizaci\u00f3n de un desfile de modas y una rifa de maquillaje en Acapulco y Zihuatanejo, actividades convocadas presuntamente &nbsp;entre otras por la Semujer y el Dif Guerrero, la funcionaria rechaz\u00f3 que el gobierno del Estado, el Dif, &nbsp;o alguna instituci\u00f3n oficial, haya avalado estas acciones, en especial la dependencia, que encabeza.<\/p>\n\n\n\n<p class=\"wp-block-paragraph\">Puntualiz\u00f3 que el 8 de marzo, D\u00eda Internacional de la Mujer, no es un d\u00eda de celebraci\u00f3n ni para regocijarse, es de reflexi\u00f3n y conmemoraci\u00f3n \u201clas pasarelas, el maquillaje, todo es violencia simb\u00f3lica\u201d, la lucha de las mujeres en el pa\u00eds, es para erradicar las situaciones que anclan en una visi\u00f3n muy acotada de lo que son los derechos de las mujeres, refiri\u00f3.<\/p>\n\n\n\n<p class=\"wp-block-paragraph\">\u201cEsto es inadmisible, yo categ\u00f3ricamente desmiento esta situaci\u00f3n, en ning\u00fan momento se consult\u00f3 a la Secretar\u00eda de la Mujer, ni el evento de Acapulco, de una plaza que desconozco totalmente el lugar, ni en el municipio, en el otro municipio que se realiz\u00f3, me vengo enterando tambi\u00e9n el d\u00eda de hoy, en ning\u00fan momento fue consultada esta servidora, para el uso oficial del logotipo\u201d, explic\u00f3.<\/p>\n\n\n\n<p class=\"wp-block-paragraph\">Se trat\u00f3 de un uso indebido de logotipos oficiales, de acuerdo a la explicaci\u00f3n que dijo, le habr\u00edan dado en la plaza comercial donde realizaron el desfile de modas, solicitaron el apoyo a la autoridad municipal de Acapulco la cual acept\u00f3, pero al momento de colocar nombres y logotipos \u201cse equivocaron\u201d, y pusieron el de la Semujer, por ser el primero que \u201cencontraron\u201d; \u201cpero a la Secretar\u00eda nunca la consultaron, nunca le solicitaron ni de manera &nbsp;verbal mucho menos oficial, mismo caso en los otros municipios\u201d, insisti\u00f3 la funcionaria.<\/p>\n\n\n\n<p class=\"wp-block-paragraph\">Subray\u00f3 que todas las actividades que la Semujer realiza, las publica en su p\u00e1gina oficial en redes sociales, este tipo de eventos son una falta de respeto para todas las mujeres recarg\u00f3. Estas fechas no se deben de celebrar de ninguna manera, mucho menos en un pa\u00eds donde hay alertas de g\u00e9nero, muertes de mujeres a diario, ni\u00f1as violentadas en sus derechos, es una incongruencia, afirm\u00f3 Mart\u00ednez Pineda.<\/p>\n\n\n\n<p class=\"wp-block-paragraph\">Sin embargo adelant\u00f3 que no habr\u00e1 ning\u00fan llamado de atenci\u00f3n a quienes usaron de manera indebida el logotipo de la Semujer, al contrario, hay compresi\u00f3n dijo. Al haber sido la iniciativa privada la que supuestamente convoc\u00f3 y realizado estas acciones, la titular de la Semjuer coincidi\u00f3 en que reflejan que a\u00fan falta mucho por hacer en la sociedad civil, que contin\u00faa estereotipando a las mujeres, y se requiere reforzar los mensajes en torno a que s\u00ed y que no se debe hacer en cuanto a estas fechas \u201cpara que la gente vaya captando al idea de lo que es el d\u00eda internacional de la Mujer\u201d.<\/p>\n\n\n\n<p class=\"wp-block-paragraph\">En cuanto a las instancias oficiales municipales que hayan participado, la Semujer har\u00e1 una recomendaci\u00f3n de manera oficial, no coercitiva ni sancionadora, sino para orientarlas en cuanto a c\u00f3mo pueden realizar acciones afirmativas de estas \u2018celebraciones\u2019 y ser\u00e1 la misma indicaci\u00f3n para &nbsp;las delegadas regionales, y personal de la dependencia, adelant\u00f3.<\/p>\n\n\n\n<p class=\"wp-block-paragraph\">Y no es que estas acciones sean malas, coment\u00f3 Mart\u00ednez Pineda, pero no van con la esencia de la conmemoraci\u00f3n de un d\u00eda Internacional de la mujer para hacer visibles sus derechos. Insisti\u00f3 que no fue el gobierno del estado, la Semujer no avala estas actividades \u201clamento mucho esta confusi\u00f3n, est\u00e1 de por medio el trabajo que realiza en la Secretar\u00eda, pero adem\u00e1s resulta indigno para todas las mujeres, el que te tipo de acciones se fomente\u201d, con ellas se violenta a todas las mujeres, acot\u00f3.<br><\/p>\n","protected":false},"excerpt":{"rendered":"<p>Josefina Aguilar Pastor, SemM\u00e9xico.Chilpancingo, Guerrero. 7 de marzo de 2019.- &nbsp;Maira Mart\u00ednez Pineda, titular de la Secretar\u00eda de la Mujer (Semujer), deslind\u00f3 al Gobierno del Estado, de los festejos con pasarelas de modas y rifa de maquillaje que realizaron en municipios como Acapulco y Zihuatanejo por la conmemoraci\u00f3n del D\u00eda Internacional de la Mujer, acciones [&hellip;]<\/p>\n","protected":false},"author":3,"featured_media":6936,"comment_status":"open","ping_status":"open","sticky":false,"template":"","format":"standard","meta":{"_monsterinsights_skip_tracking":false,"footnotes":""},"categories":[690,51],"tags":[],"class_list":["post-6934","post","type-post","status-publish","format-standard","has-post-thumbnail","category-690","category-ejecutivo"],"_links":{"self":[{"href":"https:\/\/redsemlac.com\/semmexico\/wp-json\/wp\/v2\/posts\/6934","targetHints":{"allow":["GET"]}}],"collection":[{"href":"https:\/\/redsemlac.com\/semmexico\/wp-json\/wp\/v2\/posts"}],"about":[{"href":"https:\/\/redsemlac.com\/semmexico\/wp-json\/wp\/v2\/types\/post"}],"author":[{"embeddable":true,"href":"https:\/\/redsemlac.com\/semmexico\/wp-json\/wp\/v2\/users\/3"}],"replies":[{"embeddable":true,"href":"https:\/\/redsemlac.com\/semmexico\/wp-json\/wp\/v2\/comments?post=6934"}],"version-history":[{"count":0,"href":"https:\/\/redsemlac.com\/semmexico\/wp-json\/wp\/v2\/posts\/6934\/revisions"}],"wp:featuredmedia":[{"embeddable":true,"href":"https:\/\/redsemlac.com\/semmexico\/wp-json\/wp\/v2\/media\/6936"}],"wp:attachment":[{"href":"https:\/\/redsemlac.com\/semmexico\/wp-json\/wp\/v2\/media?parent=6934"}],"wp:term":[{"taxonomy":"category","embeddable":true,"href":"https:\/\/redsemlac.com\/semmexico\/wp-json\/wp\/v2\/categories?post=6934"},{"taxonomy":"post_tag","embeddable":true,"href":"https:\/\/redsemlac.com\/semmexico\/wp-json\/wp\/v2\/tags?post=6934"}],"curies":[{"name":"wp","href":"https:\/\/api.w.org\/{rel}","templated":true}]}}