{"id":6930,"date":"2019-04-07T17:36:01","date_gmt":"2019-04-07T17:36:01","guid":{"rendered":"https:\/\/redsemlac.com\/semmexico\/?p=6930"},"modified":"2023-07-21T14:47:42","modified_gmt":"2023-07-21T19:47:42","slug":"deben-realizar-el-pago-de-los-apoyos-de-enero-y-febrero-en-los-terminos-en-que-operaba-en-2018","status":"publish","type":"post","link":"https:\/\/redsemlac.com\/semmexico\/deben-realizar-el-pago-de-los-apoyos-de-enero-y-febrero-en-los-terminos-en-que-operaba-en-2018\/","title":{"rendered":"Deben realizar el pago de los apoyos de enero y febrero, en los t\u00e9rminos en que operaba en 2018."},"content":{"rendered":"\n<p class=\"wp-block-paragraph\"><a href=\"https:\/\/www.semmexico.com\/gallery-post.php?id=7429#\">Elda Montiel<\/a><\/p>\n\n\n\n<p class=\"wp-block-paragraph\">SemM\u00e9xico. Cd. de M\u00e9xico. 7 de marzo de 2019.- Medidas de seguridad urgentes para las responsables de estancias infantiles que hayan sufrido agresiones o amenazas derivadas de la informaci\u00f3n publicada relacionada con acusaciones de corrupci\u00f3n y por realizar la defensa de los derechos humanos de ni\u00f1as, ni\u00f1os y mujeres&nbsp;son parte de las medidas cautelares que solicit\u00f3 la Comisi\u00f3n Nacional de los Derechos Humanos a la Secretar\u00eda de Gobernaci\u00f3n.<\/p>\n\n\n\n<p class=\"wp-block-paragraph\">As\u00ed como el&nbsp;pago de los apoyos de enero y febrero, en los t\u00e9rminos en que operaba en 2018&nbsp;&nbsp;el programa de estancias infantiles. &nbsp;<\/p>\n\n\n\n<p class=\"wp-block-paragraph\">Las responsables de las estancias infantiles&nbsp;piden una disculpa p\u00fablica de las autoridades federales&nbsp;ante las acusaciones de corrupci\u00f3n y manejo irregular de las estancias infantiles&nbsp;toda vez que&nbsp;se da\u00f1\u00f3 su imagen y reputaci\u00f3n, y frenar el hostigamiento&nbsp;del que son objeto por&nbsp;parte de autoridades federales y en algunos casos, estatales y municipales.<\/p>\n\n\n\n<p class=\"wp-block-paragraph\">En un oficio dirigido al&nbsp;Subsecretario de Derechos Humanos, Migraci\u00f3n y Poblaci\u00f3n&nbsp;de la Secretaria&nbsp;de Gobernaci\u00f3nn, Alejandro Encinas Rodr\u00edguez,&nbsp;la CNDH&nbsp;solicita acordar medidas cautelares en beneficio de las responsables de 8000 estancias infantiles del pa\u00eds.<\/p>\n\n\n\n<p class=\"wp-block-paragraph\">As\u00ed como buscar la&nbsp;generaci\u00f3n&nbsp;de pol\u00edticas&nbsp;p\u00fablicas&nbsp;de igualdad entre los g\u00e9neros que permitan a las mujeres conciliar el ejercicio del derecho al trabajo y el derecho a la familia, as\u00ed como&nbsp;gestionar las medidas que resulten necesarias a fin de evitar regresi\u00f3n alguna en el ejercicio de los derechos econ\u00f3micos y sociales de todas las personas beneficiarias del Programa de estancias infantiles&nbsp;que redunden en el mayor beneficio de las ni\u00f1as y los ni\u00f1os.<\/p>\n\n\n\n<p class=\"wp-block-paragraph\">Tambi\u00e9n se&nbsp;solicit\u00f3&nbsp;la&nbsp;emisi\u00f3n del Acuerdo de las Reglas de Operaci\u00f3n del Programa para el Bienestar de las ni\u00f1as y ni\u00f1os, hijos de las madres trabajadoras par el ejercicio fiscal 2019.<\/p>\n\n\n\n<p class=\"wp-block-paragraph\">Entre las solicitudes del organismo destaca el establecer&nbsp;las acciones que permitan hacer efectivo el derecho de participaci\u00f3n de madres trabajadoras y padres solos o tutores con motivo de las medidas administrativas y legales que en su caso se adopten en relaci\u00f3n con el Programa de Apoyos 2019, teniendo presente en todo momento el inter\u00e9s&nbsp;superior de ni\u00f1as y ni\u00f1os.<\/p>\n\n\n\n<p class=\"wp-block-paragraph\">Por lo que se insiste en generar&nbsp;las acciones de coordinaci\u00f3n necesarias entre autoridades federales y locales que eviten la violaci\u00f3n de los derechos de ni\u00f1as y ni\u00f1os en la asignaci\u00f3n de recursos destinados al Programa de Apoyo 2019 y su modificaci\u00f3n en la forma de asignar los apoyos econ\u00f3micos, privilegiando en toda actividad estatal el inter\u00e9s superior de la ni\u00f1ez.<\/p>\n\n\n\n<p class=\"wp-block-paragraph\">En el documento, la Comisi\u00f3n Nacional subraya que ha expresado p\u00fablicamente su preocupaci\u00f3n por el impacto de las medidas anunciadas en los derechos de ni\u00f1as y ni\u00f1os,&nbsp;sus familias, as\u00ed como responsables y trabajadoras de estancias infantiles, entre otras,&nbsp;ya que se podr\u00edan&nbsp;profundizar las brechas de desigualdad de g\u00e9nero en el pa\u00eds, toda vez que las mujeres trabajadoras se ver\u00edan obligadas a renunciar a su empleo para asumir el cuidado total de sus hijas e hijos.<\/p>\n\n\n\n<p class=\"wp-block-paragraph\">Ante la petici\u00f3n de las responsables de estancias infantiles y trabajadoras a la CNDH el 25 de&nbsp;febrero &nbsp;destaca&nbsp;&nbsp;que la&nbsp;Auditor\u00eda Superior de la Federaci\u00f3nn evalu\u00f3&nbsp;el Programa de Estancias Infantiles durante el periodo 2017 y 2018, habiendo detectado irregularidades en 319 estancias infantiles de un total de 9 mil 565, lo que represent\u00f3 el 3.3% de los establecimientos en el pa\u00eds e hizo observaci\u00f3nn&nbsp;s\u00f3lo al 1.8% del presupuesto del programa.&nbsp;<\/p>\n\n\n\n<p class=\"wp-block-paragraph\">Y demandan que&nbsp;es conveniente evaluar si las transferencias econ\u00f3micas directas a las familias resultan el mecanismo id\u00f3neo para garantizar los derechos de ni\u00f1as y&nbsp;ni\u00f1os o servir\u00e1n&nbsp;para satisfacer otras necesidades b\u00e1sicas.<\/p>\n\n\n\n<p class=\"wp-block-paragraph\">La CNDH tambi\u00e9n se\u00f1ala en su oficio que el&nbsp;Estado Mexicano&nbsp;en el&nbsp;a\u00f1o 2020 tendr\u00e1 que comparecer ante ese Comit\u00e9 con motivo del Sexto Informe Peri\u00f3dico de Cumplimiento de &nbsp;la &nbsp;Convenci\u00f3n &nbsp;sobre &nbsp;los &nbsp;Derechos del Ni\u00f1o, en cuyo caso podr\u00eda haber alguna observaci\u00f3n a las autoridades mexicanas.<\/p>\n\n\n\n<p class=\"wp-block-paragraph\">Tambi\u00e9n que la&nbsp;posible restricci\u00f3n a los derechos de la primera infancia como son el de educaci\u00f3n, estimulaci\u00f3n temprana, a vivir en condiciones de bienestar y a un sano desarrollo integral&nbsp;&nbsp;se pone&nbsp;en riesgo&nbsp;por estas medidas, ya que&nbsp;madres y padres afectados en la &nbsp;atenci\u00f3n y cuidado &nbsp;de sus hijas e hijos, busquen otras &nbsp;opciones &nbsp;que deriven &nbsp;en un gasto familiar &nbsp;imprevisto, o dejar el cuidado de ellas &nbsp;y &nbsp;ellos &nbsp;a &nbsp;personas &nbsp;que &nbsp;no &nbsp;cuenten &nbsp;con &nbsp;las &nbsp;habilidades &nbsp;y &nbsp;preparaci\u00f3nn&nbsp;adecuadas.<\/p>\n\n\n\n<p class=\"wp-block-paragraph\">Tras se\u00f1alar que la&nbsp;Comisi\u00f3n Nacional continuar\u00e1 integrando el expediente de queja y en su momento emitir\u00e1 el pronunciamiento que conforme a derecho corresponda, est\u00e1 la afectaci\u00f3n&nbsp;de derechos de las personas responsables y trabajadoras de esos establecimientos, sin desconocer que esos apoyos econ\u00f3micos se destinan a la poblaci\u00f3n en condiciones de pobreza, vulnerabilidad y marginaci\u00f3n social.<br><\/p>\n","protected":false},"excerpt":{"rendered":"<p>Elda Montiel SemM\u00e9xico. Cd. de M\u00e9xico. 7 de marzo de 2019.- Medidas de seguridad urgentes para las responsables de estancias infantiles que hayan sufrido agresiones o amenazas derivadas de la informaci\u00f3n publicada relacionada con acusaciones de corrupci\u00f3n y por realizar la defensa de los derechos humanos de ni\u00f1as, ni\u00f1os y mujeres&nbsp;son parte de las medidas [&hellip;]<\/p>\n","protected":false},"author":3,"featured_media":6931,"comment_status":"open","ping_status":"open","sticky":false,"template":"","format":"standard","meta":{"_monsterinsights_skip_tracking":false,"footnotes":""},"categories":[690,51],"tags":[],"class_list":["post-6930","post","type-post","status-publish","format-standard","has-post-thumbnail","category-690","category-ejecutivo"],"_links":{"self":[{"href":"https:\/\/redsemlac.com\/semmexico\/wp-json\/wp\/v2\/posts\/6930","targetHints":{"allow":["GET"]}}],"collection":[{"href":"https:\/\/redsemlac.com\/semmexico\/wp-json\/wp\/v2\/posts"}],"about":[{"href":"https:\/\/redsemlac.com\/semmexico\/wp-json\/wp\/v2\/types\/post"}],"author":[{"embeddable":true,"href":"https:\/\/redsemlac.com\/semmexico\/wp-json\/wp\/v2\/users\/3"}],"replies":[{"embeddable":true,"href":"https:\/\/redsemlac.com\/semmexico\/wp-json\/wp\/v2\/comments?post=6930"}],"version-history":[{"count":0,"href":"https:\/\/redsemlac.com\/semmexico\/wp-json\/wp\/v2\/posts\/6930\/revisions"}],"wp:featuredmedia":[{"embeddable":true,"href":"https:\/\/redsemlac.com\/semmexico\/wp-json\/wp\/v2\/media\/6931"}],"wp:attachment":[{"href":"https:\/\/redsemlac.com\/semmexico\/wp-json\/wp\/v2\/media?parent=6930"}],"wp:term":[{"taxonomy":"category","embeddable":true,"href":"https:\/\/redsemlac.com\/semmexico\/wp-json\/wp\/v2\/categories?post=6930"},{"taxonomy":"post_tag","embeddable":true,"href":"https:\/\/redsemlac.com\/semmexico\/wp-json\/wp\/v2\/tags?post=6930"}],"curies":[{"name":"wp","href":"https:\/\/api.w.org\/{rel}","templated":true}]}}