{"id":6925,"date":"2019-04-08T17:34:35","date_gmt":"2019-04-08T17:34:35","guid":{"rendered":"https:\/\/redsemlac.com\/semmexico\/?p=6925"},"modified":"2023-07-21T14:47:42","modified_gmt":"2023-07-21T19:47:42","slug":"se-abordaron-diversos-temas-desde-la-guardia-nacional-hasta-refugios-y-estancias-infantiles","status":"publish","type":"post","link":"https:\/\/redsemlac.com\/semmexico\/se-abordaron-diversos-temas-desde-la-guardia-nacional-hasta-refugios-y-estancias-infantiles\/","title":{"rendered":"Se abordaron diversos temas desde la Guardia Nacional hasta refugios y estancias infantiles."},"content":{"rendered":"\n<p class=\"wp-block-paragraph\"><a href=\"https:\/\/www.semmexico.com\/gallery-post.php?id=7451#\">Elda Montiel<\/a><\/p>\n\n\n\n<p class=\"wp-block-paragraph\">SemM\u00e9xico. Ginebra. 8 de marzo de 2019.- El contexto de inseguridad, violencia, desigualdad y pobreza, corrupci\u00f3n e impunidad, as\u00ed como los rasgos de polarizaci\u00f3n que se viven en M\u00e9xico, y la importancia de contar con contrapesos democr\u00e1ticos, como son los organismos aut\u00f3nomos en el pa\u00eds fueron abordados en la reuni\u00f3n de trabajo que sostuvo la se\u00f1ora Michelle Bachelet, Alta Comisionada de las Naciones Unidas para los Derechos Humanos y el ombudsperson mexicano Luis Ra\u00fal Gonz\u00e1lez P\u00e9rez.&nbsp;<\/p>\n\n\n\n<p class=\"wp-block-paragraph\">En el marco de la Reuni\u00f3n Anual de la Alianza Global de Instituciones Nacionales de Derechos Humanos (GANHRI), en Ginebra, Suiza se abordaron temas como el de la Guardia Nacional y la importancia de que quedara un mando civil, as\u00ed como la necesidad de capacitar a los cuerpos policiacos.<\/p>\n\n\n\n<p class=\"wp-block-paragraph\">Ra\u00fal Gonz\u00e1lez P\u00e9rez entre los desaf\u00edos en materia de derechos humanos y la urgente necesidad de atenderlos externo la necesidad de contar con un Programa Nacional de Derechos Humanos en nuestro pa\u00eds.<\/p>\n\n\n\n<p class=\"wp-block-paragraph\">En dicha reuni\u00f3n se habl\u00f3 de la necesidad de fortalecer los v\u00ednculos entre ambos organismos y trazar una agenda com\u00fan de colaboraci\u00f3n en las tareas de defensa de los derechos humanos.<\/p>\n\n\n\n<p class=\"wp-block-paragraph\">Asimismo, se abord\u00f3 el retroceso de la ampliaci\u00f3n de la prisi\u00f3n preventiva oficiosa, la importancia de la Recomendaci\u00f3n del Caso Iguala, pieza clave para las investigaciones futuras del nuevo gobierno, y que uno de los mayores desaf\u00edos del Estado mexicano es el tema de desapariciones.<\/p>\n\n\n\n<p class=\"wp-block-paragraph\"><strong>Estancias infantiles y refugios<\/strong><\/p>\n\n\n\n<p class=\"wp-block-paragraph\">Se tocaron t\u00f3picos como las estancias infantiles y refugios de mujeres, sobre todo de que la falta de apoyos crear\u00eda un vac\u00edo que puede generar vulneraciones a los derechos humanos, y se coment\u00f3 al respecto que es muy importante hacer evaluaciones para que se investigue y sancionen las irregularidades, pero sin desatender las necesidades de la poblaci\u00f3n que se beneficia de estos servicios.<\/p>\n\n\n\n<p class=\"wp-block-paragraph\">Ambos coincidieron en la intensa actividad de la CNDH con los \u00d3rganos de Tratados y las sinergias positivas con la Oficina de la Alta Comisionada en M\u00e9xico.<\/p>\n\n\n\n<p class=\"wp-block-paragraph\">En el tema de la migraci\u00f3n se coment\u00f3 acerca de los desaf\u00edos en los escenarios de retorno de solicitantes de refugio de centroamericanos en Estados Unidos que son devueltos a nuestro pa\u00eds, por presuntas decisiones unilaterales de Estados Unidos.<\/p>\n\n\n\n<p class=\"wp-block-paragraph\">Del Consejo Nacional para el Desarrollo y la Inclusi\u00f3n de las Personas con Discapacidad (CONADIS), se destac\u00f3 la importancia de no desatender pol\u00edticas p\u00fablicas con enfoque de derechos humanos y su rol en la implementaci\u00f3n de la Convenci\u00f3n sobre los Derechos de las Personas con Discapacidad.<\/p>\n\n\n\n<p class=\"wp-block-paragraph\">Luis Ra\u00fal Gonz\u00e1lez P\u00e9rez se reuni\u00f3 con el Sr. Coly Seck, Presidente del Consejo de Derechos Humanos de Naciones Unidas, en donde tuvo la oportunidad de intercambiar opiniones sobre el rol de las Instituciones Nacionales de Derechos Humanos y la figura del Ombudsperson cl\u00e1sico y su vinculaci\u00f3n con la ONU.<\/p>\n\n\n\n<p class=\"wp-block-paragraph\">A dicha reuni\u00f3n tambi\u00e9n asistieron el Sr. G\u00fcnter Krauter, Secretario General del Instituto Internacional del Ombudsman (IOI) y el Sr. John Walters, Presidente de la INDH de Namibia.<\/p>\n","protected":false},"excerpt":{"rendered":"<p>Elda Montiel SemM\u00e9xico. Ginebra. 8 de marzo de 2019.- El contexto de inseguridad, violencia, desigualdad y pobreza, corrupci\u00f3n e impunidad, as\u00ed como los rasgos de polarizaci\u00f3n que se viven en M\u00e9xico, y la importancia de contar con contrapesos democr\u00e1ticos, como son los organismos aut\u00f3nomos en el pa\u00eds fueron abordados en la reuni\u00f3n de trabajo que [&hellip;]<\/p>\n","protected":false},"author":3,"featured_media":6927,"comment_status":"open","ping_status":"open","sticky":false,"template":"","format":"standard","meta":{"_monsterinsights_skip_tracking":false,"footnotes":""},"categories":[690,51],"tags":[],"class_list":["post-6925","post","type-post","status-publish","format-standard","has-post-thumbnail","category-690","category-ejecutivo"],"_links":{"self":[{"href":"https:\/\/redsemlac.com\/semmexico\/wp-json\/wp\/v2\/posts\/6925","targetHints":{"allow":["GET"]}}],"collection":[{"href":"https:\/\/redsemlac.com\/semmexico\/wp-json\/wp\/v2\/posts"}],"about":[{"href":"https:\/\/redsemlac.com\/semmexico\/wp-json\/wp\/v2\/types\/post"}],"author":[{"embeddable":true,"href":"https:\/\/redsemlac.com\/semmexico\/wp-json\/wp\/v2\/users\/3"}],"replies":[{"embeddable":true,"href":"https:\/\/redsemlac.com\/semmexico\/wp-json\/wp\/v2\/comments?post=6925"}],"version-history":[{"count":0,"href":"https:\/\/redsemlac.com\/semmexico\/wp-json\/wp\/v2\/posts\/6925\/revisions"}],"wp:featuredmedia":[{"embeddable":true,"href":"https:\/\/redsemlac.com\/semmexico\/wp-json\/wp\/v2\/media\/6927"}],"wp:attachment":[{"href":"https:\/\/redsemlac.com\/semmexico\/wp-json\/wp\/v2\/media?parent=6925"}],"wp:term":[{"taxonomy":"category","embeddable":true,"href":"https:\/\/redsemlac.com\/semmexico\/wp-json\/wp\/v2\/categories?post=6925"},{"taxonomy":"post_tag","embeddable":true,"href":"https:\/\/redsemlac.com\/semmexico\/wp-json\/wp\/v2\/tags?post=6925"}],"curies":[{"name":"wp","href":"https:\/\/api.w.org\/{rel}","templated":true}]}}