{"id":69247,"date":"2023-07-22T17:15:39","date_gmt":"2023-07-22T22:15:39","guid":{"rendered":"https:\/\/redsemlac.com\/semmexico\/?p=69247"},"modified":"2023-07-22T17:15:39","modified_gmt":"2023-07-22T22:15:39","slug":"detienen-a-mujeres-afromexicanas-de-oaxaca-las-confunden-con-migrantes-africanas","status":"publish","type":"post","link":"https:\/\/redsemlac.com\/semmexico\/detienen-a-mujeres-afromexicanas-de-oaxaca-las-confunden-con-migrantes-africanas\/","title":{"rendered":"Detienen a mujeres afromexicanas de Oaxaca; las \u00abconfunden\u00bb con migrantes africanas"},"content":{"rendered":"<p>FOTO:\u00a0 Mujeres de colectivas afromexicanas denuncias detenci\u00f3n arbitraria de sus compa\u00f1eras.<\/p>\n<p>&nbsp;<\/p>\n<p>Patricia Brise\u00f1o<\/p>\n<p>&nbsp;<\/p>\n<p>SemM\u00e9xico, Oaxaca, Oax., 22 de julio, 2023.- Un grupo de mujeres de comunidades afromexicanas, originarias de Oaxaca y Guerrero, fueron detenidas por corporaciones policiacas presuntamente confundidas con migrantes africanas, denunci\u00f3 la Asociaci\u00f3n de Mujeres de la Costa de Oaxaca (AMCO)<\/p>\n<p>&nbsp;<\/p>\n<p>Posteriormente, las activistas fueron liberadas tras varias horas de retenci\u00f3n, comprobando su nacionalidad mexicana y por la intervenci\u00f3n de organizaciones\u00a0sociales por condenar el agravio\u00a0y violaci\u00f3n a los derechos humanos cometido por los servidores p\u00fablicos, sucedido\u00a0en el marco del pr\u00f3ximo, 25 de julio, D\u00eda Internacional de la Mujer Afrodescendiente.<\/p>\n<p>&nbsp;<\/p>\n<p>Rosa Mar\u00eda Castro, integrante del colectivo de mujeres afro\u00a0expuso que\u00a0sus compa\u00f1eras fueron interceptadas en el trayecto\u00a0carretero cuando se dirig\u00eda de sus lugares de origen a la poblaci\u00f3n de Tamiahua, Veracruz, donde este fin de semana sucede\u00a0el S\u00e9ptimo Encuentro Nacional e Internacional de Mujeres Afromexicanas.<\/p>\n<p>&nbsp;<\/p>\n<p>\u201cAunque las compa\u00f1eras se identificaron fueron retenidas en la carretera. Esta es una muestra de que el estado no quiere reconocer que hay poblaciones negras en M\u00e9xico\u00bb, expuso.<\/p>\n<p>&nbsp;<\/p>\n<p>\u201cUn ejemplo del racismo sist\u00e9mico, desigualdades y\u00a0la discriminaci\u00f3n vigente en el pa\u00eds, de ah\u00ed la importancia de reflexionar sobre\u00a0la doble discriminaci\u00f3n que viven las mujeres afromexicanas, con g\u00e9nero y herencia cultural\u201d, apunt\u00f3 la activista.<\/p>\n<p>&nbsp;<\/p>\n<p>De su lado, Yolanda\u00a0Camacho, representante de la organizaci\u00f3n \u00d1a\u2019Tund\u00e1 demand\u00f3 del Estado mexicano garantizar el derecho al libre tr\u00e1nsito y la seguridad de las mujeres afro en todo el territorio nacional.<\/p>\n<p>&nbsp;<\/p>\n<p>Las mujeres afromexicanas acuden\u00a0a la s\u00e9ptima edici\u00f3n del Encuentro Nacional e Internacional de Mujeres Afromexicanas este 22 y 23 de julio, organizado por las organizaciones civiles AMCO y el Colectivo \u00d1a&#8217;tund\u00e1.<\/p>\n<p>&nbsp;<\/p>\n<p>En esta ocasi\u00f3n cuenta con la participaci\u00f3n de la organizaci\u00f3n M\u00e9xico Negro y el Colectivo Afro Tamiahua A.C. que funge como anfitri\u00f3n del encuentro al que concurren mujeres de Oaxaca, Veracruz, Puebla, Morelos, Jalisco, Ciudad de M\u00e9xico y Guerrero, adem\u00e1s de colectivas\u00a0representativas de Per\u00fa, Colombia y Brasil.<\/p>\n","protected":false},"excerpt":{"rendered":"<p>FOTO:\u00a0 Mujeres de colectivas afromexicanas denuncias detenci\u00f3n arbitraria de sus compa\u00f1eras. &nbsp; Patricia Brise\u00f1o &nbsp; SemM\u00e9xico, Oaxaca, Oax., 22 de julio, 2023.- Un grupo de mujeres de comunidades afromexicanas, originarias de Oaxaca y Guerrero, fueron detenidas por corporaciones policiacas presuntamente confundidas con migrantes africanas, denunci\u00f3 la Asociaci\u00f3n de Mujeres de la Costa de Oaxaca (AMCO) [&hellip;]<\/p>\n","protected":false},"author":3,"featured_media":69248,"comment_status":"open","ping_status":"open","sticky":false,"template":"","format":"standard","meta":{"_monsterinsights_skip_tracking":false,"footnotes":""},"categories":[47],"tags":[],"class_list":["post-69247","post","type-post","status-publish","format-standard","has-post-thumbnail","category-no-mas-impunidad"],"_links":{"self":[{"href":"https:\/\/redsemlac.com\/semmexico\/wp-json\/wp\/v2\/posts\/69247","targetHints":{"allow":["GET"]}}],"collection":[{"href":"https:\/\/redsemlac.com\/semmexico\/wp-json\/wp\/v2\/posts"}],"about":[{"href":"https:\/\/redsemlac.com\/semmexico\/wp-json\/wp\/v2\/types\/post"}],"author":[{"embeddable":true,"href":"https:\/\/redsemlac.com\/semmexico\/wp-json\/wp\/v2\/users\/3"}],"replies":[{"embeddable":true,"href":"https:\/\/redsemlac.com\/semmexico\/wp-json\/wp\/v2\/comments?post=69247"}],"version-history":[{"count":0,"href":"https:\/\/redsemlac.com\/semmexico\/wp-json\/wp\/v2\/posts\/69247\/revisions"}],"wp:featuredmedia":[{"embeddable":true,"href":"https:\/\/redsemlac.com\/semmexico\/wp-json\/wp\/v2\/media\/69248"}],"wp:attachment":[{"href":"https:\/\/redsemlac.com\/semmexico\/wp-json\/wp\/v2\/media?parent=69247"}],"wp:term":[{"taxonomy":"category","embeddable":true,"href":"https:\/\/redsemlac.com\/semmexico\/wp-json\/wp\/v2\/categories?post=69247"},{"taxonomy":"post_tag","embeddable":true,"href":"https:\/\/redsemlac.com\/semmexico\/wp-json\/wp\/v2\/tags?post=69247"}],"curies":[{"name":"wp","href":"https:\/\/api.w.org\/{rel}","templated":true}]}}