{"id":6911,"date":"2019-04-08T17:29:50","date_gmt":"2019-04-08T17:29:50","guid":{"rendered":"https:\/\/redsemlac.com\/semmexico\/?p=6911"},"modified":"2023-07-21T14:47:42","modified_gmt":"2023-07-21T19:47:42","slug":"feminicidios-afectan-a-sociedad-en-general","status":"publish","type":"post","link":"https:\/\/redsemlac.com\/semmexico\/feminicidios-afectan-a-sociedad-en-general\/","title":{"rendered":"Feminicidios afectan a sociedad en general."},"content":{"rendered":"\n<p class=\"wp-block-paragraph\"><a href=\"https:\/\/www.semmexico.com\/gallery-post.php?id=7457#\">Redacci\u00f3n<\/a><\/p>\n\n\n\n<p class=\"wp-block-paragraph\">SemM\u00e9xico. Oaxaca. 8 de marzo de 2019.- La Defensor\u00eda de los Derechos Humanos&nbsp; del Pueblo de Oaxaca se\u00f1al\u00f3 que el Estado mexicano debe atender el nivel de violencia hacia las mujeres en el pa\u00eds, especialmente el feminicidio, por lo que debe cesar la cadena de omisiones que tuvieron gobiernos anteriores, la cuales generaron una situaci\u00f3n de impunidad al ser omisos en los procesos de impartici\u00f3n de justicia.<\/p>\n\n\n\n<p class=\"wp-block-paragraph\">La Defensor\u00eda puntualiz\u00f3 que la violencia hacia las mujeres y los feminicidios no afectan en forma exclusiva a las mujeres, sino que generan un da\u00f1o a toda la sociedad, pues si bien existen diversas causas estructurales y culturales que favorecen el fen\u00f3meno, es necesario considerar la relaci\u00f3n que existe entre el crecimiento de la violencia hacia las mujeres y el aumento del crimen organizado en la entidad y en todo el pa\u00eds.<\/p>\n\n\n\n<p class=\"wp-block-paragraph\">El organismo defensor insisti\u00f3 en que es obligaci\u00f3n del Estado mexicano y sus instituciones garantizar el derecho a la protecci\u00f3n y desarrollo de las mujeres, por lo cual urgente garantizar el derecho a la vida de las mujeres, pues no s\u00f3lo han aumentado las agresiones, sino tambi\u00e9n el nivel de violencia con el que se cometen estos cr\u00edmenes.<\/p>\n\n\n\n<p class=\"wp-block-paragraph\">Ante esto, la Defensor\u00eda hizo un llamado a los tres niveles de gobierno en Oaxaca para que generen pol\u00edticas p\u00fablicas y acciones efectivas para atender los casos de violencia hacia las mujeres, as\u00ed como mecanismos eficientes para combatir el feminicidio y garantizar el derecho a la justicia de las v\u00edctimas.<\/p>\n\n\n\n<p class=\"wp-block-paragraph\">La Defensor\u00eda tambi\u00e9n solicit\u00f3 al Congreso del estado que considere&nbsp; la generaci\u00f3n de presupuestos que permitan cumplir una pol\u00edtica integral para erradicar la Violencia contra las Mujeres. Adem\u00e1s, el organismo defensor demand\u00f3 al Poder Judicial que juzgue con perspectiva de g\u00e9nero.<\/p>\n\n\n\n<p class=\"wp-block-paragraph\">La instituci\u00f3n aut\u00f3noma demando en forma especial a la Fiscal\u00eda General del estado y a las polic\u00edas estatales y municipales, que refuercen sus acciones y estrategias para garantizar procesos eficaces en la investigaci\u00f3n de los feminicidios, a fin de disminuir efectivamente la impunidad y, con ello, prevenir ese grave delito.<\/p>\n\n\n\n<p class=\"wp-block-paragraph\">La instancia defensora insisti\u00f3 en que es urgente que la Fiscal\u00eda y la Secretar\u00eda de Seguridad P\u00fablica aceleren el proceso de adopci\u00f3n&nbsp; de&nbsp; las medidas requeridas desde el 5 de septiembre del a\u00f1o pasado por la Alerta de Violencia G\u00e9nero contra las Mujeres, a fin de investigar, sancionar y evitar en lo posible la comisi\u00f3n de feminicidios y otras agresiones violentas cometidas contra mujeres en el \u00e1mbito estatal.<\/p>\n\n\n\n<p class=\"wp-block-paragraph\">Asimismo, la Defensor\u00eda hizo un llamado urgente a la Secretar\u00eda de la Mujer Oaxaque\u00f1a para que coordine el establecimiento y la aplicaci\u00f3n de pol\u00edticas p\u00fablicas con enfoque de g\u00e9nero que contribuyan a combatir en el territorio estatal el fen\u00f3meno del feminicidio y la violencia contra las mujeres.<\/p>\n\n\n\n<p class=\"wp-block-paragraph\">La Defensor\u00eda record\u00f3 que tan s\u00f3lo este a\u00f1o durante el mes de enero&nbsp; organizaciones de la sociedad civil y medios de comunicaci\u00f3n registraron 19 casos de posible feminicidio en el&nbsp; estado, y destacan algunos casos por el nivel de violencia con el que se presentaron, como el asesinato de W. S. A. B., de 27 a\u00f1os de edad, quien muri\u00f3 debido a las quemaduras que sufri\u00f3 despu\u00e9s de ser rociada con gasolina por un hombre que acudi\u00f3 al bar \u201cLos Faroles\u201d de la Villa de Etla a reclamar la devoluci\u00f3n de pertenencias que asegur\u00f3 le fueron hurtadas.<\/p>\n\n\n\n<p class=\"wp-block-paragraph\">Finalmente, la instancia aut\u00f3noma defensora de derechos humanos consider\u00f3 preocupante que, a pesar de que en Oaxaca se estableci\u00f3 la Alerta de Violencia G\u00e9nero contra las Mujeres en septiembre del a\u00f1o pasado, el n\u00famero de feminicidios en territorio oaxaque\u00f1o no ha disminuido.<\/p>\n","protected":false},"excerpt":{"rendered":"<p>Redacci\u00f3n SemM\u00e9xico. Oaxaca. 8 de marzo de 2019.- La Defensor\u00eda de los Derechos Humanos&nbsp; del Pueblo de Oaxaca se\u00f1al\u00f3 que el Estado mexicano debe atender el nivel de violencia hacia las mujeres en el pa\u00eds, especialmente el feminicidio, por lo que debe cesar la cadena de omisiones que tuvieron gobiernos anteriores, la cuales generaron una [&hellip;]<\/p>\n","protected":false},"author":3,"featured_media":6912,"comment_status":"open","ping_status":"open","sticky":false,"template":"","format":"standard","meta":{"_monsterinsights_skip_tracking":false,"footnotes":""},"categories":[690,51],"tags":[],"class_list":["post-6911","post","type-post","status-publish","format-standard","has-post-thumbnail","category-690","category-ejecutivo"],"_links":{"self":[{"href":"https:\/\/redsemlac.com\/semmexico\/wp-json\/wp\/v2\/posts\/6911","targetHints":{"allow":["GET"]}}],"collection":[{"href":"https:\/\/redsemlac.com\/semmexico\/wp-json\/wp\/v2\/posts"}],"about":[{"href":"https:\/\/redsemlac.com\/semmexico\/wp-json\/wp\/v2\/types\/post"}],"author":[{"embeddable":true,"href":"https:\/\/redsemlac.com\/semmexico\/wp-json\/wp\/v2\/users\/3"}],"replies":[{"embeddable":true,"href":"https:\/\/redsemlac.com\/semmexico\/wp-json\/wp\/v2\/comments?post=6911"}],"version-history":[{"count":0,"href":"https:\/\/redsemlac.com\/semmexico\/wp-json\/wp\/v2\/posts\/6911\/revisions"}],"wp:featuredmedia":[{"embeddable":true,"href":"https:\/\/redsemlac.com\/semmexico\/wp-json\/wp\/v2\/media\/6912"}],"wp:attachment":[{"href":"https:\/\/redsemlac.com\/semmexico\/wp-json\/wp\/v2\/media?parent=6911"}],"wp:term":[{"taxonomy":"category","embeddable":true,"href":"https:\/\/redsemlac.com\/semmexico\/wp-json\/wp\/v2\/categories?post=6911"},{"taxonomy":"post_tag","embeddable":true,"href":"https:\/\/redsemlac.com\/semmexico\/wp-json\/wp\/v2\/tags?post=6911"}],"curies":[{"name":"wp","href":"https:\/\/api.w.org\/{rel}","templated":true}]}}