{"id":69102,"date":"2023-07-20T16:54:42","date_gmt":"2023-07-20T21:54:42","guid":{"rendered":"https:\/\/redsemlac.com\/semmexico\/?p=69102"},"modified":"2023-07-20T16:54:43","modified_gmt":"2023-07-20T21:54:43","slug":"colectivas-feministas-urgen-al-congreso-de-chiapas-armonizar-la-reforma-constitucional-3-de-3-para-acabar-con-la-impunidad-de-los-agresores","status":"publish","type":"post","link":"https:\/\/redsemlac.com\/semmexico\/colectivas-feministas-urgen-al-congreso-de-chiapas-armonizar-la-reforma-constitucional-3-de-3-para-acabar-con-la-impunidad-de-los-agresores\/","title":{"rendered":"Colectivas feministas urgen al Congreso de Chiapas, armonizar la reforma constitucional 3 de 3, para acabar con la impunidad de los agresores"},"content":{"rendered":"\n<p class=\"wp-block-paragraph\">Las mujeres exigen muerte civil y pol\u00edtica a quien vulnere los derechos humanos de las mujeres, los ni\u00f1os y las ni\u00f1as<\/p>\n\n\n\n<p class=\"wp-block-paragraph\">Indignante resulta que en Chiapas nieguen los derechos pol\u00edticos a los vagos y ebrios y no a quien desde el poder abandone, acose y vulnere derechos humanos<br><br><\/p>\n\n\n\n<p class=\"wp-block-paragraph\">Gabriela Couti\u00f1o<\/p>\n\n\n\n<p class=\"wp-block-paragraph\"><br>Tuxtla Guti\u00e9rrez, Chis. 19 Julio.- Colectivas feministas chiapanecas demandaron al Congreso del Estado, iniciar la armonizaci\u00f3n de la reforma constitucional 3 de 3, a trav\u00e9s de un proceso legislativo extraordinario, antes del 30 de septiembre, para que esta disposici\u00f3n alcance el rango constitucional en Chiapas, y la norma sea aplicable en las candidaturas estatales, municipales y locales que habr\u00e1n de renovarse en 2024, \u201cpara que nunca m\u00e1s un violentador acceda al poder\u201d.<br><br>Al ser Chiapas, el epicentro de la violencia intrafamiliar, las mujeres exigen que el art\u00edculo 38 de la constitucional, sea un asunto de suspensi\u00f3n de derechos pol\u00edticos y ciudadanos. De manera clara plantean: muerte civil y pol\u00edtica a quien vulnere los derechos humanos de las mujeres, los ni\u00f1os y las ni\u00f1as.<\/p>\n\n\n\n<p class=\"wp-block-paragraph\"><br>La petici\u00f3n es clara:\u201c Colocar en la constituci\u00f3n y en las leyes reglamentarias necesarias: no ser deudores de pensi\u00f3n alimenticia, no ser agresores sexuales, incluyendo el acoso y el hostigamiento, y no ser agresores en el \u00e1mbito p\u00fablico, pol\u00edtico y privado para ser titular del ejecutivo, estatal, titular del ejecutivo municipal, ser diputado o diputada local, ser alcalde, alcaldesa, o ser integrantes del cabildo, sean regidores, regidoras o s\u00edndicos, pero tambi\u00e9n de la administraci\u00f3n p\u00fablica estatal, y tambi\u00e9n del poder judicial y todas las leyes que se requieran para poder desterrar a los agresores del poder\u201d.<\/p>\n\n\n\n<p class=\"wp-block-paragraph\"><br>Durante dos d\u00edas, las activistas chiapanecas se reunieron con la feminista del grupo Nosotras Tenemos Otros Datos, Indira Sandoval en un conservatorio organizado por la diputada Olga Luz Espinoza. Sandoval, sostuvieron reuniones con autoridades del poder ejecutivo, con la secretaria de Igualdad de G\u00e9nero, Mar\u00eda Mandiola, as\u00ed como con integrantes del del Instituto de Elecciones y Participaci\u00f3n Ciudadana, el Tribunal Superior de Justicia y otros, para instalar una mesa de trabajo que permita la creaci\u00f3n y configuraci\u00f3n de un mecanismo para la implementaci\u00f3n del marco jur\u00eddico constitucional de la reforma en Chiapas.<\/p>\n\n\n\n<figure class=\"wp-block-image size-large\"><a href=\"https:\/\/redsemlac.com\/semmexico\/wp-content\/uploads\/2023\/07\/3-de-3-chiapas-02.jpg\"><img decoding=\"async\" src=\"https:\/\/redsemlac.com\/semmexico\/wp-content\/uploads\/2023\/07\/3-de-3-chiapas-02-1024x768.jpg\" alt=\"\" class=\"wp-image-69104\"\/><\/a><\/figure>\n\n\n\n<p class=\"wp-block-paragraph\">\u201cLa 3 de 3 contra la violencia busca dignificar la vida p\u00fablica y elevar los est\u00e1ndares de la responsabilidad institucional y pol\u00edtica. Ya no es solamente un asunto de votos, de mayor\u00eda o de encuestas de prestigio. Hay otros est\u00e1ndares que involucra incluso a los que no votan. A los derechos de los ni\u00f1os, de las ni\u00f1as, y a los derechos de las mujeres v\u00edctimas de violencia de que cuando es a manos de quien detenta el poder se vuelve una violaci\u00f3n todav\u00eda m\u00e1s grave de los derechos humanos\u201d, manifest\u00f3 Yndira Sandoval.<\/p>\n\n\n\n<p class=\"wp-block-paragraph\"><br>Al participar en el Observatorio de Participaci\u00f3n Pol\u00edtica de las Mujeres, Sandoval se\u00f1al\u00f3 que la 3 de 3 es un parteaguas en la vida democr\u00e1tica del pa\u00eds, por lo que las mujeres demandan igualdad de condiciones en la participaci\u00f3n, en la representaci\u00f3n, pero tambi\u00e9n en las reglas del juego, \u201cno queremos a ning\u00fan agresor en el poder\u201d.<\/p>\n\n\n\n<p class=\"wp-block-paragraph\"><br>Por ello inst\u00f3 a la instalaci\u00f3n de la mesa de trabajo para la armonizaci\u00f3n legislativa, \u201cuna reforma pol\u00edtica electoral a la luz de las gafas violeta, de los derechos humanos de las mujeres. Agreg\u00f3 que los derechos pol\u00edticos electorales de las mujeres son derechos humanos y ah\u00ed, en ese punto, estamos a tiempo, no hay periodo de receso que limite cuando hay voluntad pol\u00edtica que se sesione especifica y expresamente para armonizaci\u00f3n legislativa en dos sentidos.<\/p>\n\n\n\n<p class=\"wp-block-paragraph\"><br>\u201cEs indignante que la fracci\u00f3n n\u00famero 4 de este art\u00edculo 38, se le suspenda los derechos pol\u00edticos electorales ciudadanos a quien ejerza vagancia y ebriedad, y no a quien desde el poder violente , abandone, acose, vulnere derechos humanos, es totalmente indignante\u201d, agreg\u00f3.<\/p>\n\n\n\n<figure class=\"wp-block-image size-large\"><a href=\"https:\/\/redsemlac.com\/semmexico\/wp-content\/uploads\/2023\/07\/3-de-3-chiapas-03.jpg\"><img decoding=\"async\" src=\"https:\/\/redsemlac.com\/semmexico\/wp-content\/uploads\/2023\/07\/3-de-3-chiapas-03-1024x768.jpg\" alt=\"\" class=\"wp-image-69105\"\/><\/a><\/figure>\n\n\n\n<p class=\"wp-block-paragraph\">La activista feminista dijo que en Chiapas como en el resto del pa\u00eds, \u201cvamos tarde, porque llevan 94 a\u00f1os llam\u00e1ndole democracia a un r\u00e9gimen que no ha colocado los derechos humanos de las mujeres, las ni\u00f1as y los ni\u00f1os como un requisito para detentar el poder. Vamos tarde porque todos los d\u00edas se ejecutan 8 agresiones sexuales por hora en nuestro pa\u00eds, vamos tarde porque hay 750 carpetas de investigaci\u00f3n por el delito de violencia familiar en nuestro pa\u00eds, y vamos tarde porque en falta de responsabilidad hacia las ni\u00f1as y los ni\u00f1os, dos de cada 3 ni\u00f1os y ni\u00f1as no reciben la pensi\u00f3n alimenticia\u201d.<\/p>\n\n\n\n<p class=\"wp-block-paragraph\"><br>Subray\u00f3 que se trata un asunto de democracia y de derechos humanos, \u201cporque no puede ser que con las mismas reglas en un pa\u00eds y en un estado, se castigue a una mujer que decida no ejercer la maternidad, pero se premia a un hombre que decide no ejercer la paternidad\u201d.<\/p>\n\n\n\n<p class=\"wp-block-paragraph\"><br>La defensora hizo un llamado a todas las fuerzas pol\u00edticas representadas en el estado, para que sean ellos los primeros filtros de confianza y no las coladeras c\u00f3mplices que dejen pasar a los agresores al poder.<\/p>\n\n\n\n<p class=\"wp-block-paragraph\"><br>Explic\u00f3 que al ser la ley 3 de 3 un mandato constitucional, se debe hacer p\u00fablico el registro de deudores alimentarios, cuyo registro lo tiene el Tribunal Superior de Justicia, mientras que el registro de agresores sexuales, lo tiene la Fiscal\u00eda General del estado, el de los violentados pol\u00edticos el tribunal electoral, los que tendr\u00e1n que ce\u00f1irse a la nueva reforma publicada del 8 de mayo del Diario Oficial de la Federaci\u00f3n del registro nacional.<\/p>\n\n\n\n<p class=\"wp-block-paragraph\"><br>\u201cNo hay v\u00edctimas m\u00e1s importantes que otras, hay agresores con m\u00e1s poder que otros. Pero se les acab\u00f3 la fiesta de la impunidad. Esos que se sent\u00edan intocables, no hay cargo vitalicio en este sistema democr\u00e1tico, tendr\u00e1n que dar cuentas a la sociedad en su conjunto. Los agresores no solamente no tienen que estar en una candidatura, tienen que estar siendo investigados, juzgados y sancionados\u201d, manifest\u00f3.<br><br>Finalmente agreg\u00f3 que la 3 de 3 contra la violencia, si ya est\u00e1 en la norma, \u201cahora requerir\u00e1 ser pol\u00edtica p\u00fablica y un instrumento cercano, efectivo y eficiente, para que tenga como cumplimiento su objetivo que es un asunto de justicia y de derechos humanos\u201d.<br><br>Yndira Sandoval se reuni\u00f3 con diferente colectivas feministas, organizaciones de la sociedad civil y defensoras de derechos humanos, para promover la Observatoria Todas MX 2024 que ser\u00e1 un mecanismo ciudadano que tendr\u00e1 como objetivo la denuncia social y visibilizaci\u00f3n de aquellos candidatos que no cumplan con la 3 de 3 contra la violencia para generar acciones necesarias que permitan que no lleguen al poder.<\/p>\n","protected":false},"excerpt":{"rendered":"<p>Las mujeres exigen muerte civil y pol\u00edtica a quien vulnere los derechos humanos de las mujeres, los ni\u00f1os y las ni\u00f1as<\/p>\n","protected":false},"author":3,"featured_media":69103,"comment_status":"open","ping_status":"open","sticky":false,"template":"","format":"standard","meta":{"_monsterinsights_skip_tracking":false,"footnotes":""},"categories":[50],"tags":[],"class_list":["post-69102","post","type-post","status-publish","format-standard","has-post-thumbnail","category-congreso"],"_links":{"self":[{"href":"https:\/\/redsemlac.com\/semmexico\/wp-json\/wp\/v2\/posts\/69102","targetHints":{"allow":["GET"]}}],"collection":[{"href":"https:\/\/redsemlac.com\/semmexico\/wp-json\/wp\/v2\/posts"}],"about":[{"href":"https:\/\/redsemlac.com\/semmexico\/wp-json\/wp\/v2\/types\/post"}],"author":[{"embeddable":true,"href":"https:\/\/redsemlac.com\/semmexico\/wp-json\/wp\/v2\/users\/3"}],"replies":[{"embeddable":true,"href":"https:\/\/redsemlac.com\/semmexico\/wp-json\/wp\/v2\/comments?post=69102"}],"version-history":[{"count":0,"href":"https:\/\/redsemlac.com\/semmexico\/wp-json\/wp\/v2\/posts\/69102\/revisions"}],"wp:featuredmedia":[{"embeddable":true,"href":"https:\/\/redsemlac.com\/semmexico\/wp-json\/wp\/v2\/media\/69103"}],"wp:attachment":[{"href":"https:\/\/redsemlac.com\/semmexico\/wp-json\/wp\/v2\/media?parent=69102"}],"wp:term":[{"taxonomy":"category","embeddable":true,"href":"https:\/\/redsemlac.com\/semmexico\/wp-json\/wp\/v2\/categories?post=69102"},{"taxonomy":"post_tag","embeddable":true,"href":"https:\/\/redsemlac.com\/semmexico\/wp-json\/wp\/v2\/tags?post=69102"}],"curies":[{"name":"wp","href":"https:\/\/api.w.org\/{rel}","templated":true}]}}