{"id":6906,"date":"2019-04-08T17:28:23","date_gmt":"2019-04-08T17:28:23","guid":{"rendered":"https:\/\/redsemlac.com\/semmexico\/?p=6906"},"modified":"2023-07-21T14:47:42","modified_gmt":"2023-07-21T19:47:42","slug":"dedico-la-medalla-a-todas-las-mujeres-que-han-luchado-por-sus-derechos-y-pidio-unidad-para-lograr-un-pais-en-paz","status":"publish","type":"post","link":"https:\/\/redsemlac.com\/semmexico\/dedico-la-medalla-a-todas-las-mujeres-que-han-luchado-por-sus-derechos-y-pidio-unidad-para-lograr-un-pais-en-paz\/","title":{"rendered":"Dedic\u00f3 la medalla a todas las mujeres que han luchado por sus derechos y pidi\u00f3 unidad para lograr un pa\u00eds en paz."},"content":{"rendered":"\n<p class=\"wp-block-paragraph\"><a href=\"https:\/\/www.semmexico.com\/gallery-post.php?id=7465#\">Ana Alicia Osorio,<\/a><\/p>\n\n\n\n<p class=\"wp-block-paragraph\">SemM\u00e9xico. Veracruz. 8 de marzo de 2019.- La activista por las personas migrantes, Norma Romero V\u00e1zquez, recibi\u00f3 el Premio Estatal a la Mujer Veracruzana 2019 en el Congreso del Estado.&nbsp;<br><br>Durante su mensaje dedic\u00f3 la medalla a todas las mujeres que han luchado por sus derechos y pidi\u00f3 unidad para lograr un pa\u00eds en paz.&nbsp;<br><br>\u201cQuisi\u00e9ramos dedicar este premio a todas las mujeres veracruzanas que merecen una medalla por mantener la frente en alto frente a la adversidad, las que claman justicia por sus familias desaparecidos, a las que marchan exigiendo respeto a nuestras decisiones y a nuestros cuerpos (\u2026) a las periodistas, a las defensoras, a las acad\u00e9micas y por supuesto a las mujeres que migran\u201d, se\u00f1al\u00f3.&nbsp;&nbsp;<br><br>\u201cHan alzado la voz por defender a todas y cada una de las mujeres que han muerto, que est\u00e1n en silencio, que tienen miedo, a todas las mujeres que han sido secuestradas y que muchas de ellas ya no han salido con vida, a todas esas mujeres que desconocen sus derechos\u201d, a\u00f1adi\u00f3.&nbsp;<br><br>Romero V\u00e1zquez es la coordinadora del grupo de Las Patronas, quienes en la comunidad del mismo nombre en Amatl\u00e1n apoyan con comida y refugio a las personas centroamericanas que est\u00e1n migrando.&nbsp;<br><br>Durante su discurso record\u00f3 a dos mujeres que estuvieron colaborando en el comedor de apoyo a las personas migrantes, pero que ya fallecieron.&nbsp;<br><br>\u201cCreemos firmemente que solo con la participaci\u00f3n y el compromiso de toda la sociedad podemos caminar hacia la reconciliaci\u00f3n y la paz que tanto necesitamos en este momento\u201d, asegur\u00f3.&nbsp;<br><br>En los posicionamientos, las diputadas de distintos grupos legislativos reconocieron las luchas de las mujeres pero tambi\u00e9n que existen m\u00faltiples leyes que se deben cambiar para lograr igualdad de derechos entre hombres y mujeres.<br><br>Durante el acto, Gobernador del Estado, Cuitl\u00e1huac Garc\u00eda Jim\u00e9nez, se\u00f1al\u00f3 que a partir de hoy lanzaron un protocolo para atender el acoso y hostigamiento sexual en las dependencias p\u00fablicas.<br><\/p>\n","protected":false},"excerpt":{"rendered":"<p>Ana Alicia Osorio, SemM\u00e9xico. Veracruz. 8 de marzo de 2019.- La activista por las personas migrantes, Norma Romero V\u00e1zquez, recibi\u00f3 el Premio Estatal a la Mujer Veracruzana 2019 en el Congreso del Estado.&nbsp; Durante su mensaje dedic\u00f3 la medalla a todas las mujeres que han luchado por sus derechos y pidi\u00f3 unidad para lograr un [&hellip;]<\/p>\n","protected":false},"author":3,"featured_media":6908,"comment_status":"open","ping_status":"open","sticky":false,"template":"","format":"standard","meta":{"_monsterinsights_skip_tracking":false,"footnotes":""},"categories":[690,51],"tags":[],"class_list":["post-6906","post","type-post","status-publish","format-standard","has-post-thumbnail","category-690","category-ejecutivo"],"_links":{"self":[{"href":"https:\/\/redsemlac.com\/semmexico\/wp-json\/wp\/v2\/posts\/6906","targetHints":{"allow":["GET"]}}],"collection":[{"href":"https:\/\/redsemlac.com\/semmexico\/wp-json\/wp\/v2\/posts"}],"about":[{"href":"https:\/\/redsemlac.com\/semmexico\/wp-json\/wp\/v2\/types\/post"}],"author":[{"embeddable":true,"href":"https:\/\/redsemlac.com\/semmexico\/wp-json\/wp\/v2\/users\/3"}],"replies":[{"embeddable":true,"href":"https:\/\/redsemlac.com\/semmexico\/wp-json\/wp\/v2\/comments?post=6906"}],"version-history":[{"count":0,"href":"https:\/\/redsemlac.com\/semmexico\/wp-json\/wp\/v2\/posts\/6906\/revisions"}],"wp:featuredmedia":[{"embeddable":true,"href":"https:\/\/redsemlac.com\/semmexico\/wp-json\/wp\/v2\/media\/6908"}],"wp:attachment":[{"href":"https:\/\/redsemlac.com\/semmexico\/wp-json\/wp\/v2\/media?parent=6906"}],"wp:term":[{"taxonomy":"category","embeddable":true,"href":"https:\/\/redsemlac.com\/semmexico\/wp-json\/wp\/v2\/categories?post=6906"},{"taxonomy":"post_tag","embeddable":true,"href":"https:\/\/redsemlac.com\/semmexico\/wp-json\/wp\/v2\/tags?post=6906"}],"curies":[{"name":"wp","href":"https:\/\/api.w.org\/{rel}","templated":true}]}}