{"id":6902,"date":"2019-04-08T17:26:17","date_gmt":"2019-04-08T17:26:17","guid":{"rendered":"https:\/\/redsemlac.com\/semmexico\/?p=6902"},"modified":"2023-07-21T14:47:42","modified_gmt":"2023-07-21T19:47:42","slug":"a-las-galardonadas-se-les-reconocio-por-su-lucha-en-defensa-de-los-derechos-humanos-a-la-perseverancia-de-la-mujer-indigena-y-al-impulso-economico","status":"publish","type":"post","link":"https:\/\/redsemlac.com\/semmexico\/a-las-galardonadas-se-les-reconocio-por-su-lucha-en-defensa-de-los-derechos-humanos-a-la-perseverancia-de-la-mujer-indigena-y-al-impulso-economico\/","title":{"rendered":"A las galardonadas se les reconoci\u00f3 por su lucha en defensa de los derechos humanos, a la perseverancia de la mujer ind\u00edgena y al impulso econ\u00f3mico."},"content":{"rendered":"\n<p class=\"wp-block-paragraph\"><a href=\"https:\/\/www.semmexico.com\/gallery-post.php?id=7470#\">Redacci\u00f3n<\/a><\/p>\n\n\n\n<p class=\"wp-block-paragraph\">SemM\u00e9xico. Morelia, Michoac\u00e1n. 8 de marzo de 2019.- La desigualdad de oportunidades y violencia siguen siendo hechos que laceran al sector m\u00e1s importante de la sociedad, las mujeres, as\u00ed lo mencion\u00f3 el gobernador Silvano Aureoles Conejo, durante la entrega &nbsp;del Premio Estatal a la Igualdad de G\u00e9nero \u201cPresea Er\u00e9ndira\u201d, en el marco de la conmemoraci\u00f3n del D\u00eda Internacional de la Mujer. Por lo que asegur\u00f3 que su gobierno est\u00e1 con la causa de las mujeres y emprende acciones a favor de sus derechos y una vida digna para ellas.<\/p>\n\n\n\n<p class=\"wp-block-paragraph\">&nbsp;En el evento el mandatario estatal reconoci\u00f3 la labor de las galardonadas, Sof\u00eda Blanco Sixtos, Tomasa Sandoval Ceras, as\u00ed como a Martha Lilia Cort\u00e9s Rangel, quienes por su lucha en la defensa de los derechos humanos, as\u00ed como&nbsp; por su perseverancia e impulso hacia una vida libre de violencia y&nbsp; por la igualdad entre hombres y mujeres.<\/p>\n\n\n\n<p class=\"wp-block-paragraph\">\u201cLa concepci\u00f3n que mantienen estas mujeres es un rol importante en la vida que nos permite visibilizar y sensibilizarnos de una realidad que no queremos para nuestro estado y para nuestra sociedad\u201d, reconoci\u00f3 Aureoles Conejo.<\/p>\n\n\n\n<p class=\"wp-block-paragraph\">Inform\u00f3 que Michoac\u00e1n es la \u00fanica entidad federativa que solicit\u00f3 se reabrieran los expedientes de asesinatos de mujeres o de violencia que han quedado inconclusos, por lo que pidi\u00f3 el apoyo a la Fiscal\u00eda General del Estado, porque \u201caqu\u00ed ning\u00fan caso quedar\u00e1 impune, estamos y cuidamos de ustedes\u201d.<\/p>\n\n\n\n<p class=\"wp-block-paragraph\">Por su parte, &nbsp;la secretaria de Igualdad Sustantiva y Desarrollo de las Mujeres, Nuria Hern\u00e1ndez Abarca, se\u00f1al\u00f3 que el sector femenino es prioridad para el Gobierno Estatal.<\/p>\n\n\n\n<p class=\"wp-block-paragraph\">\u201cPara encauzar esta lucha debemos ejercer empat\u00eda autoridades y sociedad en general para comprender los sentimientos y emociones que atravesamos las mujeres y as\u00ed juntos, alcemos la voz, \u2018Las Mujeres Michoacanas Hablamos de Igualdad\u201d, manifest\u00f3.<\/p>\n\n\n\n<p class=\"wp-block-paragraph\">Las galardonadas con la Presea Er\u00e9ndira 2019, expusieron sus historias de vida y el por qu\u00e9 decidieron tomar la lucha a favor del sector femenil; reconocieron los apoyos al rubro por parte del Gobierno del Estado y tambi\u00e9n alzaron la voz para que se respeten sus garant\u00edas y no se les violente econ\u00f3micamente con la desaparici\u00f3n y\/o eliminaci\u00f3n de programas para ellas.<\/p>\n\n\n\n<p class=\"wp-block-paragraph\">SEM\/ILM<\/p>\n\n\n\n<hr class=\"wp-block-separator\"\/>\n\n\n\n<ul class=\"wp-block-list\"><li>TAGS<\/li><li><a href=\"javascript:void(0);\">#MICHOACAN<\/a><\/li><\/ul>\n","protected":false},"excerpt":{"rendered":"<p>Redacci\u00f3n SemM\u00e9xico. Morelia, Michoac\u00e1n. 8 de marzo de 2019.- La desigualdad de oportunidades y violencia siguen siendo hechos que laceran al sector m\u00e1s importante de la sociedad, las mujeres, as\u00ed lo mencion\u00f3 el gobernador Silvano Aureoles Conejo, durante la entrega &nbsp;del Premio Estatal a la Igualdad de G\u00e9nero \u201cPresea Er\u00e9ndira\u201d, en el marco de la [&hellip;]<\/p>\n","protected":false},"author":3,"featured_media":6903,"comment_status":"open","ping_status":"open","sticky":false,"template":"","format":"standard","meta":{"_monsterinsights_skip_tracking":false,"footnotes":""},"categories":[690,51],"tags":[],"class_list":["post-6902","post","type-post","status-publish","format-standard","has-post-thumbnail","category-690","category-ejecutivo"],"_links":{"self":[{"href":"https:\/\/redsemlac.com\/semmexico\/wp-json\/wp\/v2\/posts\/6902","targetHints":{"allow":["GET"]}}],"collection":[{"href":"https:\/\/redsemlac.com\/semmexico\/wp-json\/wp\/v2\/posts"}],"about":[{"href":"https:\/\/redsemlac.com\/semmexico\/wp-json\/wp\/v2\/types\/post"}],"author":[{"embeddable":true,"href":"https:\/\/redsemlac.com\/semmexico\/wp-json\/wp\/v2\/users\/3"}],"replies":[{"embeddable":true,"href":"https:\/\/redsemlac.com\/semmexico\/wp-json\/wp\/v2\/comments?post=6902"}],"version-history":[{"count":0,"href":"https:\/\/redsemlac.com\/semmexico\/wp-json\/wp\/v2\/posts\/6902\/revisions"}],"wp:featuredmedia":[{"embeddable":true,"href":"https:\/\/redsemlac.com\/semmexico\/wp-json\/wp\/v2\/media\/6903"}],"wp:attachment":[{"href":"https:\/\/redsemlac.com\/semmexico\/wp-json\/wp\/v2\/media?parent=6902"}],"wp:term":[{"taxonomy":"category","embeddable":true,"href":"https:\/\/redsemlac.com\/semmexico\/wp-json\/wp\/v2\/categories?post=6902"},{"taxonomy":"post_tag","embeddable":true,"href":"https:\/\/redsemlac.com\/semmexico\/wp-json\/wp\/v2\/tags?post=6902"}],"curies":[{"name":"wp","href":"https:\/\/api.w.org\/{rel}","templated":true}]}}