{"id":6892,"date":"2019-04-11T17:23:02","date_gmt":"2019-04-11T17:23:02","guid":{"rendered":"https:\/\/redsemlac.com\/semmexico\/?p=6892"},"modified":"2023-07-21T14:48:12","modified_gmt":"2023-07-21T19:48:12","slug":"anualmente-se-otorgan-30-mil-600-consultas-a-ninas-y-ninos-michoacanos-de-0-a-5-anos-de-edad","status":"publish","type":"post","link":"https:\/\/redsemlac.com\/semmexico\/anualmente-se-otorgan-30-mil-600-consultas-a-ninas-y-ninos-michoacanos-de-0-a-5-anos-de-edad\/","title":{"rendered":"Anualmente, se otorgan 30 mil 600 consultas a ni\u00f1as y ni\u00f1os michoacanos de 0 a 5 a\u00f1os de edad."},"content":{"rendered":"\n<p class=\"wp-block-paragraph\"><a href=\"https:\/\/www.semmexico.com\/gallery-post.php?id=7494#\">Redacci\u00f3n<\/a><\/p>\n\n\n\n<p class=\"wp-block-paragraph\">SemM\u00e9xico. Morelia, Michoac\u00e1n. 11&nbsp;de marzo de 2019.- La protecci\u00f3n en salud que se brinda a la poblaci\u00f3n infantil es prioridad del Gobierno que encabeza Silvano Aureoles Conejo; por ello, la Secretar\u00eda de Salud de Michoac\u00e1n (SSM), no desproteger\u00e1 a este sector de la poblaci\u00f3n a pesar del cierre de programas federales y mantendr\u00e1 la operaci\u00f3n del Centro Regional de Desarrollo Infantil y Estimulaci\u00f3n Temprana (CREDIET), que atiende a mil 800 ni\u00f1as y ni\u00f1os michoacanos al a\u00f1o.<\/p>\n\n\n\n<p class=\"wp-block-paragraph\">\u201cM\u00e1s de 30 mil 600 consultas gratuitas brinda anualmente esta instituci\u00f3n a las y los ni\u00f1os, motivo por el cual se continuar\u00e1 fortaleciendo esta \u00e1rea, pese a los ajustes en los recursos federales por el cierre del Programa Prospera, que es el que financiaba la operatividad del CREDIET\u201d, recalc\u00f3, la titular de la dependencia, Diana Carpio R\u00edos.<\/p>\n\n\n\n<p class=\"wp-block-paragraph\">Por su importancia, el centro seguir\u00e1 operando con recurso del Estado en beneficio de los mil 800 menores de 0 a cinco a\u00f1os de edad, que son atendidos diariamente durante todo el a\u00f1o por diversos padecimientos, como: retraso del desarrollo psicomotor, alto riesgo neurol\u00f3gico, trastorno del desarrollo de la coordinaci\u00f3n, trastorno de conducta, d\u00e9ficit de atenci\u00f3n con hiperactividad, trastorno&nbsp;negativista&nbsp;desafiante, rezago en procesos cognitivos, trastorno de vinculaci\u00f3n reactiva, trastorno del desarrollo fonol\u00f3gico e inicio tard\u00edo del lenguaje, puntualiz\u00f3, la encargada de la pol\u00edtica en salud.<\/p>\n\n\n\n<p class=\"wp-block-paragraph\">El pasado 22 de febrero del a\u00f1o en curso, durante el Consejo Nacional de Salud (CONASA), desarrollado en la Ciudad de M\u00e9xico, la titular de la SSM abord\u00f3 el tema del CREDIET, donde las autoridades federales no dieron una expectativa de cierre definitivo.<\/p>\n\n\n\n<p class=\"wp-block-paragraph\">Ante el riesgo que representa para las y los menores, se determin\u00f3 absorber el financiamiento. Es as\u00ed que el Gobierno de Michoac\u00e1n contin\u00faa velando por la salud e integridad de estas ni\u00f1as y ni\u00f1os.<\/p>\n\n\n\n<p class=\"wp-block-paragraph\">Con este tipo de acciones, se demuestra una vez m\u00e1s el compromiso que tiene el mandatario michoacano de brindar servicios de salud de calidad y calidez a la poblaci\u00f3n, as\u00ed como mejorar la calidad de vida de manera incluyente para todas y todos.<br><\/p>\n","protected":false},"excerpt":{"rendered":"<p>Redacci\u00f3n SemM\u00e9xico. Morelia, Michoac\u00e1n. 11&nbsp;de marzo de 2019.- La protecci\u00f3n en salud que se brinda a la poblaci\u00f3n infantil es prioridad del Gobierno que encabeza Silvano Aureoles Conejo; por ello, la Secretar\u00eda de Salud de Michoac\u00e1n (SSM), no desproteger\u00e1 a este sector de la poblaci\u00f3n a pesar del cierre de programas federales y mantendr\u00e1 la [&hellip;]<\/p>\n","protected":false},"author":3,"featured_media":6894,"comment_status":"open","ping_status":"open","sticky":false,"template":"","format":"standard","meta":{"_monsterinsights_skip_tracking":false,"footnotes":""},"categories":[690,51],"tags":[],"class_list":["post-6892","post","type-post","status-publish","format-standard","has-post-thumbnail","category-690","category-ejecutivo"],"_links":{"self":[{"href":"https:\/\/redsemlac.com\/semmexico\/wp-json\/wp\/v2\/posts\/6892","targetHints":{"allow":["GET"]}}],"collection":[{"href":"https:\/\/redsemlac.com\/semmexico\/wp-json\/wp\/v2\/posts"}],"about":[{"href":"https:\/\/redsemlac.com\/semmexico\/wp-json\/wp\/v2\/types\/post"}],"author":[{"embeddable":true,"href":"https:\/\/redsemlac.com\/semmexico\/wp-json\/wp\/v2\/users\/3"}],"replies":[{"embeddable":true,"href":"https:\/\/redsemlac.com\/semmexico\/wp-json\/wp\/v2\/comments?post=6892"}],"version-history":[{"count":0,"href":"https:\/\/redsemlac.com\/semmexico\/wp-json\/wp\/v2\/posts\/6892\/revisions"}],"wp:featuredmedia":[{"embeddable":true,"href":"https:\/\/redsemlac.com\/semmexico\/wp-json\/wp\/v2\/media\/6894"}],"wp:attachment":[{"href":"https:\/\/redsemlac.com\/semmexico\/wp-json\/wp\/v2\/media?parent=6892"}],"wp:term":[{"taxonomy":"category","embeddable":true,"href":"https:\/\/redsemlac.com\/semmexico\/wp-json\/wp\/v2\/categories?post=6892"},{"taxonomy":"post_tag","embeddable":true,"href":"https:\/\/redsemlac.com\/semmexico\/wp-json\/wp\/v2\/tags?post=6892"}],"curies":[{"name":"wp","href":"https:\/\/api.w.org\/{rel}","templated":true}]}}