{"id":6890,"date":"2019-01-08T17:21:51","date_gmt":"2019-01-08T17:21:51","guid":{"rendered":"https:\/\/redsemlac.com\/semmexico\/?p=6890"},"modified":"2023-07-21T14:43:36","modified_gmt":"2023-07-21T19:43:36","slug":"presidente-le-tiembla-la-mano","status":"publish","type":"post","link":"https:\/\/redsemlac.com\/semmexico\/presidente-le-tiembla-la-mano\/","title":{"rendered":"Presidente, \u00bfle tiembla la mano?"},"content":{"rendered":"\n<p class=\"wp-block-paragraph\">En el equipo de Andr\u00e9s Manuel L\u00f3pez Obrador hay un abierto desprecio al sentido com\u00fan de los ciudadanos<\/p>\n\n\n\n<h5 class=\"wp-block-heading\"> La ausencia del combustible en por lo menos nueve estados del pa\u00eds deriv\u00f3 en mercado negro y compras de p\u00e1nico.<\/h5>\n\n\n\n<p class=\"wp-block-paragraph\"><a href=\"https:\/\/semmexico.com\/gallery-post.php?id=6780#\">Mois\u00e9s S\u00e1nchez<\/a><\/p>\n\n\n\n<p class=\"wp-block-paragraph\">SemM\u00e9xico. Cd. de M\u00e9xico. 8 de enero de 2019.- Dicen el presidente L\u00f3pez Obrador y su vocero y su director de Pemex que no hay desabasto de gasolina. Presumen y se r\u00eden de sus detractores porque no aument\u00f3 el precio de la gasolina. Pero la ausencia del combustible en por lo menos nueve estados del pa\u00eds deriv\u00f3 en mercado negro y compras de p\u00e1nico. \u00bfC\u00f3mo se llama la historia?<\/p>\n\n\n\n<p class=\"wp-block-paragraph\"><br>El que ocurre sin duda es un gasolinazo que ha beneficiado, adem\u00e1s de los huachicoleros, a vivales que aprovecharon esta perla en la forma de gobernar del se\u00f1orpresidente, de evidente inexperiencia en la estrategia para combatir un grave y ofensivo problema de corrupci\u00f3n en Petr\u00f3leos Mexicanos.<\/p>\n\n\n\n<p class=\"wp-block-paragraph\"><br>\u00bfY los pillos de cuello blanco? \u00bfQui\u00e9nes son estos corruptos del piso de la torre de Pemex que han operado esta orde\u00f1a multimillonaria? \u00bfPor qu\u00e9 no ha procedido el naciente gobierno con la aplicaci\u00f3n de la ley y se ha empecinado en acusar por acusar en la idea efectista?&nbsp;<\/p>\n\n\n\n<p class=\"wp-block-paragraph\"><br>No cabe duda de que en el equipo de Andr\u00e9s Manuel L\u00f3pez Obrador hay un abierto desprecio al sentido com\u00fan de los ciudadanos que cotidianamente resienten las consecuencias de la palabrer\u00eda que adorna y pretende fundamentar medidas que, en otros tiempos, habr\u00edan implicado movilizaciones sociales, cierres de carreteras, violencia extrema en demanda de soluci\u00f3n a problemas atribuibles a cualquiera de los tres niveles de gobierno.<\/p>\n\n\n\n<p class=\"wp-block-paragraph\"><br>Pero, vaya, ese desprecio tiene como fuente de inspiraci\u00f3n a la forma de gobernar del presidente L\u00f3pez Obrador, sustentada en el voluntarismo y una singular mec\u00e1nica populachera que no puede ser, de ninguna manera, la praxis de quien tiene la responsabilidad de gobernar a m\u00e1s de cien millones de mexicanos, incluidos quienes no votaron por \u00e9l.<\/p>\n\n\n\n<p class=\"wp-block-paragraph\"><br>De los pol\u00edticos mexicanos suele decirse que son tod\u00f3logos, vaya, que saben todo y lo que no lo inventan o, lo peor, lo imponen contra la voluntad social en un acto dictatorial porque, como asume su m\u00e1xima L\u00f3pez Obrador, \u201cme canso ganso\u201d.<\/p>\n\n\n\n<p class=\"wp-block-paragraph\"><br>En esa praxis incurren integrantes de su equipo, digamos los del primer c\u00edrculo que, sin rubor alguno, asumen posturas ensalzadas en la soberbia y el desprecio, dec\u00eda, al sentido com\u00fan de los mexicanos todos, incluidos aquellos que defienden a rabiar irreflexivamente decisiones cupulares, signo de esta democracia vertical porque \u201cme canso ganso\u201d.<\/p>\n\n\n\n<p class=\"wp-block-paragraph\"><br>Lo peor es que, ayunos de humildad para admitir yerros, los socios integrantes del gabinete declaran lo que se esperaba como consecuencia de malas, p\u00e9simas decisiones que tienen elemental nacencia en el rencor y la venganza, como ocurri\u00f3 con el Nuevo Aeropuerto Internacional de M\u00e9xico, de cuyas consecuencias de cierre pagaremos de aqu\u00ed y hasta 2040 los mexicanos con nuestros impuestos.<\/p>\n\n\n\n<p class=\"wp-block-paragraph\"><br>Una deuda que el sentido com\u00fan avist\u00f3 desde el mismo momento en que L\u00f3pez Obrador lo determin\u00f3 unilateralmente y luego aplaudieron sus socios de gabinete, en especial el secretario de Comunicaciones y Transportes, Javier Jim\u00e9nez Espri\u00fa, quien ha trascendido ahora es beneficiario del gasolinazo que encareci\u00f3 las gasolinas, provoc\u00f3 mercado negro de \u00e9stas y gener\u00f3 irritaci\u00f3n social.<\/p>\n\n\n\n<p class=\"wp-block-paragraph\"><br>El caso es que la oferta de campa\u00f1a se ha convertido en un lastre para la naciente administraci\u00f3n. El presidente L\u00f3pez Obrador determin\u00f3 \u2013su consulta ciudadana fue una tomadura de pelo y ofensa al sentido com\u00fan\u2014que el NAIM ser\u00eda cancelado y le import\u00f3 un pito que serias opiniones le indicaran el error en que incurr\u00eda, de la mano de un severo problema a las finanzas nacionales.<\/p>\n\n\n\n<p class=\"wp-block-paragraph\"><br>Los secretarios de Comunicaciones y de Turismo, incluso, han jugado el papel oficioso en defensa de esa decisi\u00f3n cuestionada documentalmente por el ex candidato presidencial Jos\u00e9 Antonio Meade; incurrieron en el papel de bravucones de barrio en apoyo de su jefe.<\/p>\n\n\n\n<p class=\"wp-block-paragraph\"><br>\u00a1Ah!, pero el licenciado L\u00f3pez Obrador sustenta su decisi\u00f3n en el caso del Nuevo Aeropuerto Internacional de M\u00e9xico y del desabasto de gasolinas, en el combate a la corrupci\u00f3n. En el primer caso, incluso, se aludi\u00f3 a una investigaci\u00f3n de la Polic\u00eda Federal que determin\u00f3 la existencia de corrupci\u00f3n en costos de materiales, inflados en un alto porcentaje.<\/p>\n\n\n\n<p class=\"wp-block-paragraph\"><br>En el segundo caso, el Presidente asegura que desde el gobierno de Vicente Fox hab\u00eda contubernio en Pemex y la Secretar\u00eda de Hacienda para orde\u00f1ar los ductos y, por ende, lo de los huachicoles era pura pantalla, aunque quiz\u00e1 ignora esas im\u00e1genes de huachicoleros enfrentando a militares o protegidos por habitantes de las poblaciones bajo su control.<\/p>\n\n\n\n<p class=\"wp-block-paragraph\"><br>Empero, en todo caso por qu\u00e9 no se ha procedido contra esos funcionarios y empresarios involucrados en actos de corrupci\u00f3n, enriquecidos con ese tr\u00e1fico de influencias. Nombres, nombres, se\u00f1orpresidente. No salga usted con excusas pueriles y su amor y paz.<\/p>\n\n\n\n<p class=\"wp-block-paragraph\"><br>Por favor, deje usted de tomar el pelo a los mexicanos. No se burle del sentido com\u00fan de los ciudadanos. D\u00e9jese usted de voluntarismos y, con la ley en la mano y las evidencias que dice tener, d\u00e9 el paso que, sin duda, todo el mundo le aplaudir\u00eda. O \u00bfser\u00e1 que le tiembla la mano para aplicar la ley? Digo.<\/p>\n\n\n\n<p class=\"wp-block-paragraph\"><br>sanchezlimon@gmail.com<br>www.entresemana.mx<br>@msanchezlimon<\/p>\n","protected":false},"excerpt":{"rendered":"<p>En el equipo de Andr\u00e9s Manuel L\u00f3pez Obrador hay un abierto desprecio al sentido com\u00fan de los ciudadanos La ausencia del combustible en por lo menos nueve estados del pa\u00eds deriv\u00f3 en mercado negro y compras de p\u00e1nico. Mois\u00e9s S\u00e1nchez SemM\u00e9xico. Cd. de M\u00e9xico. 8 de enero de 2019.- Dicen el presidente L\u00f3pez Obrador y [&hellip;]<\/p>\n","protected":false},"author":3,"featured_media":6811,"comment_status":"open","ping_status":"open","sticky":false,"template":"","format":"standard","meta":{"_monsterinsights_skip_tracking":false,"footnotes":""},"categories":[690,83],"tags":[],"class_list":["post-6890","post","type-post","status-publish","format-standard","has-post-thumbnail","category-690","category-moises-sanchez-limon"],"_links":{"self":[{"href":"https:\/\/redsemlac.com\/semmexico\/wp-json\/wp\/v2\/posts\/6890","targetHints":{"allow":["GET"]}}],"collection":[{"href":"https:\/\/redsemlac.com\/semmexico\/wp-json\/wp\/v2\/posts"}],"about":[{"href":"https:\/\/redsemlac.com\/semmexico\/wp-json\/wp\/v2\/types\/post"}],"author":[{"embeddable":true,"href":"https:\/\/redsemlac.com\/semmexico\/wp-json\/wp\/v2\/users\/3"}],"replies":[{"embeddable":true,"href":"https:\/\/redsemlac.com\/semmexico\/wp-json\/wp\/v2\/comments?post=6890"}],"version-history":[{"count":0,"href":"https:\/\/redsemlac.com\/semmexico\/wp-json\/wp\/v2\/posts\/6890\/revisions"}],"wp:featuredmedia":[{"embeddable":true,"href":"https:\/\/redsemlac.com\/semmexico\/wp-json\/wp\/v2\/media\/6811"}],"wp:attachment":[{"href":"https:\/\/redsemlac.com\/semmexico\/wp-json\/wp\/v2\/media?parent=6890"}],"wp:term":[{"taxonomy":"category","embeddable":true,"href":"https:\/\/redsemlac.com\/semmexico\/wp-json\/wp\/v2\/categories?post=6890"},{"taxonomy":"post_tag","embeddable":true,"href":"https:\/\/redsemlac.com\/semmexico\/wp-json\/wp\/v2\/tags?post=6890"}],"curies":[{"name":"wp","href":"https:\/\/api.w.org\/{rel}","templated":true}]}}