{"id":6887,"date":"2019-04-11T17:21:39","date_gmt":"2019-04-11T17:21:39","guid":{"rendered":"https:\/\/redsemlac.com\/semmexico\/?p=6887"},"modified":"2023-07-21T14:48:12","modified_gmt":"2023-07-21T19:48:12","slug":"la-disciplina-el-respeto-la-responsabilidad-son-obligaciones-y-valores-para-poder-desempenar-la-funcion-correctamente-el-poder-servir-a-la-ciudadania","status":"publish","type":"post","link":"https:\/\/redsemlac.com\/semmexico\/la-disciplina-el-respeto-la-responsabilidad-son-obligaciones-y-valores-para-poder-desempenar-la-funcion-correctamente-el-poder-servir-a-la-ciudadania\/","title":{"rendered":"La disciplina, el respeto, la responsabilidad son obligaciones y valores para poder desempe\u00f1ar la funci\u00f3n correctamente, el poder servir a la ciudadan\u00eda."},"content":{"rendered":"\n<p class=\"wp-block-paragraph\"><a href=\"https:\/\/www.semmexico.com\/gallery-post.php?id=7507#\">Elda Montiel<\/a><\/p>\n\n\n\n<p class=\"wp-block-paragraph\">SemM\u00e9xico. Morelia, Michoac\u00e1n, a 11 de marzo de 2019.-&nbsp;Las mujeres se han convertido en pieza clave de la operatividad diaria de la Polic\u00eda Michoac\u00e1n, ya que la participaci\u00f3n de la mujer es cada vez m\u00e1s amplia con lo que se rompe inercias, durante la administraci\u00f3n del gobernador Silvano Aureoles Conejo.<\/p>\n\n\n\n<p class=\"wp-block-paragraph\">El objetivo es brindar un mejor servicio a la poblaci\u00f3n michoacana, y es gracias a los trabajos que desempe\u00f1an cientos de mujeres en la dependencia, que las acciones poseen un sentido de calidez y confianza.<\/p>\n\n\n\n<p class=\"wp-block-paragraph\">&nbsp;<br>Desde las diversas unidades de la SSP, mujeres con vocaci\u00f3n de servir a los suyos, trabajan de manera incansable para superar y dejar en claro que en g\u00e9neros no hay l\u00edmites, un ejemplo claro de ello son Tal\u00eda y Diana, j\u00f3venes madres orgullosas de su labor.<\/p>\n\n\n\n<p class=\"wp-block-paragraph\">&nbsp;<br>\u201cComo mujer, contribuimos de una forma m\u00e1s humana; hacemos de todo un hogar. Queremos que la corporaci\u00f3n se sienta como en casa, en la que llegas, conf\u00edas y puedes sentirte seguro.<\/p>\n\n\n\n<p class=\"wp-block-paragraph\">El hecho de que seamos mujeres nos convierte en iguales, podemos hacer la labor que queramos, ninguna profesi\u00f3n u oficio es solo para hombres. Llegamos a esta corporaci\u00f3n donde se tiene el tab\u00fa de que solo es de hombres y cr\u00e9anme que es bonito trabajar con mujeres\u201d.<\/p>\n\n\n\n<p class=\"wp-block-paragraph\"><strong>Talia Janet, abogada y madre<\/strong>.<br>&nbsp;&nbsp;<br>Un ejemplo es Tal\u00eda Janet, de 29 a\u00f1os de edad, licenciada en Derecho y madre de familia, quien ingres\u00f3 a la Polic\u00eda Cibern\u00e9tica hace cuatro a\u00f1os y se siente orgullosa de formar parte de esta unidad, as\u00ed como de ayudar a otras personas. Para ella, poder desplegar sus conocimientos, creencias y valores en la labor diaria, le permite ser sensible a las demandas por hacer valer la justicia.<br>&nbsp;<br>\u201cNosotros aqu\u00ed aprendemos muchas cosas buenas que como madres se las transmitimos a nuestros hijos y lo m\u00e1s bonito es llegar a casa y verlo sonre\u00edr y&nbsp;&nbsp;que se sienten orgullosos porque eres polic\u00eda. Se dan cuenta de la labor tan noble que tienes, se sienten protegidos y orgullosos.<\/p>\n\n\n\n<p class=\"wp-block-paragraph\"><br>Tal\u00eda monitorea las redes de las cuales se pueden detectar delitos cibern\u00e9ticos como fraudes, extorsiones, acoso, bullyng, entre otros. As\u00ed, con casos de agresiones, ella siente la obligaci\u00f3n moral de buscar las alternativas para ayudar a cerrarlos con detenci\u00f3n de responsables y regresando tranquilidad a los afectados.<\/p>\n\n\n\n<p class=\"wp-block-paragraph\"><br>&nbsp;<br><strong>Diana Operadora del 911&nbsp;<\/strong><br>&nbsp;<br>El 911 cuenta con mujeres operadoras para la atenci\u00f3n de emergencias; es aqu\u00ed donde Diana, de 29 a\u00f1os de edad, ha brindado apoyo en la l\u00ednea de emergencias durante dos a\u00f1os. Casada y con un hijo, coincide con su compa\u00f1era en que una de las virtudes de las mujeres prestadoras de servicios es la calidez humana con la que trata a los dem\u00e1s.<\/p>\n\n\n\n<p class=\"wp-block-paragraph\">&nbsp;\u201cLa Polic\u00eda Michoac\u00e1n es un \u00e1rea amplia, ayuda a la superaci\u00f3n personal, y yo busco desempe\u00f1arme lo mejor posible. La disciplina, el respeto, la responsabilidad, son obligaciones y valores para poder desempe\u00f1ar la funci\u00f3n correctamente, el poder servir a la ciudadan\u00eda\u201d.<br>&nbsp;<br>Destac\u00f3 que para ello se necesita del apoyo de los hombres, de quienes se expres\u00f3 como cordiales y respetuosos, su motivaci\u00f3n es el desarrollo profesional y el contacto casi directo con las personas, para poder ayudarla, eso para ella es un complemento.<\/p>\n\n\n\n<p class=\"wp-block-paragraph\">Su mayor reto, conocer lo que implica ser Polic\u00eda, los conocimientos y aprendizaje de sus compa\u00f1eros y adaptarse para garantizar un mejor servicio.<br><\/p>\n","protected":false},"excerpt":{"rendered":"<p>Elda Montiel SemM\u00e9xico. Morelia, Michoac\u00e1n, a 11 de marzo de 2019.-&nbsp;Las mujeres se han convertido en pieza clave de la operatividad diaria de la Polic\u00eda Michoac\u00e1n, ya que la participaci\u00f3n de la mujer es cada vez m\u00e1s amplia con lo que se rompe inercias, durante la administraci\u00f3n del gobernador Silvano Aureoles Conejo. El objetivo es [&hellip;]<\/p>\n","protected":false},"author":3,"featured_media":6888,"comment_status":"open","ping_status":"open","sticky":false,"template":"","format":"standard","meta":{"_monsterinsights_skip_tracking":false,"footnotes":""},"categories":[690,51],"tags":[],"class_list":["post-6887","post","type-post","status-publish","format-standard","has-post-thumbnail","category-690","category-ejecutivo"],"_links":{"self":[{"href":"https:\/\/redsemlac.com\/semmexico\/wp-json\/wp\/v2\/posts\/6887","targetHints":{"allow":["GET"]}}],"collection":[{"href":"https:\/\/redsemlac.com\/semmexico\/wp-json\/wp\/v2\/posts"}],"about":[{"href":"https:\/\/redsemlac.com\/semmexico\/wp-json\/wp\/v2\/types\/post"}],"author":[{"embeddable":true,"href":"https:\/\/redsemlac.com\/semmexico\/wp-json\/wp\/v2\/users\/3"}],"replies":[{"embeddable":true,"href":"https:\/\/redsemlac.com\/semmexico\/wp-json\/wp\/v2\/comments?post=6887"}],"version-history":[{"count":0,"href":"https:\/\/redsemlac.com\/semmexico\/wp-json\/wp\/v2\/posts\/6887\/revisions"}],"wp:featuredmedia":[{"embeddable":true,"href":"https:\/\/redsemlac.com\/semmexico\/wp-json\/wp\/v2\/media\/6888"}],"wp:attachment":[{"href":"https:\/\/redsemlac.com\/semmexico\/wp-json\/wp\/v2\/media?parent=6887"}],"wp:term":[{"taxonomy":"category","embeddable":true,"href":"https:\/\/redsemlac.com\/semmexico\/wp-json\/wp\/v2\/categories?post=6887"},{"taxonomy":"post_tag","embeddable":true,"href":"https:\/\/redsemlac.com\/semmexico\/wp-json\/wp\/v2\/tags?post=6887"}],"curies":[{"name":"wp","href":"https:\/\/api.w.org\/{rel}","templated":true}]}}