{"id":68863,"date":"2023-07-16T13:15:12","date_gmt":"2023-07-16T18:15:12","guid":{"rendered":"https:\/\/redsemlac.com\/semmexico\/?p=68863"},"modified":"2023-07-16T13:15:45","modified_gmt":"2023-07-16T18:15:45","slug":"miradas-de-reportero-la-encuesta-mas-grande-entre-periodistas-de-mexico-encuentra-mas-degradacion","status":"publish","type":"post","link":"https:\/\/redsemlac.com\/semmexico\/miradas-de-reportero-la-encuesta-mas-grande-entre-periodistas-de-mexico-encuentra-mas-degradacion\/","title":{"rendered":"Miradas de reportero| La encuesta m\u00e1s grande entre periodistas de M\u00e9xico encuentra m\u00e1s degradaci\u00f3n"},"content":{"rendered":"\n<p class=\"wp-block-paragraph\">Rogelio Hern\u00e1ndez L\u00f3pez<\/p>\n\n\n\n<p class=\"wp-block-paragraph\">SemM\u00e9xico, Ciudad de M\u00e9xico, 16 de julio, 2023.- Es absurdo, parad\u00f3jico que en los \u00faltimos cinco a\u00f1os haya mejorado la profesionalidad de las y los periodistas mexicanos y empeorado, todav\u00eda m\u00e1s, la situaci\u00f3n general en la que se desempe\u00f1an. Esa es la conclusi\u00f3n mayor que se deriva de los hallazgos de doce especialistas de cinco universidades mexicanas y una de Estados Unidos tras haber realizado la m\u00e1s grandes de las encuestas entre 486 profesionales de la informaci\u00f3n de las 32 entidades del pa\u00eds.<\/p>\n\n\n\n<p class=\"wp-block-paragraph\">J\u00fazguese. De 2017 a la fecha esto es lo que encontraron:<\/p>\n\n\n\n<p class=\"wp-block-paragraph\">&#8211; En ese lustro aument\u00f3 la calificaci\u00f3n acad\u00e9mica y profesional y son m\u00e1s hombres j\u00f3venes los que realizan a esta actividad:<\/p>\n\n\n\n<p class=\"wp-block-paragraph\">&#8211; Pero la mayor\u00eda absoluta (80.9 por ciento) no ha podido especializarse porque tiene que reportar sobre temas diversos;<\/p>\n\n\n\n<p class=\"wp-block-paragraph\">&#8211; Del total 26 de cada 100 ya no lo hacen de tiempo completo;<\/p>\n\n\n\n<p class=\"wp-block-paragraph\">&#8211; Un porcentaje menor de quienes s\u00ed trabajan de tiempo completo apenas tiene acceso a seguro social y vivienda sin otras prestaciones por incumplimiento de obligaciones patronales;<\/p>\n\n\n\n<p class=\"wp-block-paragraph\">&#8211; Los ingresos mensuales del 60 por ciento no rebasan los 15 mil pesos (el 24.9 gana 9 mil o menos y 35 por ciento hasta 15 mil);<\/p>\n\n\n\n<p class=\"wp-block-paragraph\">&#8211; Mas de 40 por ciento tiene otro empleo y la mayor\u00eda cumple jornadas mayores a las 40 horas;<\/p>\n\n\n\n<p class=\"wp-block-paragraph\">&#8211; El n\u00famero de quienes laboran como independientes sigue creciendo y ya casi son diez de cada cien (9.5 por ciento);<\/p>\n\n\n\n<p class=\"wp-block-paragraph\">&#8211; Una gran mayor\u00eda cree tener m\u00e1s autonom\u00eda para trabajar, pero tambi\u00e9n percibe que no existe libertad plena en los medios de comunicaci\u00f3n en M\u00e9xico;<\/p>\n\n\n\n<p class=\"wp-block-paragraph\">&#8211; En lo general se encontr\u00f3 alta valoraci\u00f3n de la deontolog\u00eda y el comportamiento \u00e9tico, pero tambi\u00e9n dos modelos en el ejercicio de los encuestados: los que creen que el periodismo es el vigilante del poder y los que le conceden la funci\u00f3n de ayudar a resolver los problemas sociales;<\/p>\n\n\n\n<p class=\"wp-block-paragraph\">&#8211; El total de los encuestados ha padecido alg\u00fan tipo de agresi\u00f3n, pero solo el 14 por ciento recibi\u00f3 algo de protecci\u00f3n gubernamental.<\/p>\n\n\n\n<p class=\"wp-block-paragraph\">En la conclusi\u00f3n de la encuesta se asienta lo absurdo de este tr\u00e1nsito negativo de las condiciones profesionales y laborales:<\/p>\n\n\n\n<p class=\"wp-block-paragraph\">\u201cLa concurrencia de la alta profesionalizaci\u00f3n de periodistas (tanto en sus pr\u00e1cticas como en su deontolog\u00eda), condiciones laborales precarias y restricciones en la autonom\u00eda configuran un escenario problem\u00e1tico en por lo menos dos v\u00edas: Por un lado, a nivel del campo period\u00edstico, expresan un potencial importante que no encuentra condiciones para desplegarse. Por otro lado, a nivel de los sujetos, es probable que esta contraposici\u00f3n se traduzca en niveles significativos de frustraci\u00f3n profesional e incluso abandono de la profesi\u00f3n\u201d.<\/p>\n\n\n\n<p class=\"wp-block-paragraph\"><strong>La encuesta<\/strong><\/p>\n\n\n\n<figure class=\"wp-block-image size-full\"><a href=\"https:\/\/redsemlac.com\/semmexico\/wp-content\/uploads\/2023\/07\/encuesta-periodistas.png\"><img loading=\"lazy\" decoding=\"async\" width=\"324\" height=\"424\" src=\"https:\/\/redsemlac.com\/semmexico\/wp-content\/uploads\/2023\/07\/encuesta-periodistas.png\" alt=\"\" class=\"wp-image-68864\"\/><\/a><\/figure>\n\n\n\n<p class=\"wp-block-paragraph\">La investigaci\u00f3n completa se llama: <em>Periodistas en M\u00e9xico: encuesta de sus perfiles demogr\u00e1ficos, laborales y profesionales<\/em><\/p>\n\n\n\n<p class=\"wp-block-paragraph\">La encuesta, informan, se realiz\u00f3 a 486 periodistas y se hizo con base a un directorio de medios \u201ca falta de una fuente confiable sobre el total de periodistas\u201d. Eso m\u00e1s el trabajo de campo complementario y de estudios documentales se llev\u00f3 a cabo de noviembre de 2021 a noviembre de 2022.<\/p>\n\n\n\n<p class=\"wp-block-paragraph\">Los responsables y las universidades donde investigan son: Frida Rodelo y Celia del Palacio Montiel de la Universidad de Guadalajara; Mireya M\u00e1rquez Ram\u00edrez, Grisel Salazar Rebolledo y Karles Daniel Manzo de la Iberoamericana; Mart\u00edn Echeverr\u00eda y Rub\u00e9n Arnoldo Gonz\u00e1lez de la BUAP; Armando Guti\u00e9rrez Ortega de la Aut\u00f3noma de Baja California; Josefina Buxad\u00e9 de las Am\u00e9ricas en Puebla; Julieta Brambila, y Jos\u00e9 Luis Lemini Camarillo, investigadores independientes; Sallie Hughes de la Universidad de Miami y un sinf\u00edn de colaboradores que realizaron estudios espec\u00edficos o tareas concretas en las 32 entidades ubicadas en cinco regiones.<\/p>\n\n\n\n<p class=\"wp-block-paragraph\">Un trabajo similar con menos entrevistados y complejidad se realiz\u00f3 en 2017 con el patrocinio de la mayor\u00eda de estas casas de estudio e investigaci\u00f3n.<\/p>\n\n\n\n<p class=\"wp-block-paragraph\">Los resultados de este segundo trabajo colectivo se anotan en 50 p\u00e1ginas, donde precisan con detalles su metodolog\u00eda, rutas de trabajo y hallazgos. (<a href=\"https:\/\/gmjmexico.uanl.mx\/index.php\/GMJ_EI\/article\/view\/512\/517?fbclid=IwAR1WapmVd9oxjoUGvXkDe-5-Rlse8Rxw3jkw2DjPr1Vs7H7sbfQH-zi6vfY\">https:\/\/gmjmexico.uanl.mx\/index.php\/GMJ_EI\/article\/view\/512\/517?fbclid=IwAR1WapmVd9oxjoUGvXkDe-5-Rlse8Rxw3jkw2DjPr1Vs7H7sbfQH-zi6vfY<\/a>)<\/p>\n\n\n\n<p class=\"wp-block-paragraph\"><strong>Algunas conclusiones<\/strong><\/p>\n\n\n\n<p class=\"wp-block-paragraph\">\u201cLa exploraci\u00f3n de los rasgos demogr\u00e1ficos muestra que quienes practican el periodismo son en mayor medida j\u00f3venes y hombres.<\/p>\n\n\n\n<p class=\"wp-block-paragraph\">\u201cLos datos muestran, adem\u00e1s, una creciente profesionalizaci\u00f3n y especializaci\u00f3n en t\u00e9rminos de sus niveles educativos y acceso a preparaci\u00f3n en el periodismo.<\/p>\n\n\n\n<p class=\"wp-block-paragraph\">\u201cEn el terreno laboral, los resultados de esta encuesta dan cuenta de niveles bajos de indicadores que la literatura ha considerado clave ya sea para la estabilidad del empleo period\u00edstico o bien para la producci\u00f3n de periodismo de investigaci\u00f3n.<\/p>\n\n\n\n<p class=\"wp-block-paragraph\">\u201cEn el primero de los casos se encuentran los bajos porcentajes de periodistas de tiempo completo y la significativa cantidad de periodistas independientes o freelance. En el segundo de los casos est\u00e1 la alta proporci\u00f3n de periodistas con una actividad remunerada adicional al periodismo y el bajo porcentaje de periodistas que se especializan en una secci\u00f3n o tem\u00e1tica.<\/p>\n\n\n\n<p class=\"wp-block-paragraph\">\u201cAsimismo, los resultados permiten caracterizar al periodismo como un trabajo al que la mayor\u00eda de las personas periodistas dedican largas jornadas laborales, probablemente como consecuencia de la necesidad de tener dos o m\u00e1s empleos period\u00edsticos.<\/p>\n\n\n\n<p class=\"wp-block-paragraph\">Es asimismo importante resaltar que una cuarta parte de las y los periodistas ganan 9 mil pesos o menos (1.7 salarios m\u00ednimos de 2022).<\/p>\n\n\n\n<p class=\"wp-block-paragraph\">\u201cEn contraste con este alto nivel de autonom\u00eda (individual) que se percibe, hay una visi\u00f3n generalizada de que no existe libertad plena para los medios de comunicaci\u00f3n en M\u00e9xico.<\/p>\n\n\n\n<p class=\"wp-block-paragraph\">\u201cCon respecto a las agresiones y los riesgos a los que se enfrentan las personas periodistas, la encuesta destaca que todas las personas incluidas en el estudio han sufrido al menos un tipo de agresi\u00f3n. Adem\u00e1s de enfrentar la exigencia de trabajar en un entorno con riesgo de contagio por COVID-19, los riesgos m\u00e1s frecuentes fueron el ser objeto de insultos o discurso de odio y la descalificaci\u00f3n p\u00fablica del trabajo period\u00edstico, amenazas que podr\u00edan constituir un s\u00edntoma de la desvalorizaci\u00f3n social de la labor period\u00edstica derivada de, al menos en parte, de la polarizaci\u00f3n pol\u00edtica del pa\u00eds.<\/p>\n\n\n\n<p class=\"wp-block-paragraph\">\u201cResulta llamativo que 80 % de las y los periodistas agredidos recibieron alg\u00fan tipo de apoyo o protecci\u00f3n de sus colegas periodistas, mientras que s\u00f3lo 14 % recibi\u00f3 alg\u00fan tipo de protecci\u00f3n gubernamental.<\/p>\n\n\n\n<p class=\"wp-block-paragraph\">\u201cEsto puede explicarse por el hecho de que casi todas las personas encuestadas (98 %) percibe que la impunidad es el gran lastre para poder realizar el trabajo period\u00edstico de manera plena, lo que da pistas sobre la desconfianza y la falta de eficacia de los mecanismos institucionales establecidos para atender la violencia contra la prensa.<\/p>\n\n\n\n<p class=\"wp-block-paragraph\"><strong>Falta un dato<\/strong><\/p>\n\n\n\n<p class=\"wp-block-paragraph\">Las encuestas son el mejor m\u00e9todo cient\u00edfico para conocer las percepciones y el estado de \u00e1nimo de poblaciones espec\u00edficas o segmentos de ellas, siempre y cuando sus metodolog\u00edas m\u00e1s el trabajo de campo se realicen adecuadamente.<\/p>\n\n\n\n<p class=\"wp-block-paragraph\">En esta investigaci\u00f3n, la mayor que se haya realizado con estas mismas pretensiones falt\u00f3 un dato trascendental, pero ellos lo aclararon. No hay fuente o trabajo confiable para conocer el total de personas dedicadas al periodismo en M\u00e9xico.<\/p>\n\n\n\n<p class=\"wp-block-paragraph\">Al respecto, el periodista Roberto Fuentes Vivar, especializado en econom\u00eda y finanzas ha realizado un seguimiento a los indicadores del Instituto Nacional de Estad\u00edstica y Geograf\u00eda (INEGI) y supo que en mayo de 2022 exist\u00edan registradas un total de 44 mil 364 personas ocupadas como periodistas donde se inclu\u00eda a locutores.<\/p>\n\n\n\n<p class=\"wp-block-paragraph\">El periodista inform\u00f3 tambi\u00e9n que entre 2017 y 2022 fueron despedidos alrededor de 10 mil personas, la mayor\u00eda reporteros y editores de informaci\u00f3n;<\/p>\n\n\n\n<p class=\"wp-block-paragraph\">A\u00f1adi\u00f3 que 9 mil 139 personas de las ocupadas en 2022 (20.6 por ciento del total) \u201ctrabajaban por cuenta propia o son empleadores, trabajadores sin pago y otros\u201d y que obviamente la mayor\u00eda no cuenta con prestaciones laborales ni sociales. Y para mayo de 2023, inform\u00f3 tambi\u00e9n Fuentes Vivar que el segmento de los llamados independientes ya superaba los 18 mil.<\/p>\n\n\n\n<p class=\"wp-block-paragraph\">Desde 1999 iniciaron los estudios que alertaban de c\u00f3mo comenzaban a degradarse las condiciones para hacer periodismo profesional en M\u00e9xico, tanto en justicia laboral como en seguridad. Y ni las muchas investigaciones acad\u00e9micas ni las advertencias de organizaciones internacionales y nacionales de periodistas han logrado convencer de que es necesaria una pol\u00edtica de Estado para que las y los periodistas profesionales sean considerados constitucionalmente como los actores principales de una actividad del inter\u00e9s p\u00fablico. Mirada de reportero.<\/p>\n","protected":false},"excerpt":{"rendered":"<p>Es absurdo, parad\u00f3jico que en los \u00faltimos cinco a\u00f1os haya mejorado la profesionalidad de las y los periodistas mexicanos y empeorado, todav\u00eda m\u00e1s, la situaci\u00f3n general en la que se desempe\u00f1an.<\/p>\n","protected":false},"author":3,"featured_media":38348,"comment_status":"open","ping_status":"open","sticky":false,"template":"","format":"standard","meta":{"_monsterinsights_skip_tracking":false,"footnotes":""},"categories":[106,35,85],"tags":[],"class_list":["post-68863","post","type-post","status-publish","format-standard","has-post-thumbnail","category-mirada-de-reportero","category-opinion","category-rogelio-hernandez-lopez"],"_links":{"self":[{"href":"https:\/\/redsemlac.com\/semmexico\/wp-json\/wp\/v2\/posts\/68863","targetHints":{"allow":["GET"]}}],"collection":[{"href":"https:\/\/redsemlac.com\/semmexico\/wp-json\/wp\/v2\/posts"}],"about":[{"href":"https:\/\/redsemlac.com\/semmexico\/wp-json\/wp\/v2\/types\/post"}],"author":[{"embeddable":true,"href":"https:\/\/redsemlac.com\/semmexico\/wp-json\/wp\/v2\/users\/3"}],"replies":[{"embeddable":true,"href":"https:\/\/redsemlac.com\/semmexico\/wp-json\/wp\/v2\/comments?post=68863"}],"version-history":[{"count":0,"href":"https:\/\/redsemlac.com\/semmexico\/wp-json\/wp\/v2\/posts\/68863\/revisions"}],"wp:featuredmedia":[{"embeddable":true,"href":"https:\/\/redsemlac.com\/semmexico\/wp-json\/wp\/v2\/media\/38348"}],"wp:attachment":[{"href":"https:\/\/redsemlac.com\/semmexico\/wp-json\/wp\/v2\/media?parent=68863"}],"wp:term":[{"taxonomy":"category","embeddable":true,"href":"https:\/\/redsemlac.com\/semmexico\/wp-json\/wp\/v2\/categories?post=68863"},{"taxonomy":"post_tag","embeddable":true,"href":"https:\/\/redsemlac.com\/semmexico\/wp-json\/wp\/v2\/tags?post=68863"}],"curies":[{"name":"wp","href":"https:\/\/api.w.org\/{rel}","templated":true}]}}