{"id":68841,"date":"2023-07-15T14:05:59","date_gmt":"2023-07-15T19:05:59","guid":{"rendered":"https:\/\/redsemlac.com\/semmexico\/?p=68841"},"modified":"2023-07-15T14:05:59","modified_gmt":"2023-07-15T19:05:59","slug":"hallazgos-este-dolor-no-es-mio","status":"publish","type":"post","link":"https:\/\/redsemlac.com\/semmexico\/hallazgos-este-dolor-no-es-mio\/","title":{"rendered":"Hallazgos| Este dolor no es m\u00edo"},"content":{"rendered":"\n<p class=\"wp-block-paragraph\">Roc\u00edo Fiallega<\/p>\n\n\n\n<p class=\"wp-block-paragraph\">SemM\u00e9xico, Ciudad de M\u00e9xico, 15 de julio, 2023.- M\u00e1s all\u00e1 de que Este dolor no es m\u00edo sea una recomendaci\u00f3n en la serie turca Mi otra yo, en la que se aborda el tema de Constelaciones Familiares, este libro es una oportunidad para trabajar con su propuesta nuestros traumas familiares heredados, de los que en realidad no somos conscientes.<\/p>\n\n\n\n<p class=\"wp-block-paragraph\">Mark Wolyn emprendi\u00f3 su viaje interior hacia afuera, sin darse cuenta de que en realidad lo que necesitaba era reconocer y honrar a sus padres y a su propia historia; con base en recientes investigaciones cient\u00edficas y su experiencia como terapeuta, nos explica que nuestro legado familiar nos proporciona tanto aflicciones como la fuerza suficiente para enfrentar la vida.<\/p>\n\n\n\n<p class=\"wp-block-paragraph\">Identifica que cuando hay dolor y enfermedad es porque se ha cortado el flojo de la vida por alguna de estas razones: nos hemos fusionado con pap\u00e1 o mam\u00e1 (o nuestro cuidador primario); rechazamos a alguno de nuestros progenitores; en nuestra edad temprana se rompi\u00f3 el v\u00ednculo con mam\u00e1; o, nos identificamos con un miembro del sistema familiar, distrito a nuestros padres y queremos redimir su historia.<\/p>\n\n\n\n<p class=\"wp-block-paragraph\">Tambi\u00e9n expone que las crisis que enfrentamos no necesariamente son nuestras, sino que a veces son parte de las lealtades invisibles que tenemos dentro de la conciencia familiar a la que pertenecemos, y es en ese entramado que podemos ubicar nuestro lenguaje nuclear, es decir las \u201cpalabras que describen nuestros miedos m\u00e1s profundos\u201d.<\/p>\n\n\n\n<p class=\"wp-block-paragraph\">La propuesta es que identifiquemos nuestro lenguaje nuclear, al re-conocer nuestra historia familiar, recreando nuestro \u00e1rbol geneal\u00f3gico como un genograma a trav\u00e9s de un mapa, el cual podemos ir construyendo una vez que identificamos, las quejas, descriptores, frases y traumas nucleares. Tambi\u00e9n nos ense\u00f1a a distinguir las din\u00e1micas invisibles que afectan nuestras relaciones familiares; y para ir integrando y transformando, nos proporciona frases para curar.<\/p>\n\n\n\n<p class=\"wp-block-paragraph\">Este libro nos invita a trabajar desde donde estamos, respondiendo con honestidad, consultando todas nuestras referencias familiares y avanzando en el trabajo interior, sin detenernos, porque incluso podemos identificar nuestra relaci\u00f3n con el \u00e9xito; haciendo que el amor profundo habite nuestra vida pena sin \u201creproducir los miedos ni las desventuras del pasado\u201d.<\/p>\n\n\n\n<p class=\"wp-block-paragraph\">Dice una mujer sabia, <a href=\"https:\/\/www.facebook.com\/MatajiShaktianandaUnResplandorEterno?__tn__=-UC\">Mataji Shaktiananda<\/a>: \u201cEl camino ni corto ni f\u00e1cil es, pero ya habita en ti\u201d, as\u00ed es que con la filosof\u00eda de vida que queramos emprender, y las gu\u00edas y propuestas adecuadas, podemos alcanzar y construir una vida llena de amor incondicional en plenitud.<\/p>\n","protected":false},"excerpt":{"rendered":"<p>M\u00e1s all\u00e1 de que Este dolor no es m\u00edo sea una recomendaci\u00f3n en la serie turca Mi otra yo, en la que se aborda el tema de Constelaciones Familiares<\/p>\n","protected":false},"author":3,"featured_media":39324,"comment_status":"open","ping_status":"open","sticky":false,"template":"","format":"standard","meta":{"_monsterinsights_skip_tracking":false,"footnotes":""},"categories":[620,35,621],"tags":[],"class_list":["post-68841","post","type-post","status-publish","format-standard","has-post-thumbnail","category-hallazgos","category-opinion","category-rocio-fiallega"],"_links":{"self":[{"href":"https:\/\/redsemlac.com\/semmexico\/wp-json\/wp\/v2\/posts\/68841","targetHints":{"allow":["GET"]}}],"collection":[{"href":"https:\/\/redsemlac.com\/semmexico\/wp-json\/wp\/v2\/posts"}],"about":[{"href":"https:\/\/redsemlac.com\/semmexico\/wp-json\/wp\/v2\/types\/post"}],"author":[{"embeddable":true,"href":"https:\/\/redsemlac.com\/semmexico\/wp-json\/wp\/v2\/users\/3"}],"replies":[{"embeddable":true,"href":"https:\/\/redsemlac.com\/semmexico\/wp-json\/wp\/v2\/comments?post=68841"}],"version-history":[{"count":0,"href":"https:\/\/redsemlac.com\/semmexico\/wp-json\/wp\/v2\/posts\/68841\/revisions"}],"wp:featuredmedia":[{"embeddable":true,"href":"https:\/\/redsemlac.com\/semmexico\/wp-json\/wp\/v2\/media\/39324"}],"wp:attachment":[{"href":"https:\/\/redsemlac.com\/semmexico\/wp-json\/wp\/v2\/media?parent=68841"}],"wp:term":[{"taxonomy":"category","embeddable":true,"href":"https:\/\/redsemlac.com\/semmexico\/wp-json\/wp\/v2\/categories?post=68841"},{"taxonomy":"post_tag","embeddable":true,"href":"https:\/\/redsemlac.com\/semmexico\/wp-json\/wp\/v2\/tags?post=68841"}],"curies":[{"name":"wp","href":"https:\/\/api.w.org\/{rel}","templated":true}]}}