{"id":68798,"date":"2023-07-13T20:49:13","date_gmt":"2023-07-14T01:49:13","guid":{"rendered":"https:\/\/redsemlac.com\/semmexico\/?p=68798"},"modified":"2023-07-13T21:07:55","modified_gmt":"2023-07-14T02:07:55","slug":"poder-judicial-de-oaxaca-desestima-pruebas-de-robo-agravado-cometido-en-torno-al-feminicidio-de-maria-del-sol-cruz-jarquin","status":"publish","type":"post","link":"https:\/\/redsemlac.com\/semmexico\/poder-judicial-de-oaxaca-desestima-pruebas-de-robo-agravado-cometido-en-torno-al-feminicidio-de-maria-del-sol-cruz-jarquin\/","title":{"rendered":"Poder Judicial de Oaxaca desestima pruebas de robo agravado cometido en torno al feminicidio de Mar\u00eda del Sol Cruz Jarqu\u00edn"},"content":{"rendered":"\n<p class=\"wp-block-paragraph\"> Patricia Brise\u00f1o<\/p>\n\n\n\n<p class=\"wp-block-paragraph\">SemM\u00e9xico, Oaxaca, Oax., 13 de julio, 2023.- La periodista Soledad Jarqu\u00edn Edgar, acompa\u00f1ada por familiares, colectivas y mujeres independientes se manifest\u00f3 afuera de la sede del Consejo de la Judicatura de Oaxaca donde denunci\u00f3 el&nbsp;nuevo rev\u00e9s del&nbsp;Tribunal Superior de Justicia del Estado (TSJE) a favor del acusado de robo de las pertenencias de su&nbsp;hija y fotorreportera, Mar\u00eda del Sol, v\u00edctima de feminicidio.<\/p>\n\n\n\n<p class=\"wp-block-paragraph\">\u201cLa resoluci\u00f3n del Tribunal evidencia las redes de complicidades y la cadena de impunidad en Oaxaca\u201d, expuso la madre de familia en busca de justicia desde el dos de junio de 2018, cuando sujetos desconocidos privaron de la vida a su hija, en la ciudad de Juchit\u00e1n de Zaragoza, en la regi\u00f3n del Istmo de Tehuantepec.<\/p>\n\n\n\n<p class=\"wp-block-paragraph\">\u201cA m\u00e1s de cinco a\u00f1os del feminicidio y de los dem\u00e1s delitos cometidos, el acceso a la justicia sigue siendo nulo\u201d, sostuvo.<\/p>\n\n\n\n<figure class=\"wp-block-image size-large\"><a href=\"https:\/\/redsemlac.com\/semmexico\/wp-content\/uploads\/2023\/07\/oaxaca-tribunal-01-1.jpg\"><img decoding=\"async\" src=\"https:\/\/redsemlac.com\/semmexico\/wp-content\/uploads\/2023\/07\/oaxaca-tribunal-01-1-1024x613.jpg\" alt=\"\" class=\"wp-image-68801\"\/><\/a><\/figure>\n\n\n\n<p class=\"wp-block-paragraph\">En rueda de prensa, luego de una clausura simb\u00f3lica del inmueble, ubicado en la zona norte de la capital oaxaque\u00f1a, la tambi\u00e9n Premio Nacional de Periodismo 2006 expuso que la&nbsp;Sexta Sala Penal Colegiada, desestim\u00f3 la gravedad de la culpabilidad del exservidor p\u00fablico, Heliodoro Altamirano Charis, responsable del robo del equipo de trabajo de la foto reportera, tras ocurrido el crimen y con las indagatorias en marcha.<\/p>\n\n\n\n<p class=\"wp-block-paragraph\">Inform\u00f3 que el pasado 10 de julio, el Poder&nbsp;Judicial de Oaxaca dict\u00f3 una nueva resoluci\u00f3n parcial que disminuye a Altamirano la pena de 13 a 9 a\u00f1os con siete meses, desestima la gravedad de la culpabilidad y \u201cniega valor a la obra art\u00edstica contenida en el equipo de trabajo robado\u201d.<\/p>\n\n\n\n<p class=\"wp-block-paragraph\">\u00abSe retrocede en el \u00fanico avance con el que se contaba hasta el momento, en relaci\u00f3n con el entramado de delitos que fueron cometidos alrededor del feminicidio de Mar\u00eda del Sol\u00bb, apunt\u00f3 la periodista.<\/p>\n\n\n\n<p class=\"wp-block-paragraph\">El 2 de junio 2018, Mar\u00eda del Sol Cruz Jarqu\u00edn, quien fung\u00eda como jefa de Comunicaci\u00f3n Ind\u00edgena Intercultural de la entonces Secretar\u00eda de Asuntos Ind\u00edgenas (SAI) del gobierno estatal, fue v\u00edctima de feminicidio en Juchit\u00e1n. Lugar en donde se encontraba, obligada por quien era su jefe, Francisco Montero L\u00f3pez, para cubrir la campa\u00f1a electoral de su hermano Hageo Montero L\u00f3pez.<\/p>\n\n\n\n<figure class=\"wp-block-image size-large\"><a href=\"https:\/\/redsemlac.com\/semmexico\/wp-content\/uploads\/2023\/07\/oaxaca-tribunal-02.jpg\"><img decoding=\"async\" src=\"https:\/\/redsemlac.com\/semmexico\/wp-content\/uploads\/2023\/07\/oaxaca-tribunal-02-1024x617.jpg\" alt=\"\" class=\"wp-image-68802\"\/><\/a><\/figure>\n\n\n\n<p class=\"wp-block-paragraph\">Sabiendo ya del asesinato, Altamirano Charis, entonces funcionario de la SAI se present\u00f3 en el hotel donde estaba hospedada Cruz Jarqu\u00edn y se llev\u00f3 la computadora, c\u00e1mara fotogr\u00e1fica y de video mismo que conten\u00eda fotograf\u00edas del trabajo que estaba realizando Mar\u00eda del Sol en este momento, as\u00ed como su obra art\u00edstica de m\u00e1s de 10 a\u00f1os.<\/p>\n\n\n\n<p class=\"wp-block-paragraph\">La madre de la v\u00edctima denunci\u00f3 inmediatamente este robo que a todas luces buscaba desaparecer informaci\u00f3n de la labor que realizaba la fot\u00f3grafa.<\/p>\n\n\n\n<p class=\"wp-block-paragraph\">El acusado enfrent\u00f3 todo el proceso en libertad y fue hasta finales de 2020 que se llev\u00f3 a cabo la primera audiencia. En octubre 2022 fue dictada finalmente sentencia condenatoria a 13 a\u00f1os cuatro meses, el imputado se ampar\u00f3 contra la resoluci\u00f3n, y contin\u00fao libre.<\/p>\n\n\n\n<p class=\"wp-block-paragraph\">Poder Judicial respald\u00f3 a Altamirano Charis, al justificar el robo del equipo de trabajo de la v\u00edctima, calific\u00f3 el robo agravado cometido en torno al feminicidio&nbsp;como \u201cmedio\u201d, y desestim\u00f3 la obra gr\u00e1fica de la foto reportera.<\/p>\n\n\n\n<p class=\"wp-block-paragraph\">Lo anterior -una vez m\u00e1s- demuestra que en Oaxaca se asesina la justicia. \u201cSeguiremos exigiendo justicia y evidenciando el actuar del Poder Judicial del Estado y de las dem\u00e1s autoridades que tienen la obligaci\u00f3n de atender a las mujeres en situaci\u00f3n de violencia\u201d, advirti\u00f3 la periodista, Soledad Jarqu\u00edn.<\/p>\n","protected":false},"excerpt":{"rendered":"<p>La periodista Soledad Jarqu\u00edn Edgar, acompa\u00f1ada por familiares, colectivas y mujeres independientes se manifest\u00f3 afuera de la sede del Consejo de la Judicatura de Oaxaca donde denunci\u00f3 el\u00a0nuevo rev\u00e9s del\u00a0Tribunal Superior de Justicia del Estado (TSJE) a favor del acusado de robo de las pertenencias de su\u00a0hija y fotorreportera, Mar\u00eda del Sol, v\u00edctima de feminicidio.<\/p>\n","protected":false},"author":3,"featured_media":68800,"comment_status":"open","ping_status":"open","sticky":false,"template":"","format":"standard","meta":{"_monsterinsights_skip_tracking":false,"footnotes":""},"categories":[47],"tags":[],"class_list":["post-68798","post","type-post","status-publish","format-standard","has-post-thumbnail","category-no-mas-impunidad"],"_links":{"self":[{"href":"https:\/\/redsemlac.com\/semmexico\/wp-json\/wp\/v2\/posts\/68798","targetHints":{"allow":["GET"]}}],"collection":[{"href":"https:\/\/redsemlac.com\/semmexico\/wp-json\/wp\/v2\/posts"}],"about":[{"href":"https:\/\/redsemlac.com\/semmexico\/wp-json\/wp\/v2\/types\/post"}],"author":[{"embeddable":true,"href":"https:\/\/redsemlac.com\/semmexico\/wp-json\/wp\/v2\/users\/3"}],"replies":[{"embeddable":true,"href":"https:\/\/redsemlac.com\/semmexico\/wp-json\/wp\/v2\/comments?post=68798"}],"version-history":[{"count":0,"href":"https:\/\/redsemlac.com\/semmexico\/wp-json\/wp\/v2\/posts\/68798\/revisions"}],"wp:featuredmedia":[{"embeddable":true,"href":"https:\/\/redsemlac.com\/semmexico\/wp-json\/wp\/v2\/media\/68800"}],"wp:attachment":[{"href":"https:\/\/redsemlac.com\/semmexico\/wp-json\/wp\/v2\/media?parent=68798"}],"wp:term":[{"taxonomy":"category","embeddable":true,"href":"https:\/\/redsemlac.com\/semmexico\/wp-json\/wp\/v2\/categories?post=68798"},{"taxonomy":"post_tag","embeddable":true,"href":"https:\/\/redsemlac.com\/semmexico\/wp-json\/wp\/v2\/tags?post=68798"}],"curies":[{"name":"wp","href":"https:\/\/api.w.org\/{rel}","templated":true}]}}