{"id":68796,"date":"2023-07-13T16:25:22","date_gmt":"2023-07-13T21:25:22","guid":{"rendered":"https:\/\/redsemlac.com\/semmexico\/?p=68796"},"modified":"2023-07-13T16:26:22","modified_gmt":"2023-07-13T21:26:22","slug":"entresemana-la-senora-xochitl","status":"publish","type":"post","link":"https:\/\/redsemlac.com\/semmexico\/entresemana-la-senora-xochitl\/","title":{"rendered":"Entresemana| La se\u00f1ora X\u00f3chitl\u2026"},"content":{"rendered":"\n<p class=\"wp-block-paragraph\">Mois\u00e9s S\u00e1nchez Lim\u00f3n<\/p>\n\n\n\n<p class=\"wp-block-paragraph\">SemM\u00e9xico, Ciudad de M\u00e9xico, 13 de julio, 2023.- Hasta la culta y dem\u00f3crata Layda Sansores San Rom\u00e1n se trep\u00f3 a la campa\u00f1a contra X\u00f3chitl G\u00e1lvez Ruiz.<\/p>\n\n\n\n<p class=\"wp-block-paragraph\">Se los dije.<\/p>\n\n\n\n<p class=\"wp-block-paragraph\">\u00bfPara eso urg\u00eda el comandante en jefe de Morena el destape de la candidata o candidato de Vamos por M\u00e9xico a la Presidencia de la Rep\u00fablica?<\/p>\n\n\n\n<p class=\"wp-block-paragraph\">\u00bfPor eso el insistente reproche: d\u00f3nde est\u00e1 la oposici\u00f3n?<\/p>\n\n\n\n<p class=\"wp-block-paragraph\">Y cuando la oposici\u00f3n reaccion\u00f3 y X\u00f3chitl creci\u00f3 como la espuma, entonces el Duce de los destinos nacionales reaccion\u00f3 junto con la pl\u00e9yade oficialista que evidenci\u00f3 lo esperado: hacer pedazos a la que el licenciado L\u00f3pez Obrador considera ungida.<\/p>\n\n\n\n<p class=\"wp-block-paragraph\">Porque\u2026<\/p>\n\n\n\n<p class=\"wp-block-paragraph\">Sin duda, usted ya se dio cuenta de que la embestida, sin rubor e irreverente contra la ingeniera, la encabeza el dem\u00f3crata e impoluto licenciado presidente. Cuidado, cuidado\u2026<\/p>\n\n\n\n<p class=\"wp-block-paragraph\">Y es que, pese a insistir en que no es igual a sus antecesores, opera con el mejor estilo de buscar esqueletos en el cl\u00f3set o bajo la alfombra del opositor. El licenciado L\u00f3pez Obrador es bien listo.<\/p>\n\n\n\n<p class=\"wp-block-paragraph\">As\u00ed, la puntada va m\u00e1s all\u00e1 de la iron\u00eda de pedir a Claudio X Gonz\u00e1lez y a Mar\u00eda Amparo Casar con Mexicanos Contra la Corrupci\u00f3n y la Impunidad investigar las propiedades de X\u00f3chitl, entra\u00f1a la advertencia de usar a los cancerberos de la Secretar\u00eda de Hacienda, el SAT y la Unidad de Inteligencia Financiera para investigar a la senadora G\u00e1lvez Ruiz.<\/p>\n\n\n\n<p class=\"wp-block-paragraph\">\u201cLa intenci\u00f3n de \u00e9l es descarrilarme\u201d, declar\u00f3 X\u00f3chitl.<\/p>\n\n\n\n<p class=\"wp-block-paragraph\">Pero\u2026<\/p>\n\n\n\n<p class=\"wp-block-paragraph\">Lejos de amilanarse, present\u00f3 ante el INE denuncias por violencia pol\u00edtica de g\u00e9nero y uso indebido de recursos p\u00fablicos, contra el licenciado presidente y el poeta y escritor Jes\u00fas Ram\u00edrez adem\u00e1s del director de lo que queda de Cepropie, Sigfrido Barjau de la Rosa.<\/p>\n\n\n\n<p class=\"wp-block-paragraph\">De inmediato, en lo que puede asumirse como el \u201c\u00a1ya chole!, presidente\u201d, X\u00f3chitl zanj\u00f3:&nbsp;\u201cuna cosa es aguantar los chismes del presidente todas las ma\u00f1anas\u2026 y otra muy distinta es tolerar la ilegalidad\u201d.<\/p>\n\n\n\n<p class=\"wp-block-paragraph\">En fundamento de su denuncia, X\u00f3chitl refiri\u00f3 que L\u00f3pez Obrador en sus mensajes de las ma\u00f1aneras de los d\u00edas tres, cuatro, cinco y siete de julio ejerci\u00f3 violencia pol\u00edtica en raz\u00f3n de g\u00e9nero en su contra.<\/p>\n\n\n\n<p class=\"wp-block-paragraph\">Mire usted, en la ma\u00f1anera el licenciado Andr\u00e9s Manuel I se gasta el tiempo en atacar y descalificar a X\u00f3chitl G\u00e1lvez de suerte que nadie le cree su dicho de que respeta a las mujeres.<\/p>\n\n\n\n<p class=\"wp-block-paragraph\">Y se atreve, en un exceso al sentido com\u00fan, a asumirse como el adivino due\u00f1o del presente y futuro de la oposici\u00f3n pol\u00edtica.<\/p>\n\n\n\n<p class=\"wp-block-paragraph\">&#8211;\u00bfQu\u00e9 estoy visualizando? \u2014se pregunt\u00f3 Su Alteza Seren\u00edsima, en la ma\u00f1anera.<\/p>\n\n\n\n<p class=\"wp-block-paragraph\">&#8211;Que van a fracasar \u2013se respondi\u00f3.<\/p>\n\n\n\n<p class=\"wp-block-paragraph\">Aduce que la oposici\u00f3n fracasar\u00e1 \u201cporque la gente est\u00e1 muy consciente, la gente est\u00e1 recibiendo ahora lo que no le daban. Hay gobiernos que dan y hay gobiernos que quitan (\u2026)\u201d.<\/p>\n\n\n\n<p class=\"wp-block-paragraph\">\u00a1Ah!, porque seg\u00fan \u00e9l, \u201clos otros buscan llegar a los cargos para saquear, para robar, para hacerse grandes con la riqueza mal habida, y eso lo saben muy bien la gente\u201d.<\/p>\n\n\n\n<p class=\"wp-block-paragraph\">Bueno, bueno.<\/p>\n\n\n\n<p class=\"wp-block-paragraph\">Cuesti\u00f3n de que alguien le pregunte en la ma\u00f1anera, a qu\u00e9 llegaron Manuel Bartlett y su v\u00e1stago, Ignacio Ovalle Fern\u00e1ndez en Segalmex y aquellos que, por citar unos ejemplos, han saqueado al Instituto para Devolver al Pueblo lo Robado y han vaciado, desde el Banco del Bienestar, las cuentas de beneficiarios de la tercera edad.<\/p>\n\n\n\n<p class=\"wp-block-paragraph\">Pero, bueno, est\u00e1bamos con la embestida contra la ingeniera G\u00e1lvez, con esa burda campa\u00f1a que dicta l\u00ednea desde el p\u00falpito en la ma\u00f1anera y en las redes sociales morenistas hay obediencia ciega para golpear y estigmatizar a X\u00f3chitl.<\/p>\n\n\n\n<p class=\"wp-block-paragraph\">Lea usted lo dicho por el licenciado L\u00f3pez Obrador:<\/p>\n\n\n\n<p class=\"wp-block-paragraph\">\u201cAhora ya hasta estamos prepar\u00e1ndonos porque, como no les funcion\u00f3 lo de X\u00f3chitl porque ese globo no vol\u00f3, van \u2014ya lo est\u00e1n haciendo\u2014 a destinar todas sus bater\u00edas, las van a orientar, a enfocar a la violencia (\u2026)\u201d.<\/p>\n\n\n\n<p class=\"wp-block-paragraph\">\u00bfLa violencia? \u00a1Sopas! Nom\u00e1s falta que culpe a X\u00f3chitl del desgobierno que hay en Guerrero y Michoac\u00e1n y Tamaulipas y\u2026<\/p>\n\n\n\n<p class=\"wp-block-paragraph\">\u00a1Re c\u00e1spita, Batman!<\/p>\n\n\n\n<p class=\"wp-block-paragraph\">\u201cEs que &#8211;seg\u00fan Andr\u00e9s Manuel I&#8211; la se\u00f1ora X\u00f3chitl G\u00e1lvez, pues, es Fox, es Salinas, es Claudio X. Gonz\u00e1lez, es Roberto Hern\u00e1ndez. Entonces entran as\u00ed, los imponen y entran atados de pies y manos. Son peleles, son t\u00edteres, empleados de la oligarqu\u00eda.<\/p>\n\n\n\n<p class=\"wp-block-paragraph\">\u201cEn cambio, los que van a recibir el bast\u00f3n de mando del movimiento de transformaci\u00f3n, al que voy a entregarle el bast\u00f3n de mando, hombre o mujer, pues van a tener autonom\u00eda, van a ser independientes, van a tener s\u00f3lo como amo al pueblo de M\u00e9xico\u201d.<\/p>\n\n\n\n<p class=\"wp-block-paragraph\">En serio, no se r\u00eda.<\/p>\n\n\n\n<p class=\"wp-block-paragraph\">\u00bfUna corcholata independiente?<\/p>\n\n\n\n<p class=\"wp-block-paragraph\">Uno de esos mercenarios de la ma\u00f1anera puso en bandeja de plata la pregunta al Duce:<\/p>\n\n\n\n<p class=\"wp-block-paragraph\">&#8211;En&nbsp;<em>Televisa&nbsp;<\/em>hay una campa\u00f1a contra Ad\u00e1n Augusto L\u00f3pez. \u00bfA qu\u00e9 cree que se deba?<\/p>\n\n\n\n<p class=\"wp-block-paragraph\">&#8211;A eso mismo, a eso, les dan l\u00ednea&#8211; respondi\u00f3 el licenciado presidente.<\/p>\n\n\n\n<p class=\"wp-block-paragraph\">&#8211;\u00bfPero por qu\u00e9 Ad\u00e1n Augusto, precisamente?<\/p>\n\n\n\n<p class=\"wp-block-paragraph\">&#8211;Por algo ser\u00e1 \u2013atendi\u00f3 L\u00f3pez Obrador&#8211;, as\u00ed dicen all\u00e1 en mi pueblo, por algo ser\u00e1. Pero se ve, ya me di cuenta, o sea, es muy notorio que&nbsp;<em>Televisa<\/em>&nbsp;la trae contra Ad\u00e1n. No s\u00e9 por qu\u00e9 raz\u00f3n. Pero qu\u00e9 bien lo que dices, porque ten\u00eda yo ganas de mencionarlo. Pero, bueno, todos en esa l\u00ednea, \u00bfno?<\/p>\n\n\n\n<p class=\"wp-block-paragraph\">Y le rest\u00f3 importancia:<\/p>\n\n\n\n<p class=\"wp-block-paragraph\">&#8211;Afortunadamente \u2013dijo&#8211;, esos programas tambi\u00e9n no los ve mucha gente, los ve el llamado c\u00edrculo rojo, y esos, pues ya sabemos, \u00bfno?, pero s\u00ed est\u00e1n constantemente en contra. Y ahora tienen como consigna hablar bien de la se\u00f1ora X\u00f3chitl, ya les dieron l\u00ednea, pero no.<\/p>\n\n\n\n<p class=\"wp-block-paragraph\">&#8211;\u00bfYa vio la lista de los finalistas en la oposici\u00f3n, presidente?<\/p>\n\n\n\n<p class=\"wp-block-paragraph\">&#8211;S\u00ed, pero ya, ya, ya es complemento, es accesorio, es aderezo, nada m\u00e1s es la se\u00f1ora X\u00f3chitl. Ya hicieron la consulta arriba, ya Salinas, y Fox, y Calder\u00f3n, y Claudio, y Roberto Hern\u00e1ndez, y Diego, ya, ya decidieron, o sea, ya lo dem\u00e1s es pura faramalla.<\/p>\n\n\n\n<p class=\"wp-block-paragraph\">\u00a1Joded!, porque\u2026<\/p>\n\n\n\n<p class=\"wp-block-paragraph\">&#8211;El caso de X\u00f3chitl pues ya sabemos, \u00bfpara qu\u00e9 quieren a X\u00f3chitl? Para seguir saqueando, para seguir robando\u2014acus\u00f3 y dio la primicia:<\/p>\n\n\n\n<p class=\"wp-block-paragraph\">\u201c(\u2026) le voy a pedir a Claudio X. Gonz\u00e1lez aqu\u00ed que haga una investigaci\u00f3n sobre la empresa de X\u00f3chitl, y los contratos que ha recibido del gobierno de cuando fue funcionaria en el gobierno de Fox y de cuando fue jefa de Gobierno\u201d.<\/p>\n\n\n\n<p class=\"wp-block-paragraph\">Pero\u2026<\/p>\n\n\n\n<p class=\"wp-block-paragraph\">Elemental la iron\u00eda y la advertencia. Pero, X\u00f3chitl fue delegada, no jefa de Gobierno y Claudio no es autoridad para investigarla, aunque Hacienda y el SAT y la UIF lo son, am\u00e9n de que la jaur\u00eda anda suelta y &#8211;\u00bfmotu proprio? &#8212; se revelan propiedades de X\u00f3chitl y contratos otorgados cuando funcionaria en la administraci\u00f3n de Vicente Fox y delegada en Miguel Hidalgo. Elemental, se los dije.<\/p>\n\n\n\n<p class=\"wp-block-paragraph\">&#8211;Ya lo denunci\u00f3 por violencia pol\u00edtica de g\u00e9nero, tambi\u00e9n est\u00e1 denunciado usted, presidente, lo denunci\u00f3\u2014 refiri\u00f3 uno de los mercenarios ma\u00f1aneros al licenciado Andr\u00e9s Manuel.<\/p>\n\n\n\n<p class=\"wp-block-paragraph\">&#8211;\u00a1Ah!, s\u00ed, pero eso no. Yo no ofendo a las mujeres\u2014respondi\u00f3 y se sacudi\u00f3 con una canci\u00f3n del compositor tabasque\u00f1o Juan Manuel L\u00f3pez Ochoa: \u201cTodas las mujeres, coraz\u00f3n\u201d.<\/p>\n\n\n\n<p class=\"wp-block-paragraph\">\u00a1Ay!, \u00a1qu\u00e9 lindo! X\u00f3chitl, la se\u00f1ora X\u00f3chitl quita el sue\u00f1o al Duce. \u00a1Rec\u00f3rcholis, Drakko! Digo.<\/p>\n\n\n\n<p class=\"wp-block-paragraph\"><a href=\"mailto:sanchezlimon@gmail.com\" target=\"_blank\" rel=\"noreferrer noopener\">sanchezlimon@gmail.com<\/a>&nbsp;&nbsp;&nbsp;<a href=\"http:\/\/www.entresemana.mx\/\" target=\"_blank\" rel=\"noreferrer noopener\">www.entresemana.mx<\/a>&nbsp;&nbsp;<strong>&nbsp;@sanchezlimon1<\/strong><\/p>\n","protected":false},"excerpt":{"rendered":"<p>Hasta la culta y dem\u00f3crata Layda Sansores San Rom\u00e1n se trep\u00f3 a la campa\u00f1a contra X\u00f3chitl G\u00e1lvez Ruiz.<\/p>\n","protected":false},"author":3,"featured_media":41799,"comment_status":"open","ping_status":"open","sticky":false,"template":"","format":"standard","meta":{"_monsterinsights_skip_tracking":false,"footnotes":""},"categories":[105,83,35],"tags":[],"class_list":["post-68796","post","type-post","status-publish","format-standard","has-post-thumbnail","category-entresemana","category-moises-sanchez-limon","category-opinion"],"_links":{"self":[{"href":"https:\/\/redsemlac.com\/semmexico\/wp-json\/wp\/v2\/posts\/68796","targetHints":{"allow":["GET"]}}],"collection":[{"href":"https:\/\/redsemlac.com\/semmexico\/wp-json\/wp\/v2\/posts"}],"about":[{"href":"https:\/\/redsemlac.com\/semmexico\/wp-json\/wp\/v2\/types\/post"}],"author":[{"embeddable":true,"href":"https:\/\/redsemlac.com\/semmexico\/wp-json\/wp\/v2\/users\/3"}],"replies":[{"embeddable":true,"href":"https:\/\/redsemlac.com\/semmexico\/wp-json\/wp\/v2\/comments?post=68796"}],"version-history":[{"count":0,"href":"https:\/\/redsemlac.com\/semmexico\/wp-json\/wp\/v2\/posts\/68796\/revisions"}],"wp:featuredmedia":[{"embeddable":true,"href":"https:\/\/redsemlac.com\/semmexico\/wp-json\/wp\/v2\/media\/41799"}],"wp:attachment":[{"href":"https:\/\/redsemlac.com\/semmexico\/wp-json\/wp\/v2\/media?parent=68796"}],"wp:term":[{"taxonomy":"category","embeddable":true,"href":"https:\/\/redsemlac.com\/semmexico\/wp-json\/wp\/v2\/categories?post=68796"},{"taxonomy":"post_tag","embeddable":true,"href":"https:\/\/redsemlac.com\/semmexico\/wp-json\/wp\/v2\/tags?post=68796"}],"curies":[{"name":"wp","href":"https:\/\/api.w.org\/{rel}","templated":true}]}}