{"id":68790,"date":"2023-07-13T15:28:26","date_gmt":"2023-07-13T20:28:26","guid":{"rendered":"https:\/\/redsemlac.com\/semmexico\/?p=68790"},"modified":"2023-07-13T15:30:02","modified_gmt":"2023-07-13T20:30:02","slug":"ministras-de-la-otan-abordan-el-liderazgo-de-mujeres-y-su-papel-en-la-guerra-en-ucrania","status":"publish","type":"post","link":"https:\/\/redsemlac.com\/semmexico\/ministras-de-la-otan-abordan-el-liderazgo-de-mujeres-y-su-papel-en-la-guerra-en-ucrania\/","title":{"rendered":"Ministras de la OTAN abordan el liderazgo de mujeres y su papel en la guerra en Ucrania"},"content":{"rendered":"\n<p class=\"wp-block-paragraph\">Promueven di\u00e1logo transatl\u00e1ntico &nbsp;para forjar \u201cun camino hacia un futuro m\u00e1s brillante, seguro e inclusivo\u201d<\/p>\n\n\n\n<p class=\"wp-block-paragraph\">Di\u00e1logo a los m\u00e1rgenes de la Cumbre de la Alianza Atl\u00e1ntica<\/p>\n\n\n\n<p class=\"wp-block-paragraph\">SemM\u00e9xico, Vilna, Lituania, 13 de julio, 2023.- Varias ministras de Exteriores y Defensa de la OTAN abordaron este mi\u00e9rcoles en Vilna, en los m\u00e1rgenes de la cumbre de la Alianza Atl\u00e1ntica, la influencia de las mujeres en puestos de poder y tambi\u00e9n qu\u00e9 apoyo se les puede dar en la guerra de agresi\u00f3n rusa contra Ucrania.<\/p>\n\n\n\n<p class=\"wp-block-paragraph\">Las ministras, entre las que se encontr\u00f3 la titular espa\u00f1ola de Defensa, Margarita Robles, discutieron \u201cc\u00f3mo las mujeres en roles de liderazgo pueden inspirar el cambio\u201d y c\u00f3mo \u201crespaldar a las mujeres en todas las fases del conflicto en Ucrania\u201d, indic\u00f3 en un comunicado la Alianza Atl\u00e1ntica.<\/p>\n\n\n\n<p class=\"wp-block-paragraph\">El encuentro estuvo organizado por la representante especial del secretario general de la OTAN para la Mujer, la Paz y la Seguridad, Irene Ferl\u00edn, y la portavoz del Parlamento lituano, Viktorija Cmilyte-Nielsen.<\/p>\n\n\n\n<p class=\"wp-block-paragraph\">\u201cTenemos la responsabilidad colectiva de hacer m\u00e1s\u201d, asegur\u00f3 Fellin, quien agreg\u00f3 que \u201cestamos aqu\u00ed haciendo el cambio que buscamos, liderando con el ejemplo e inspirando a mujeres y ni\u00f1as a unirse a nosotros ahora y en el futuro. El liderazgo importa\u201d.<\/p>\n\n\n\n<p class=\"wp-block-paragraph\">El evento se basa en una iniciativa impulsada el a\u00f1o pasado al margen de la cumbre de la OTAN Madrid que proporciona \u201cuna plataforma \u00fanica para el di\u00e1logo y la consulta de alto nivel\u201d.<\/p>\n\n\n\n<p class=\"wp-block-paragraph\">Su objetivo es fomentar un \u201ccambio transformador\u201d y <a>reforzar el di\u00e1logo transatl\u00e1ntico sobre el liderazgo de las mujeres, forjando \u201cun camino hacia un futuro m\u00e1s brillante, seguro e inclusivo\u201d, explic\u00f3 la organizaci\u00f3n<\/a>.<\/p>\n\n\n\n<p class=\"wp-block-paragraph\">El liderazgo y la participaci\u00f3n de las mujeres en cuestiones de paz y seguridad es el n\u00facleo de la Agenda de Mujeres, Paz y Seguridad de la OTAN y est\u00e1 al frente de los compromisos de la Alianza, como qued\u00f3 reflejado en el Concepto Estrat\u00e9gico de 2022, la estrategia de los aliados para la pr\u00f3xima d\u00e9cada. EFE<\/p>\n\n\n\n<h2 class=\"wp-block-heading\">Ucrania ha perdido m\u00e1s de 26.000 soldados en la contraofensiva, seg\u00fan Rusia<\/h2>\n\n\n\n<p class=\"wp-block-paragraph\">Ucrania ha perdido m\u00e1s de 26.000 soldados y 3.000 carros de combate desde el comienzo de su contraofensiva, seg\u00fan el ministro de Defensa ruso, Sergu\u00e9i Shoig\u00fa, que afirm\u00f3 que el Ej\u00e9rcito Ucraniano no ha logrado ninguno de los objetivos propuestos.<\/p>\n\n\n\n<p class=\"wp-block-paragraph\">\u00abDesde el 4 de junio las bajas del enemigo fueron m\u00e1s de 26.000 soldados y 3.000 carros diversos carros de combate\u00bb, afirm\u00f3 a la prensa rusa, citado por Interfax.<\/p>\n\n\n\n<p class=\"wp-block-paragraph\">Seg\u00fan el titular de Defensa, Rusia ha destruido durante este tiempo 21 aviones, 5 helic\u00f3pteros, 1.244 tanques y otros tipos de blindados, \u00abincluyendo 17 tanques alemanes Leopard, cinco tanques sobre ruedas franceses AMX y 12 blindados estadounidenses Bradley\u00bb.<\/p>\n\n\n\n<p class=\"wp-block-paragraph\">Con informaci\u00f3n de &nbsp;Efe<\/p>\n\n\n\n<p class=\"wp-block-paragraph\"><a href=\"https:\/\/www.swissinfo.ch\/spa\/noticias-de-espa%C3%B1a-y-latinoam%C3%A9rica-en-la-prensa-suiza\/48561548\"><\/a><\/p>\n\n\n\n<p class=\"wp-block-paragraph\"><a href=\"https:\/\/www.swissinfo.ch\/spa\/noticias-de-espa%C3%B1a-y-latinoam%C3%A9rica-en-la-prensa-suiza\/48561548\">Noticias de Espa\u00f1a y Latinoam\u00e9rica en la prensa suiza<\/a><\/p>\n","protected":false},"excerpt":{"rendered":"<p>Varias ministras de Exteriores y Defensa de la OTAN abordaron este mi\u00e9rcoles en Vilna, en los m\u00e1rgenes de la cumbre de la Alianza Atl\u00e1ntica, la influencia de las mujeres en puestos de poder y tambi\u00e9n qu\u00e9 apoyo se les puede dar en la guerra de agresi\u00f3n rusa contra Ucrania.<\/p>\n","protected":false},"author":3,"featured_media":68791,"comment_status":"open","ping_status":"open","sticky":false,"template":"","format":"standard","meta":{"_monsterinsights_skip_tracking":false,"footnotes":""},"categories":[53],"tags":[],"class_list":["post-68790","post","type-post","status-publish","format-standard","has-post-thumbnail","category-internacional"],"_links":{"self":[{"href":"https:\/\/redsemlac.com\/semmexico\/wp-json\/wp\/v2\/posts\/68790","targetHints":{"allow":["GET"]}}],"collection":[{"href":"https:\/\/redsemlac.com\/semmexico\/wp-json\/wp\/v2\/posts"}],"about":[{"href":"https:\/\/redsemlac.com\/semmexico\/wp-json\/wp\/v2\/types\/post"}],"author":[{"embeddable":true,"href":"https:\/\/redsemlac.com\/semmexico\/wp-json\/wp\/v2\/users\/3"}],"replies":[{"embeddable":true,"href":"https:\/\/redsemlac.com\/semmexico\/wp-json\/wp\/v2\/comments?post=68790"}],"version-history":[{"count":0,"href":"https:\/\/redsemlac.com\/semmexico\/wp-json\/wp\/v2\/posts\/68790\/revisions"}],"wp:featuredmedia":[{"embeddable":true,"href":"https:\/\/redsemlac.com\/semmexico\/wp-json\/wp\/v2\/media\/68791"}],"wp:attachment":[{"href":"https:\/\/redsemlac.com\/semmexico\/wp-json\/wp\/v2\/media?parent=68790"}],"wp:term":[{"taxonomy":"category","embeddable":true,"href":"https:\/\/redsemlac.com\/semmexico\/wp-json\/wp\/v2\/categories?post=68790"},{"taxonomy":"post_tag","embeddable":true,"href":"https:\/\/redsemlac.com\/semmexico\/wp-json\/wp\/v2\/tags?post=68790"}],"curies":[{"name":"wp","href":"https:\/\/api.w.org\/{rel}","templated":true}]}}