{"id":6879,"date":"2019-04-11T17:18:59","date_gmt":"2019-04-11T17:18:59","guid":{"rendered":"https:\/\/redsemlac.com\/semmexico\/?p=6879"},"modified":"2023-07-21T14:48:12","modified_gmt":"2023-07-21T19:48:12","slug":"la-cndh-exhorta-a-las-autoridades-a-utilizar-un-lenguaje-adecuado-y-no-fomentar-la-discriminacion","status":"publish","type":"post","link":"https:\/\/redsemlac.com\/semmexico\/la-cndh-exhorta-a-las-autoridades-a-utilizar-un-lenguaje-adecuado-y-no-fomentar-la-discriminacion\/","title":{"rendered":"La CNDH exhorta a las autoridades a utilizar un lenguaje adecuado y no fomentar la discriminaci\u00f3n."},"content":{"rendered":"\n<p class=\"wp-block-paragraph\"><a href=\"https:\/\/www.semmexico.com\/gallery-post.php?id=7509#\">Redacci\u00f3n<\/a><\/p>\n\n\n\n<p class=\"wp-block-paragraph\">SemM\u00e9xico. Cd. de M\u00e9xico. 11 de marzo de 2019.- La Comisi\u00f3n Nacional de los Derechos Humanos (CNDH) hizo un llamado en\u00e9rgico a las autoridades a realizar su trabajo con perspectiva de g\u00e9nero y compromiso \u00e9tico tras reprobar las expresiones estereotipadas y discriminatorias empleadas por el Coordinador Estatal de los Programas de Apoyo Social en Veracruz, Manuel Huerta Ladr\u00f3n.<\/p>\n\n\n\n<p class=\"wp-block-paragraph\">El organismo consider\u00f3 que las palabras del funcionario ofenden y descalifican a la mujer que se encarga del trabajo en el hogar, lo cual resulta inaceptable y es contrario al respeto de la dignidad que todo servidor p\u00fablico debe observar.<\/p>\n\n\n\n<p class=\"wp-block-paragraph\">Tras reiterar que todo acto de discriminaci\u00f3n es una violaci\u00f3n a los derechos humanos exhort\u00f3 a las autoridades a realizar su trabajo diario hacia la construcci\u00f3n de una sociedad incluyente y tolerante.<\/p>\n\n\n\n<p class=\"wp-block-paragraph\">Al reconocimiento de las diferencias, a la prevenci\u00f3n y eliminaci\u00f3n de todas las formas de exclusi\u00f3n, y as\u00ed como promover la igualdad de oportunidades y trato digno entre mujeres y hombres.<\/p>\n\n\n\n<p class=\"wp-block-paragraph\">Tras se\u00f1alar que todo acto de discriminaci\u00f3n es una violaci\u00f3n a los derechos humanos, se enfatiz\u00f3 que el uso de frases discriminatorias como las que manifest\u00f3 ese servidor p\u00fablico, impulsan la desigualdad sustantiva entre hombres y mujeres, discriminar, es negar el reconocimiento de la dignidad humana, la cual constituye el fundamento b\u00e1sico de nuestro sistema jur\u00eddico y de nuestra convivencia social.<\/p>\n\n\n\n<p class=\"wp-block-paragraph\">La utilizaci\u00f3n de un lenguaje adecuado por parte de las autoridades, indudablemente&nbsp;favorecen las relaciones de respeto e igualitarias entre los g\u00e9neros, por lo que se debe&nbsp;evitar el uso de calificativos&nbsp;o palabras que estigmaticen a las personas, o fomenten discriminaci\u00f3n entre ellas.&nbsp;<\/p>\n\n\n\n<p class=\"wp-block-paragraph\">Es necesario trabajar en la transformaci\u00f3n de ideas o construcciones sociales basadas \u00fanicamente en la asignaci\u00f3n de roles que han limitado el desarrollo pleno de las mujeres.<\/p>\n\n\n\n<p class=\"wp-block-paragraph\">&nbsp;A lo largo de la historia, hemos sido testigo de que ideolog\u00edas religiosas, morales o tradicionales, concluyen que el rol preponderante de las mujeres deb\u00eda enfocarse al trabajo no remunerado del hogar, la crianza de los hijos e hijas y el cuidado de las y los integrantes de las familias que as\u00ed lo requirieran, entre ellos, las personas con discapacidad o las personas mayores.<\/p>\n\n\n\n<p class=\"wp-block-paragraph\">En la actualidad el marco normativo nacional e internacional y los mecanismos institucionales obligan al Estado mexicano a generar las condiciones necesarias para garantizar el ejercicio pleno de los derechos de las ni\u00f1as, las adolescentes, las mujeres j\u00f3venes, adultas y mayores, en condiciones de igualdad, no discriminaci\u00f3n y libres de toda forma de violencia, el reto es lograr su cumplimiento.<\/p>\n\n\n\n<p class=\"wp-block-paragraph\">Cabe recordar que el Comit\u00e9 para la Eliminaci\u00f3n de la Discriminaci\u00f3n contra la Mujer, en su 67\u00ba per\u00edodo de sesiones, llevadas a cabo del 3 al 21 de julio de 2017, en el caso&nbsp;<em>Pilar Arguello Trujillo (<\/em>de M\u00e9xico), manifest\u00f3 que la violaci\u00f3n constante a los derechos humanos de las mujeres es consecuencia de la falta de una adecuada implementaci\u00f3n de pol\u00edticas p\u00fablicas para fomentar cambios culturales que erradiquen visiones androc\u00e9ntricas.&nbsp;<\/p>\n\n\n\n<p class=\"wp-block-paragraph\">Ante ese panorama, la CNDH refrenda su compromiso con la protecci\u00f3n y defensa de los derechos humanos, buscando la promoci\u00f3n de la igualdad y la transformaci\u00f3n de estructuras y relaciones de poder que atentan contra la dignidad de las mujeres.<\/p>\n\n\n\n<p class=\"wp-block-paragraph\">SEM\/em\/gr<\/p>\n","protected":false},"excerpt":{"rendered":"<p>Redacci\u00f3n SemM\u00e9xico. Cd. de M\u00e9xico. 11 de marzo de 2019.- La Comisi\u00f3n Nacional de los Derechos Humanos (CNDH) hizo un llamado en\u00e9rgico a las autoridades a realizar su trabajo con perspectiva de g\u00e9nero y compromiso \u00e9tico tras reprobar las expresiones estereotipadas y discriminatorias empleadas por el Coordinador Estatal de los Programas de Apoyo Social en [&hellip;]<\/p>\n","protected":false},"author":3,"featured_media":6880,"comment_status":"open","ping_status":"open","sticky":false,"template":"","format":"standard","meta":{"_monsterinsights_skip_tracking":false,"footnotes":""},"categories":[690,51],"tags":[],"class_list":["post-6879","post","type-post","status-publish","format-standard","has-post-thumbnail","category-690","category-ejecutivo"],"_links":{"self":[{"href":"https:\/\/redsemlac.com\/semmexico\/wp-json\/wp\/v2\/posts\/6879","targetHints":{"allow":["GET"]}}],"collection":[{"href":"https:\/\/redsemlac.com\/semmexico\/wp-json\/wp\/v2\/posts"}],"about":[{"href":"https:\/\/redsemlac.com\/semmexico\/wp-json\/wp\/v2\/types\/post"}],"author":[{"embeddable":true,"href":"https:\/\/redsemlac.com\/semmexico\/wp-json\/wp\/v2\/users\/3"}],"replies":[{"embeddable":true,"href":"https:\/\/redsemlac.com\/semmexico\/wp-json\/wp\/v2\/comments?post=6879"}],"version-history":[{"count":0,"href":"https:\/\/redsemlac.com\/semmexico\/wp-json\/wp\/v2\/posts\/6879\/revisions"}],"wp:featuredmedia":[{"embeddable":true,"href":"https:\/\/redsemlac.com\/semmexico\/wp-json\/wp\/v2\/media\/6880"}],"wp:attachment":[{"href":"https:\/\/redsemlac.com\/semmexico\/wp-json\/wp\/v2\/media?parent=6879"}],"wp:term":[{"taxonomy":"category","embeddable":true,"href":"https:\/\/redsemlac.com\/semmexico\/wp-json\/wp\/v2\/categories?post=6879"},{"taxonomy":"post_tag","embeddable":true,"href":"https:\/\/redsemlac.com\/semmexico\/wp-json\/wp\/v2\/tags?post=6879"}],"curies":[{"name":"wp","href":"https:\/\/api.w.org\/{rel}","templated":true}]}}