{"id":68787,"date":"2023-07-13T14:11:17","date_gmt":"2023-07-13T19:11:17","guid":{"rendered":"https:\/\/redsemlac.com\/semmexico\/?p=68787"},"modified":"2023-07-13T14:11:18","modified_gmt":"2023-07-13T19:11:18","slug":"justicia-para-el-feminicidio-de-alejandra-zarate-osorno-justicia-para-todas-las-victimas-de-feminicidio-adrian-alejandro-caballero","status":"publish","type":"post","link":"https:\/\/redsemlac.com\/semmexico\/justicia-para-el-feminicidio-de-alejandra-zarate-osorno-justicia-para-todas-las-victimas-de-feminicidio-adrian-alejandro-caballero\/","title":{"rendered":"Justicia para el feminicidio de Alejandra Z\u00e1rate Osorno, justicia para todas las v\u00edctimas de feminicidio: Adri\u00e1n Alejandro Caballero"},"content":{"rendered":"\n<p class=\"wp-block-paragraph\">Las autoridades, tras 10 meses desde el asesinato, no han identificado al c\u00f3mplice y es crucial la audiencia intermedia de ma\u00f1ana<\/p>\n\n\n\n<p class=\"wp-block-paragraph\">En manos de la justicia mexiquense, llama a resoluci\u00f3n su hijo en emotivo comunicado<\/p>\n\n\n\n<p class=\"wp-block-paragraph\">Redacci\u00f3n<\/p>\n\n\n\n<p class=\"wp-block-paragraph\">SemM\u00e9xico, Ciudad de M\u00e9xico, 13 de julio, 2023.- En emotivo comunicado, el hijo de la doctora Alejandra Z\u00e1rate Osorno, Adri\u00e1n Alejandro Carballo Z\u00e1rate, anunci\u00f3 que habr\u00e1 audiencia intermedia ma\u00f1ana, para de una vez esclarecer el caso, inform\u00f3 que presentar\u00e1 nuevas pruebas y exige a las autoridades encontrar al c\u00f3mplice y hacer un debido proceso que haga justicia a su madre.<\/p>\n\n\n\n<p class=\"wp-block-paragraph\">Ella fue directora de Patolog\u00eda del Hospital Espa\u00f1ol. Sus compa\u00f1eras y compa\u00f1eros perdieron a una gran colega y profesionista comprometida. \u201cYo, perd\u00ed a mi mam\u00e1.\u201d<\/p>\n\n\n\n<p class=\"wp-block-paragraph\">Sobre este feminicidio hay un detenido, quien trabaj\u00f3 durante m\u00e1s de 16 a\u00f1os en la casa de la doctora, quien est\u00e1 retenido. Hacia labores de servicio y mantenimiento, en la casa de la doctora, no es claro el m\u00f3vil del feminicidio, pero es claro que actuaron dos personas.<\/p>\n\n\n\n<p class=\"wp-block-paragraph\">Inform\u00f3 que la audiencia de ma\u00f1ana, donde presentar\u00e1 m\u00e1s pruebas, a las ya recabadas por peritos calificados y autorizados por las instituciones involucradas, llama a la Fiscal\u00eda del Estado de M\u00e9xico y al Poder Judicial del Estado de M\u00e9xico, para que se haga justicia y se concluya con una sentencia por feminicidio, en contra del individuo identificado como M\u00e1ximo \u201cN\u201d, hoy detenido en el penal de Barrientos.<\/p>\n\n\n\n<p class=\"wp-block-paragraph\">Adem\u00e1s, debe darse con el paradero del c\u00f3mplice, que sigue siendo una amenaza, en tanto las autoridades no consigan identificarlo y detenerlo, a casi 10 meses de haber ayudado a perpetrar este terrible crimen.<\/p>\n\n\n\n<p class=\"wp-block-paragraph\">El doctor agradeci\u00f3 a la Federaci\u00f3n de Anatom\u00eda Patol\u00f3gica de la Rep\u00fablica Mexicana, a la Agrupaci\u00f3n Mexicana para el Estudio de la Hematolog\u00eda, al Corporativo Hospital Sat\u00e9lite, al Centro de Patolog\u00eda Avanzada de Sonora, y al Colegio y Asociaci\u00f3n Mexicana de Pat\u00f3logos, por su apoyo y tambi\u00e9n por alzar la voz y juntos decir: \u00a1Ya basta de la violencia hacia las mujeres! \u00a1No a la impunidad!<\/p>\n\n\n\n<p class=\"wp-block-paragraph\">Dijo que pide justicia para su madre por todas las mujeres que son asesinadas diariamente en nuestro pa\u00eds.<\/p>\n","protected":false},"excerpt":{"rendered":"<p>En emotivo comunicado, el hijo de la doctora Alejandra Z\u00e1rate Osorno, Adri\u00e1n Alejandro Carballo Z\u00e1rate, anunci\u00f3 que habr\u00e1 audiencia intermedia ma\u00f1ana, para de una vez esclarecer el caso<\/p>\n","protected":false},"author":3,"featured_media":68788,"comment_status":"open","ping_status":"open","sticky":false,"template":"","format":"standard","meta":{"_monsterinsights_skip_tracking":false,"footnotes":""},"categories":[47],"tags":[],"class_list":["post-68787","post","type-post","status-publish","format-standard","has-post-thumbnail","category-no-mas-impunidad"],"_links":{"self":[{"href":"https:\/\/redsemlac.com\/semmexico\/wp-json\/wp\/v2\/posts\/68787","targetHints":{"allow":["GET"]}}],"collection":[{"href":"https:\/\/redsemlac.com\/semmexico\/wp-json\/wp\/v2\/posts"}],"about":[{"href":"https:\/\/redsemlac.com\/semmexico\/wp-json\/wp\/v2\/types\/post"}],"author":[{"embeddable":true,"href":"https:\/\/redsemlac.com\/semmexico\/wp-json\/wp\/v2\/users\/3"}],"replies":[{"embeddable":true,"href":"https:\/\/redsemlac.com\/semmexico\/wp-json\/wp\/v2\/comments?post=68787"}],"version-history":[{"count":0,"href":"https:\/\/redsemlac.com\/semmexico\/wp-json\/wp\/v2\/posts\/68787\/revisions"}],"wp:featuredmedia":[{"embeddable":true,"href":"https:\/\/redsemlac.com\/semmexico\/wp-json\/wp\/v2\/media\/68788"}],"wp:attachment":[{"href":"https:\/\/redsemlac.com\/semmexico\/wp-json\/wp\/v2\/media?parent=68787"}],"wp:term":[{"taxonomy":"category","embeddable":true,"href":"https:\/\/redsemlac.com\/semmexico\/wp-json\/wp\/v2\/categories?post=68787"},{"taxonomy":"post_tag","embeddable":true,"href":"https:\/\/redsemlac.com\/semmexico\/wp-json\/wp\/v2\/tags?post=68787"}],"curies":[{"name":"wp","href":"https:\/\/api.w.org\/{rel}","templated":true}]}}