{"id":68784,"date":"2023-07-13T13:49:59","date_gmt":"2023-07-13T18:49:59","guid":{"rendered":"https:\/\/redsemlac.com\/semmexico\/?p=68784"},"modified":"2023-07-13T13:49:59","modified_gmt":"2023-07-13T18:49:59","slug":"supervisan-refugios-e-instalaciones-de-ciudad-mujeres-en-amecameca","status":"publish","type":"post","link":"https:\/\/redsemlac.com\/semmexico\/supervisan-refugios-e-instalaciones-de-ciudad-mujeres-en-amecameca\/","title":{"rendered":"Supervisan refugios e instalaciones de Ciudad Mujeres en Amecameca"},"content":{"rendered":"\n<p class=\"wp-block-paragraph\">Corroboran que estos espacios cumplan con lo necesario para brindar a las usuarias, sus hijas e hijos, la atenci\u00f3n que merecen.<\/p>\n\n\n\n<p class=\"wp-block-paragraph\">Destacan que el Edom\u00e9x tiene la red m\u00e1s grande de Refugios a nivel nacional al contar con 12 distribuidos de manera estrat\u00e9gica.<\/p>\n\n\n\n<p class=\"wp-block-paragraph\">Redacci\u00f3n<\/p>\n\n\n\n<p class=\"wp-block-paragraph\">SemM\u00e9xico, Amecameca, Estado de M\u00e9xico, 13 de julio, 2023. Para constatar el funcionamiento y atenci\u00f3n que se brinda en los refugios ubicados en los municipios del oriente de la entidad, as\u00ed como de las instalaciones de lo que pr\u00f3ximamente ser\u00e1 Ciudad Mujeres en Amecameca, la titular de la Secretar\u00eda de las Mujeres (Semujeres), Denisse Ugalde Alegr\u00eda, por instrucci\u00f3n del Gobernador Alfredo Del Mazo, realiz\u00f3 un recorrido en estos espacios.<\/p>\n\n\n\n<p class=\"wp-block-paragraph\">Durante su visita, revis\u00f3 las instalaciones para corroborar que cumplan con lo necesario para brindar a las usuarias, sus hijas e hijos, la atenci\u00f3n que merecen; asimismo, pudo conocer de cerca sus inquietudes y necesidades de quienes se encontraron en este espacio.<\/p>\n\n\n\n<p class=\"wp-block-paragraph\">Ugalde Alegr\u00eda record\u00f3 que la entidad tiene la red m\u00e1s grande de Refugios a nivel nacional al contar con 12 distribuidos de manera estrat\u00e9gica que contemplan una Casa de Transici\u00f3n y una Puerta Violeta, espacios donde reciben hospedaje, alimentaci\u00f3n, vestido, servicios m\u00e9dicos y educativos con escuela multigrado para las infancias.<\/p>\n\n\n\n<p class=\"wp-block-paragraph\">Resalt\u00f3 que el siguiente mes se inaugurar\u00e1 Ciudad Mujeres Amecameca, por lo que durante su visita a este inmueble tambi\u00e9n asistieron las y los representantes de las dependencias que ah\u00ed se alojar\u00e1n en donde se ofrecer\u00e1n de manera gratuita servicios especializados de distintas Secretar\u00edas del Sector Central, enfocados en apoyar a mujeres, ni\u00f1as, ni\u00f1os y adolescentes v\u00edctimas de violencia en cualquier modalidad que requieran protecci\u00f3n y seguridad.<\/p>\n\n\n\n<p class=\"wp-block-paragraph\">Por ejemplo, explic\u00f3 que, a trav\u00e9s de la Secretar\u00eda de Educaci\u00f3n se contar\u00e1 con el programa de Educaci\u00f3n Inicial \u201cBeb\u00e9s M\u00e1s Fuertes\u201d, certificaci\u00f3n de educaci\u00f3n b\u00e1sica y preparatoria abierta y talleres de manualidades para el autoempleo.<\/p>\n\n\n\n<p class=\"wp-block-paragraph\">Asimismo, indic\u00f3 que en este lugar las usuarias podr\u00e1n tomar talleres para su empoderamiento econ\u00f3mico y recibir asesor\u00eda legal, jur\u00eddica y psicol\u00f3gica a trav\u00e9s de las oficinas del Centro Naranja que ah\u00ed se albergar\u00e1.<\/p>\n","protected":false},"excerpt":{"rendered":"<p>Corroboran que estos espacios cumplan con lo necesario para brindar a las usuarias, sus hijas e hijos, la atenci\u00f3n que merecen.<\/p>\n","protected":false},"author":3,"featured_media":68785,"comment_status":"open","ping_status":"open","sticky":false,"template":"","format":"standard","meta":{"_monsterinsights_skip_tracking":false,"footnotes":""},"categories":[54],"tags":[],"class_list":["post-68784","post","type-post","status-publish","format-standard","has-post-thumbnail","category-mujeres"],"_links":{"self":[{"href":"https:\/\/redsemlac.com\/semmexico\/wp-json\/wp\/v2\/posts\/68784","targetHints":{"allow":["GET"]}}],"collection":[{"href":"https:\/\/redsemlac.com\/semmexico\/wp-json\/wp\/v2\/posts"}],"about":[{"href":"https:\/\/redsemlac.com\/semmexico\/wp-json\/wp\/v2\/types\/post"}],"author":[{"embeddable":true,"href":"https:\/\/redsemlac.com\/semmexico\/wp-json\/wp\/v2\/users\/3"}],"replies":[{"embeddable":true,"href":"https:\/\/redsemlac.com\/semmexico\/wp-json\/wp\/v2\/comments?post=68784"}],"version-history":[{"count":0,"href":"https:\/\/redsemlac.com\/semmexico\/wp-json\/wp\/v2\/posts\/68784\/revisions"}],"wp:featuredmedia":[{"embeddable":true,"href":"https:\/\/redsemlac.com\/semmexico\/wp-json\/wp\/v2\/media\/68785"}],"wp:attachment":[{"href":"https:\/\/redsemlac.com\/semmexico\/wp-json\/wp\/v2\/media?parent=68784"}],"wp:term":[{"taxonomy":"category","embeddable":true,"href":"https:\/\/redsemlac.com\/semmexico\/wp-json\/wp\/v2\/categories?post=68784"},{"taxonomy":"post_tag","embeddable":true,"href":"https:\/\/redsemlac.com\/semmexico\/wp-json\/wp\/v2\/tags?post=68784"}],"curies":[{"name":"wp","href":"https:\/\/api.w.org\/{rel}","templated":true}]}}