{"id":68773,"date":"2023-07-12T14:05:26","date_gmt":"2023-07-12T19:05:26","guid":{"rendered":"https:\/\/redsemlac.com\/semmexico\/?p=68773"},"modified":"2023-07-12T14:05:27","modified_gmt":"2023-07-12T19:05:27","slug":"opinion-la-foto-de-los-abogados","status":"publish","type":"post","link":"https:\/\/redsemlac.com\/semmexico\/opinion-la-foto-de-los-abogados\/","title":{"rendered":"Opini\u00f3n| La foto de los abogados"},"content":{"rendered":"<div class=\"wp-block-image\">\n<figure class=\"aligncenter size-full\"><a href=\"https:\/\/redsemlac.com\/semmexico\/wp-content\/uploads\/2023\/07\/opinion-1.jpg\"><img loading=\"lazy\" decoding=\"async\" width=\"680\" height=\"510\" src=\"https:\/\/redsemlac.com\/semmexico\/wp-content\/uploads\/2023\/07\/opinion-1.jpg\" alt=\"\" class=\"wp-image-68774\"\/><\/a><\/figure>\n<\/div>\n\n\n<p class=\"wp-block-paragraph\"><a href=\"https:\/\/lacostillarota.com\/wp-content\/uploads\/2023\/07\/F0PvHjYX0AE0xMn.jpeg\"><\/a><\/p>\n\n\n\n<ul class=\"wp-block-list\">\n<li><strong>De acuerdo al INEGI hay aproximadamente 442 mil profesionales de la abogac\u00eda, el 40% son mujeres, y el 18.58 % de las abogadas ganan menos que los abogados realizando el mismo trabajo<\/strong><\/li>\n\n\n\n<li><strong>Hoy 12 de julio d\u00eda de \u201clos abogados\u201d, y las abogadas \u00bfqu\u00e9?<\/strong><\/li>\n<\/ul>\n\n\n\n<p class=\"wp-block-paragraph\"><strong>&nbsp;Ang\u00e9lica&nbsp;De la Pe\u00f1a*<\/strong><\/p>\n\n\n\n<p class=\"wp-block-paragraph\">SemM\u00e9xico, Ciudad de M\u00e9xico, 12 de julio, 2023.- De acuerdo al Instituto de Geograf\u00eda y Estad\u00edstica INEGI hay aproximadamente 442 mil profesionales de la abogac\u00eda, el 40 por ciento son mujeres, y el 18.58 por ciento de las abogadas ganan menos que los abogados realizando el mismo trabajo.<\/p>\n\n\n\n<p class=\"wp-block-paragraph\">Aunque la primera organizaci\u00f3n de abogados data del virreinato, la incorporaci\u00f3n de las mujeres a esta profesi\u00f3n es reciente; en los setentas apenas el 15 por ciento ingresa a la carrera de derecho. Hoy hay una presencia casi igualitaria de mujeres y hombres en las facultades de Derecho.<\/p>\n\n\n\n<p class=\"wp-block-paragraph\">La historia demuestra que no ha sido f\u00e1cil remontar las dificultades que impiden las mujeres logren las mismas condiciones para ejercer los mismos derechos, oportunidades y trato en esta carrera profesional tradicionalmente dominada por hombres.<\/p>\n\n\n\n<p class=\"wp-block-paragraph\">La Barra Mexicana, Colegio de Abogados BMA, fundada en 1922, es sin duda, uno de los principales colegios. Destaca en su definici\u00f3n su compromiso en la defensa de los intereses individuales y colectivos del gremio, as\u00ed como la ayuda mutua. Por eso extra\u00f1a que la primera mujer en ocupar el cargo de Presidenta en su historia, la maestra Claudia E. De Buen Unna (2021\/2022), se haya retirado de este colegio denunciando una serie de hechos lamentables de agresi\u00f3n y discriminaci\u00f3n de g\u00e9nero contra ella durante su gesti\u00f3n.<\/p>\n\n\n\n<p class=\"wp-block-paragraph\">La abogada De Buen se\u00f1ala, entre otros, que la sacaron de la mayor\u00eda de los chats, no develaron su fotograf\u00eda junto con las otras fotos de los se\u00f1ores ex presidentes y le solicitaron su renuncia anticipada. La acci\u00f3n que fue el colmo del maltrato y la llev\u00f3 a la renuncia, fue la foto de los se\u00f1ores ex presidentes reunidos con el actual presidente para tratar asuntos institucionales y que fue debidamente publicitada por el propio presidente el pasado 4 de julio.<\/p>\n\n\n\n<p class=\"wp-block-paragraph\">Muchas mujeres no comprendimos por qu\u00e9 la ausencia de Claudia en esa reuni\u00f3n, siendo la \u00fanica mujer que ha ocupado la presidencia. \u00bfNo deber\u00edan los l\u00edderes de la Barra destacar a la \u00fanica mujer que ha estado al frente de su gremio? Por el contrario, se han hecho comentarios que justifican su exclusi\u00f3n.<\/p>\n\n\n\n<p class=\"wp-block-paragraph\">A las mujeres, incluso a las profesionales m\u00e1s avezadas les cuesta m\u00e1s llegar y permanecer, que a los hombres; el rasero es m\u00e1s exigente porque las reglas no se aplican igual para ellos respecto de nosotras. Las mujeres profesionistas suelen acompa\u00f1arse de sus hijas e hijos, como Claudia lo hizo infinidad de veces.<\/p>\n\n\n\n<p class=\"wp-block-paragraph\">Hoy observamos con preocupaci\u00f3n que en el gremio del que surgen quienes aplican la ley, sigue prevaleciendo una actitud mis\u00f3gina, y a los hombres como los m\u00e1s doctos. Tambi\u00e9n reactivos a aceptar el liderazgo de una mujer.<\/p>\n\n\n\n<p class=\"wp-block-paragraph\">John Stuart Mill en su obra \u201cLa Sujeci\u00f3n de las Mujeres\u201d (1869) menciona que la subordinaci\u00f3n que impone el hombre sobre la mujer, se debe al principio que regula las actuales (siglo XIX) relaciones entre los dos sexos y lo define como injusto y uno de los principales obst\u00e1culos para el lograr el progreso de la humanidad.<\/p>\n\n\n\n<p class=\"wp-block-paragraph\">Viene al caso recordarlo, porque a pesar de que hemos avanzado en establecer la igualdad como un principio constitucional, falta mucho para garantizar la progresividad de los derechos de las mujeres de manera efectiva. Por eso preocupa que uno de m\u00e1s importantes los colegios de la abogac\u00eda, no se den cuenta de la importancia de la integraci\u00f3n de las mujeres, particularmente de quien ha sido hasta hoy la \u00fanica Presidenta de su Barra. Las abogadas son necesarias para avanzar en la eliminaci\u00f3n de las ataduras de las mujeres. Pero tambi\u00e9n necesitamos de los abogados.<\/p>\n\n\n\n<p class=\"has-small-font-size wp-block-paragraph\">*Texto publicado en El Sol de M\u00e9xico, con autorizaci\u00f3n de la autora<\/p>\n","protected":false},"excerpt":{"rendered":"<p>De acuerdo al INEGI hay aproximadamente 442 mil profesionales de la abogac\u00eda, el 40% son mujeres, y el 18.58 % de las abogadas ganan menos que los abogados realizando el mismo trabajo<\/p>\n","protected":false},"author":3,"featured_media":54829,"comment_status":"open","ping_status":"open","sticky":false,"template":"","format":"standard","meta":{"_monsterinsights_skip_tracking":false,"footnotes":""},"categories":[82,110],"tags":[],"class_list":["post-68773","post","type-post","status-publish","format-standard","has-post-thumbnail","category-la-opinion","category-la-opinion-columnas"],"_links":{"self":[{"href":"https:\/\/redsemlac.com\/semmexico\/wp-json\/wp\/v2\/posts\/68773","targetHints":{"allow":["GET"]}}],"collection":[{"href":"https:\/\/redsemlac.com\/semmexico\/wp-json\/wp\/v2\/posts"}],"about":[{"href":"https:\/\/redsemlac.com\/semmexico\/wp-json\/wp\/v2\/types\/post"}],"author":[{"embeddable":true,"href":"https:\/\/redsemlac.com\/semmexico\/wp-json\/wp\/v2\/users\/3"}],"replies":[{"embeddable":true,"href":"https:\/\/redsemlac.com\/semmexico\/wp-json\/wp\/v2\/comments?post=68773"}],"version-history":[{"count":0,"href":"https:\/\/redsemlac.com\/semmexico\/wp-json\/wp\/v2\/posts\/68773\/revisions"}],"wp:featuredmedia":[{"embeddable":true,"href":"https:\/\/redsemlac.com\/semmexico\/wp-json\/wp\/v2\/media\/54829"}],"wp:attachment":[{"href":"https:\/\/redsemlac.com\/semmexico\/wp-json\/wp\/v2\/media?parent=68773"}],"wp:term":[{"taxonomy":"category","embeddable":true,"href":"https:\/\/redsemlac.com\/semmexico\/wp-json\/wp\/v2\/categories?post=68773"},{"taxonomy":"post_tag","embeddable":true,"href":"https:\/\/redsemlac.com\/semmexico\/wp-json\/wp\/v2\/tags?post=68773"}],"curies":[{"name":"wp","href":"https:\/\/api.w.org\/{rel}","templated":true}]}}