{"id":68768,"date":"2023-07-12T14:02:26","date_gmt":"2023-07-12T19:02:26","guid":{"rendered":"https:\/\/redsemlac.com\/semmexico\/?p=68768"},"modified":"2023-07-12T14:02:26","modified_gmt":"2023-07-12T19:02:26","slug":"el-poder-de-las-ciudades-para-el-desarrollo-infantil-desde-los-derechos-de-las-infancias","status":"publish","type":"post","link":"https:\/\/redsemlac.com\/semmexico\/el-poder-de-las-ciudades-para-el-desarrollo-infantil-desde-los-derechos-de-las-infancias\/","title":{"rendered":"El poder de las ciudades para el desarrollo infantil, desde los derechos de las infancias"},"content":{"rendered":"\n<p class=\"wp-block-paragraph\"><strong>Gabriela Karina Vargas Flores *<\/strong><\/p>\n\n\n\n<p class=\"wp-block-paragraph\"><em>SemM\u00e9xico, Ciudad de M\u00e9xico, 12 de agosto, 2023.- El lugar en donde nacemos influye en c\u00f3mo crecemos y nos desarrollamos<\/em>. Esta es una frase que constantemente escucho y comparto en mi labor, pero ciertamente es una frase que marca y refleja la realidad de muchos problemas sociales, p\u00fablicos y, al final, sist\u00e9micos en M\u00e9xico.<\/p>\n\n\n\n<p class=\"wp-block-paragraph\">\u00bfQu\u00e9 pasar\u00eda si cada uno de nosotros hubi\u00e9ramos tenido la oportunidad de disfrutar de nuestro crecimiento, desde beb\u00e9s, en un espacio amigable, accesible y seguro? y \u00bfC\u00f3mo ser\u00eda si este espacio hubiese sido p\u00fablico y no solo para el acceso de unos cu\u00e1ntos?<\/p>\n\n\n\n<p class=\"wp-block-paragraph\">Para el 2050 el 70% de la poblaci\u00f3n infantil vivir\u00e1 en ciudades (UNICEF, s.f.); sin embargo, las ciudades no se dise\u00f1an para cubrir las necesidades y servicios b\u00e1sicos que favorecen al desarrollo de los primeros a\u00f1os de vida de una persona ni para sus cuidadores primarios. Es una realidad que los beb\u00e9s, ni\u00f1as y ni\u00f1os menores de seis a\u00f1os experimentan el mundo, \u00a1y su ciudad o localidad!, a una escala distinta, pero los servicios b\u00e1sicos y los espacios p\u00fablicos donde crecen tampoco responden a sus necesidades, particularmente aqu\u00ed en M\u00e9xico.<\/p>\n\n\n\n<p class=\"wp-block-paragraph\">Seg\u00fan el Sistema Nacional de Protecci\u00f3n de Ni\u00f1as, Ni\u00f1os y Adolescentes (2018), la primera infancia comprende desde los 0 hasta los 6 a\u00f1os y es la etapa m\u00e1s crucial para el desarrollo de una persona. Durante los primeros seis a\u00f1os es cuando las personas generamos m\u00e1s conexiones neuronales y a mayor velocidad, a lo largo de nuestra vida. Ello no significa que no hagamos esas conexiones m\u00e1s adelante, s\u00f3lo que no suceder\u00e1 tan r\u00e1pido como en la primera infancia.<\/p>\n\n\n<div class=\"wp-block-image\">\n<figure class=\"alignleft size-large is-resized\"><a href=\"https:\/\/redsemlac.com\/semmexico\/wp-content\/uploads\/2023\/07\/muxed.jpg\"><img loading=\"lazy\" decoding=\"async\" src=\"https:\/\/redsemlac.com\/semmexico\/wp-content\/uploads\/2023\/07\/muxed-576x1024.jpg\" alt=\"\" class=\"wp-image-68771\" width=\"376\" height=\"668\"\/><\/a><\/figure>\n<\/div>\n\n\n<p class=\"wp-block-paragraph\">Seg\u00fan UNICEF, m\u00e1s del 80% del crecimiento del cerebro de una persona se desarrolla en los primeros tres a\u00f1os de vida, contribuyendo al desarrollo de habilidades de lenguaje, funciones cognitivas y capacidad sensorial. De ah\u00ed que los primeros a\u00f1os de vida de una persona sean tan cruciales para el resto de su crecimiento y que organizaciones, como la Fundaci\u00f3n Bernard van Leer, inviten a cuestionarse \u00bfQu\u00e9 pasar\u00eda si experimentamos el mundo a 95 cent\u00edmetros de altura?, \u00bfCambiar\u00edamos algo de nuestro entorno?<\/p>\n\n\n\n<p class=\"wp-block-paragraph\">La estatura promedio de un ni\u00f1o o ni\u00f1a de tres a\u00f1os, que ha tenido su crecimiento esperado, es de 95 cm y el mundo no est\u00e1 dise\u00f1ado a esa escala. \u00bfQu\u00e9 sentir\u00edas si todos los d\u00edas intentas lavarte las manos en un lavabo que no alcanzas? o \u00bfsi intentas cruzar la calle al tiempo que un sem\u00e1foro te marca 15 segundos? \u00bfQu\u00e9 m\u00e1s cambiar\u00edas?<\/p>\n\n\n\n<p class=\"wp-block-paragraph\">Es obvio que pensar\u00edamos en cosas b\u00e1sicas (tan b\u00e1sicas que pocas veces las tenemos en casa o en preescolares) como la mesa, la silla, \u00bfqu\u00e9 m\u00e1s?, \u00bfcambiar\u00edas por ejemplo el trayecto de un autob\u00fas o c\u00f3mo est\u00e1n distribuidos los asientos?, \u00bfcambiar\u00edas la proximidad de las instituciones y servicios a los que asistes como: \u00bfel m\u00e9dico, la escuela, centro de desarrollo infantil, etc.?<\/p>\n\n\n\n<p class=\"wp-block-paragraph\">Del mismo modo, quiero invitarte estimada lectora o lector a pensar en el espacio p\u00fablico como un tercer actor educativo, en donde las ni\u00f1as, ni\u00f1os y cuidadores primarios pueden aprender, ense\u00f1ar, pero sobre todo acercarse a su entorno, naturaleza y generar v\u00ednculos fuertes entre cada persona involucrada con el crecimiento de la primera infancia. Sin embargo, en un mundo donde se promueve el juego a trav\u00e9s de dispositivos electr\u00f3nicos (\u00a1ojo, no digo que sean malos!), donde no se propician los v\u00ednculos entre cuidadores e infantes, y donde es peligroso salir a jugar o incluso caminar, pocas veces todas las y las aprendices tendr\u00e1n acceso a las oportunidades de crecer, acercarse y jugar libremente. Al respecto, la Fundaci\u00f3n Bernard van Leer en su reporte sobre <em>Access for All Babies and Toddlers <\/em>hace referencia a dos factores importantes para el bienestar y desarrollo de la ni\u00f1ez: 1) ambientes seguros y f\u00edsicamente estimulantes y 2) interacciones frecuentes, c\u00e1lidas y responsivas con personas adultas. De ah\u00ed que, impulsar espacios p\u00fablicos que permitan estas interacciones de ni\u00f1as y ni\u00f1os con la naturaleza y sus cuidadores debiera ser una prioridad en nuestra sociedad.<\/p>\n\n\n\n<p class=\"wp-block-paragraph\">Pero \u00bfbasta con imaginar un espacio digno para el crecimiento y desarrollo de todos en una comunidad? Mi corta experiencia en el tema me ha mostrado que se requiere de todo un ecosistema (y una aldea) para criar a la ni\u00f1ez. En espec\u00edfico:<\/p>\n\n\n\n<ul class=\"wp-block-list\">\n<li>Necesitamos de las autoridades locales para sostener y mantener el espacio; por ejemplo, gobiernos comprometidos con atender realmente \u2013desde la innovaci\u00f3n\u2013 las necesidades de los barrios y las comunidades que los habitan.<\/li>\n\n\n\n<li>Se precisa de la academia para tomar decisiones; por ejemplo, el Tec de Monterrey public\u00f3 una bater\u00eda de indicadores para evaluar los entornos urbanos y determinar si un barrio es amigable, o no, con la infancia.<\/li>\n\n\n\n<li>Urge la inversi\u00f3n privada y organizaciones de la sociedad civil operando experiencias en este ecosistema.<\/li>\n\n\n\n<li>Requerimos de las comunidades, de las y los l\u00edderes comunitarios, para organizar y cuidar del espacio que, en definitiva, les pertenece. Ser\u00e1n ellas y ellos quienes lo usen, y quienes puedan exigir su mantenimiento desde la garant\u00eda de sus derechos.<\/li>\n<\/ul>\n\n\n\n<p class=\"wp-block-paragraph\">Actualmente, han empezado a surgir grandes esfuerzos por vincular la primera infancia con los espacios p\u00fablicos amigables y el cambio clim\u00e1tico. Por ejemplo, desde Fundaci\u00f3n FEMSA se est\u00e1n implementando Lugares Amigables para la Primera Infancia (LAPIS) que \u2013en colaboraci\u00f3n con Fundaci\u00f3n Placemaking M\u00e9xico y con su metodolog\u00eda\u2013 buscan mejorar las condiciones de ni\u00f1as, ni\u00f1os y sus cuidadores en parques, plazas, senderos seguros, huertos urbanos y patios escolares. Asimismo, Movimiento de Activaci\u00f3n Ciudadana A.C. (MOVAC) ha puesto en marcha senderos seguros para conectar preescolares con bebetecas. Del mismo modo, en Chile Patio Vivo transforma patios escolares para acercar a la infancia con la naturaleza.<\/p>\n\n\n\n<p class=\"wp-block-paragraph\">Finalmente, este texto tiene la intenci\u00f3n de invitar a pensar en espacios p\u00fablicos para la primera infancia, porque pensar, convocar, dise\u00f1ar e intervenir espacios con la mirada de un ni\u00f1o o ni\u00f1a de 95 cm de altura, y de quienes las y los cuidan, es pensar en espacios inclusivos para todas las personas; es pensar en espacios que brinden la oportunidad a cada persona menor de seis a\u00f1os de ejercer su derecho a vivir en condiciones de bienestar, a un sano derecho integral, a la protecci\u00f3n de su salud y seguridad social, al descanso y esparcimiento y, en especial, es pensar tambi\u00e9n en su derecho al juego. No basta con imaginar, es urgente y necesario seguir fortaleciendo todos los esfuerzos para que beb\u00e9s, ni\u00f1as y ni\u00f1os tengan la oportunidad de crecer y desarrollarse en cualquier ambiente.<\/p>\n\n\n\n<p class=\"wp-block-paragraph\"><a href=\"https:\/\/www.muxed.mx\/blog\/derechos-infancias\">https:\/\/www.muxed.mx\/blog\/derechos-infancias<\/a><\/p>\n\n\n<div class=\"wp-block-image\">\n<figure class=\"alignleft size-medium\"><a href=\"https:\/\/redsemlac.com\/semmexico\/wp-content\/uploads\/2023\/07\/muxed-2.png\"><img decoding=\"async\" src=\"https:\/\/redsemlac.com\/semmexico\/wp-content\/uploads\/2023\/07\/muxed-2-300x286.png\" alt=\"\" class=\"wp-image-68770\"\/><\/a><\/figure>\n<\/div>\n\n\n<p class=\"wp-block-paragraph\">\u2026\u2026\u2026\u2026\u2026\u2026\u2026\u2026..<\/p>\n\n\n\n<p class=\"wp-block-paragraph\"><strong>Gabriela Karina Vargas Flores * <\/strong>Integrante de MUxED. Profesional de la educaci\u00f3n especializada en el impacto y la inversi\u00f3n social y educativa en Latinoam\u00e9rica.&nbsp; Tiene estudios en pedagog\u00eda, psicolog\u00eda social, pol\u00edtica educativa, coaching educativo y ejecutivo. En los \u00faltimos a\u00f1os se ha desempe\u00f1ado como docente, dise\u00f1adora instruccional y de programas educativos y de liderazgo en la regi\u00f3n. Actualmente coordina, desde la inversi\u00f3n social en <a href=\"https:\/\/fundacionfemsa.org\">Fundaci\u00f3n FEMSA<\/a>, proyectos en espacios p\u00fablicos y de incidencia p\u00fablica para la primera infancia en Latinoam\u00e9rica.<\/p>\n\n\n\n<p class=\"wp-block-paragraph\"><strong>RRSS<\/strong>: <a href=\"https:\/\/www.linkedin.com\/in\/karina-vargas-96249062\/\">Karina Vargas | LinkedIn<\/a><\/p>\n\n\n\n<p class=\"wp-block-paragraph\"><strong>Referencias:<\/strong><\/p>\n\n\n\n<p class=\"has-small-font-size wp-block-paragraph\">Bernard van Leer Foundation. (2022). Access for All Babies and Toddlers. Recuperado 15 de mayo de 2023, de https:\/\/bernardvanleer.org\/publications-reports\/access-and-babies-toddlers-and-their-caregivers\/access-for-all-babies-and-toddlers_executive-summary_eng_2022\/<\/p>\n\n\n\n<p class=\"has-small-font-size wp-block-paragraph\">CNDH M\u00e9xico. (2018). Derechos de las ni\u00f1as, ni\u00f1os y adolescentes. Recuperado 15 de mayo de 2023, de <a href=\"https:\/\/www.cndh.org.mx\/derechos-humanos\/derechos-de-las-ninas-ninos-y-adolescentes\">https:\/\/www.cndh.org.mx\/derechos-humanos\/derechos-de-las-ninas-ninos-y-adolescentes<\/a><\/p>\n\n\n\n<p class=\"has-small-font-size wp-block-paragraph\">UNCEF (s.f.). Child-Friendly Cities Initiative. <a href=\"https:\/\/www.childfriendlycities.org\/growing-cities\">https:\/\/www.childfriendlycities.org\/growing-cities<\/a><\/p>\n\n\n\n<p class=\"has-small-font-size wp-block-paragraph\">Sistema Nacional de Protecci\u00f3n De Ni\u00f1as Ni\u00f1os Y Adolescentes, (2020). Derecho al juego y su importancia para el aprendizaje en la primera infancia. Recuperado de <a href=\"https:\/\/www.gob.mx\/sipinna\/articulos\/derecho-al-juego-y-su-importancia-para-el-aprendizaje-en-la-primera-infancia?idiom=es\/\">https:\/\/www.gob.mx\/sipinna\/articulos\/derecho-al-juego-y-su-importancia-para-el-aprendizaje-en-la-primera-infancia?idiom=es\/<\/a><\/p>\n\n\n\n<p class=\"has-small-font-size wp-block-paragraph\">Sistema Nacional de Protecci\u00f3n De Ni\u00f1as Ni\u00f1os Y Adolescentes, (2018). \u00bfQu\u00e9 es la Ruta Integral de Atenciones (RIA) para ni\u00f1as y ni\u00f1os de. . . Recuperado de <a href=\"https:\/\/www.gob.mx\/sipinna\/articulos\/que-es-la-ruta-integral-de-atenciones-ria-para-ninas-y-ninos-de-0-a-6-anos?idiom=es#:~:text=La%20Ruta%20Integral%20de%20Atenciones%20(RIA)%20es%20un%20paquete%20de,ni%C3%B1os%200%20a%205%20a%C3%B1os\">https:\/\/www.gob.mx\/sipinna\/articulos\/que-es-la-ruta-integral-de-atenciones-ria-para-ninas-y-ninos-de-0-a-6-anos?idiom=es#:~:text=La%20Ruta%20Integral%20de%20Atenciones%20(RIA)%20es%20un%20paquete%20de,ni%C3%B1os%200%20a%205%20a%C3%B1os).&amp;text=Beb%C3%A9%20recibe%20la%20vacuna%20contra%20la%20polio<\/a><\/p>\n\n\n\n<p class=\"wp-block-paragraph\">Tejiendo Comunidad (2023). Proyecto de investigaci\u00f3n y visibilizaci\u00f3n de la importancia del dise\u00f1o de espacios p\u00fablicos para la primera infancia y cuidadores. Recuperado de <a href=\"https:\/\/tejiendocomunidad.mx\/\">https:\/\/tejiendocomunidad.mx\/<\/a><\/p>\n\n\n\n<p class=\"wp-block-paragraph\">Urban95 \u2014 Early Years Starter Kit. (s.&nbsp;f.). Recuperado de <a href=\"https:\/\/brainbuilding.org\/programme-areas\/urban95\/#download-spanish-form\">https:\/\/brainbuilding.org\/programme-areas\/urban95\/#download-spanish-form<\/a><\/p>\n","protected":false},"excerpt":{"rendered":"<p>l lugar en donde nacemos influye en c\u00f3mo crecemos y nos desarrollamos. Esta es una frase que constantemente escucho y comparto en mi labor<\/p>\n","protected":false},"author":3,"featured_media":68769,"comment_status":"open","ping_status":"open","sticky":false,"template":"","format":"standard","meta":{"_monsterinsights_skip_tracking":false,"footnotes":""},"categories":[64],"tags":[],"class_list":["post-68768","post","type-post","status-publish","format-standard","has-post-thumbnail","category-para-saber"],"_links":{"self":[{"href":"https:\/\/redsemlac.com\/semmexico\/wp-json\/wp\/v2\/posts\/68768","targetHints":{"allow":["GET"]}}],"collection":[{"href":"https:\/\/redsemlac.com\/semmexico\/wp-json\/wp\/v2\/posts"}],"about":[{"href":"https:\/\/redsemlac.com\/semmexico\/wp-json\/wp\/v2\/types\/post"}],"author":[{"embeddable":true,"href":"https:\/\/redsemlac.com\/semmexico\/wp-json\/wp\/v2\/users\/3"}],"replies":[{"embeddable":true,"href":"https:\/\/redsemlac.com\/semmexico\/wp-json\/wp\/v2\/comments?post=68768"}],"version-history":[{"count":0,"href":"https:\/\/redsemlac.com\/semmexico\/wp-json\/wp\/v2\/posts\/68768\/revisions"}],"wp:featuredmedia":[{"embeddable":true,"href":"https:\/\/redsemlac.com\/semmexico\/wp-json\/wp\/v2\/media\/68769"}],"wp:attachment":[{"href":"https:\/\/redsemlac.com\/semmexico\/wp-json\/wp\/v2\/media?parent=68768"}],"wp:term":[{"taxonomy":"category","embeddable":true,"href":"https:\/\/redsemlac.com\/semmexico\/wp-json\/wp\/v2\/categories?post=68768"},{"taxonomy":"post_tag","embeddable":true,"href":"https:\/\/redsemlac.com\/semmexico\/wp-json\/wp\/v2\/tags?post=68768"}],"curies":[{"name":"wp","href":"https:\/\/api.w.org\/{rel}","templated":true}]}}