{"id":6876,"date":"2019-04-11T17:17:30","date_gmt":"2019-04-11T17:17:30","guid":{"rendered":"https:\/\/redsemlac.com\/semmexico\/?p=6876"},"modified":"2023-07-21T14:48:12","modified_gmt":"2023-07-21T19:48:12","slug":"de-16-secretarias-en-total-que-forman-parte-del-gabinete-de-la-ciudad-de-mexico-diez-son-ocupadas-por-mujeres","status":"publish","type":"post","link":"https:\/\/redsemlac.com\/semmexico\/de-16-secretarias-en-total-que-forman-parte-del-gabinete-de-la-ciudad-de-mexico-diez-son-ocupadas-por-mujeres\/","title":{"rendered":"De 16 secretar\u00edas en total que forman parte del gabinete de la ciudad de M\u00e9xico, diez son ocupadas por mujeres."},"content":{"rendered":"\n<p class=\"wp-block-paragraph\"><a href=\"https:\/\/www.semmexico.com\/gallery-post.php?id=7510#\">Elda Montiel<\/a><\/p>\n\n\n\n<p class=\"wp-block-paragraph\">SemM\u00e9xico. Cd. de M\u00e9xico. 11 de marzo de 2019.- De 16 secretar\u00edas en total que forman parte del gabinete de la ciudad de M\u00e9xico, diez son ocupadas por mujeres, sin contar que la Procuradur\u00eda General de Justicia est\u00e1 ocupada por Ernestina Godoy, s\u00f3lo seis secretar\u00edas est\u00e1n ocupadas por hombres. Lo que demuestra que hay una clara apuesta de la jefa de gobierno de la Ciudad de M\u00e9xico Claudia Sheimbaum por la equidad de g\u00e9nero y la igualdad.<\/p>\n\n\n\n<p class=\"wp-block-paragraph\">Para la actual Secretar\u00eda de Gobierno, Rosa Icela Rodr\u00edguez Vel\u00e1zquez, no se trata de g\u00e9nero sino de trabajar en equipo, en principio por el bien de todas y todos, no s\u00f3lo de un grupo o g\u00e9nero en espec\u00edfico.&nbsp;<\/p>\n\n\n\n<p class=\"wp-block-paragraph\">La periodista egresada de la Escuela Carlos Septi\u00e9n es la que tiene m\u00e1s experiencia en el gobierno capitalino, ya que de 2009 a 2012 estuvo al frente del Instituto para la Atenci\u00f3n de los Adultos Mayores, y de 2012 al 2018 ocupo indistintamente las Secretar\u00edas de Desarrollo Social, primero, y la Secretar\u00eda de Desarrollo Rural y Equidad para las Comunidades, despu\u00e9s.<\/p>\n\n\n\n<p class=\"wp-block-paragraph\">No se trata s\u00f3lo de paridad sino de trabajar en equipo y de acuerdo a las habilidades de las personas sin importar el g\u00e9nero y de mandar un mensaje a las ni\u00f1as, adolescentes y j\u00f3venes de que si se puede llegar a un puesto de decisi\u00f3n como lo se\u00f1ala Almuneda Ocejo, Secretaria de Inclusi\u00f3n y Bienestar Social.&nbsp;<\/p>\n\n\n\n<p class=\"wp-block-paragraph\">Licenciada en Humanidades y con doctorado en Ciencias Sociales y Pol\u00edticas de la UNAM, Almuneda Ocejo se\u00f1ala que m\u00e1s que calificarlo como un gabinete de paridad el reto de la administraci\u00f3n es trabajar juntos de manera coordinada para atender los m\u00faltiples rezagos que tiene la ciudad.<\/p>\n\n\n\n<p class=\"wp-block-paragraph\">Por su parte, Gabriela Rodr\u00edguez, titular de la reci\u00e9n creada Secretar\u00eda de las Mujeres, se\u00f1ala que tanto los hombres como las mujeres del gabinete tienen que contribuir a disminuir las desigualdades de g\u00e9nero, tienen que luchar porque las brechas de g\u00e9nero disminuyan.<\/p>\n\n\n\n<p class=\"wp-block-paragraph\">El hecho de haber pasado de Instituto a Secretar\u00eda ayuda bastante, dijo, porque se mantiene una relaci\u00f3n horizontal con el gabinete ya que la labor es intersectorial.&nbsp;&nbsp;Es psic\u00f3loga educativa por la Unam y tiene maestr\u00eda en Antropolog\u00eda Social por la ENAH.<\/p>\n\n\n\n<p class=\"wp-block-paragraph\">Para Myriam Urz\u00faa, Secretaria de Gesti\u00f3n Integral de Riesgos y Protecci\u00f3n Civil el g\u00e9nero no fue una variable determinante en la selecci\u00f3n de perfiles para la conformaci\u00f3n del gabinete de la Ciudad de M\u00e9xico. Sin embargo, reconoce que se integr\u00f3 un equipo de colaboradores que ni m\u00e1s ni menos es reflejo real de nuestra sociedad; mitad hombres, mitad mujeres.<\/p>\n\n\n\n<p class=\"wp-block-paragraph\">Para la arquitecta con posgrado en urbanismo por la UNAM y la Universidad de Chile, y ex asesora de organizaciones internacionales como la ONU, dijo que se trata de mirar distinto en la sociedad y como se est\u00e1n haciendo las cosas.<\/p>\n\n\n\n<p class=\"wp-block-paragraph\">Por su parte, Ileana Villalobos, secretaria de Desarrollo Urbano y Vivienda se\u00f1ala que el reto de formar parte de un gabinete paritario radica en mostrar a la sociedad las cualidades que pueden tener tanto hombres como mujeres y fomentar una cultura de equidad en la que todos est\u00e9n en igualdad de condiciones.<\/p>\n\n\n\n<p class=\"wp-block-paragraph\">La soci\u00f3loga por la UAM y especialista en pol\u00edticas comparadas y pol\u00edticas y gesti\u00f3n energ\u00e9tica explico que la equidad deriva en las capacidades que posea la persona sin tomar en cuenta su g\u00e9nero, no se trata de poner igual n\u00famero de hombres y mujeres, sino dar oportunidad en igualdad de condiciones, de seleccionar a la persona adecuada con base a su conocimiento, experiencia y habilidad para tratar los asuntos que se les encomienda.<\/p>\n\n\n\n<p class=\"wp-block-paragraph\">Para Marina Robles, Secretaria de Medio Ambiente, coincide en que la integraci\u00f3n de un gabinete paritario corresponde m\u00e1s a una valoraci\u00f3n de las capacidades t\u00e9cnicas y personales de cada una de las personas que integran el gabinete, aunque s\u00ed reconoci\u00f3 que incluir un amplio n\u00famero de mujeres es una oportunidad para demostrar que ambos tienen las mismas capacidades.<\/p>\n\n\n\n<p class=\"wp-block-paragraph\">La licenciada en Oceanograf\u00eda y doctorado en Medio Ambiente y Desarrollo se\u00f1al\u00f3 que la honradez y el compromiso en un trabajo es independiente del g\u00e9nero.<\/p>\n\n\n\n<p class=\"wp-block-paragraph\">Las restantes cuatro secretar\u00edas ocupadas por mujeres son: La Secretaria del Trabajo y Fomento al empleo, ocupada por la doctora Soledad Arag\u00f3n Mart\u00ednez, doctora en sociolog\u00eda por el Colegio de M\u00e9xico y maestr\u00eda en estudios laborales por la UAM.&nbsp;&nbsp;&nbsp;&nbsp;&nbsp;&nbsp;&nbsp;&nbsp;&nbsp;&nbsp;&nbsp;<\/p>\n\n\n\n<p class=\"wp-block-paragraph\">La Secretaria de Salud, cuya titular es la Dra. Oliva L\u00f3pez Arellano, profesora investigadora y profesora titular en Maestr\u00eda en Medicina Social y Doctorado en Ciencias en Salud Colectiva.<\/p>\n\n\n\n<p class=\"wp-block-paragraph\">La Secretaria de Administraci\u00f3n y Finanzas es Luz Elena Gonz\u00e1lez Escobar, economista de la UNAM con maestr\u00eda en Gesti\u00f3n de la ciudad por la Universidad de Catalu\u00f1a.<\/p>\n\n\n\n<p class=\"wp-block-paragraph\">La Secretar\u00eda de Pueblos y Barrios Originarios y comunidades ind\u00edgenas residentes es la Mtra. Larisa Ortiz Quintero, originaria de la comunidad nahua de Santa Cruz Huitziltepec.&nbsp;&nbsp;Los perfiles del gabinete de la ciudad se pueden consultar en el portal del gobierno de la Ciudad de M\u00e9xico.&nbsp;&nbsp;&nbsp;&nbsp;<\/p>\n\n\n\n<p class=\"wp-block-paragraph\">La licenciada Ernestina Godoy Ramos es la titular de la Procuradur\u00eda General de Justicia, ha sido diputada federal por Iztapalapa y fundadora de diversos organismos civiles como la Asociaci\u00f3n Nacional de Abogados Democr\u00e1ticos y Convergencia de Organismos Civiles por la Democracia y Alianza C\u00edvica, entre otros.<br><\/p>\n","protected":false},"excerpt":{"rendered":"<p>Elda Montiel SemM\u00e9xico. Cd. de M\u00e9xico. 11 de marzo de 2019.- De 16 secretar\u00edas en total que forman parte del gabinete de la ciudad de M\u00e9xico, diez son ocupadas por mujeres, sin contar que la Procuradur\u00eda General de Justicia est\u00e1 ocupada por Ernestina Godoy, s\u00f3lo seis secretar\u00edas est\u00e1n ocupadas por hombres. Lo que demuestra que [&hellip;]<\/p>\n","protected":false},"author":3,"featured_media":6877,"comment_status":"open","ping_status":"open","sticky":false,"template":"","format":"standard","meta":{"_monsterinsights_skip_tracking":false,"footnotes":""},"categories":[690,51],"tags":[],"class_list":["post-6876","post","type-post","status-publish","format-standard","has-post-thumbnail","category-690","category-ejecutivo"],"_links":{"self":[{"href":"https:\/\/redsemlac.com\/semmexico\/wp-json\/wp\/v2\/posts\/6876","targetHints":{"allow":["GET"]}}],"collection":[{"href":"https:\/\/redsemlac.com\/semmexico\/wp-json\/wp\/v2\/posts"}],"about":[{"href":"https:\/\/redsemlac.com\/semmexico\/wp-json\/wp\/v2\/types\/post"}],"author":[{"embeddable":true,"href":"https:\/\/redsemlac.com\/semmexico\/wp-json\/wp\/v2\/users\/3"}],"replies":[{"embeddable":true,"href":"https:\/\/redsemlac.com\/semmexico\/wp-json\/wp\/v2\/comments?post=6876"}],"version-history":[{"count":0,"href":"https:\/\/redsemlac.com\/semmexico\/wp-json\/wp\/v2\/posts\/6876\/revisions"}],"wp:featuredmedia":[{"embeddable":true,"href":"https:\/\/redsemlac.com\/semmexico\/wp-json\/wp\/v2\/media\/6877"}],"wp:attachment":[{"href":"https:\/\/redsemlac.com\/semmexico\/wp-json\/wp\/v2\/media?parent=6876"}],"wp:term":[{"taxonomy":"category","embeddable":true,"href":"https:\/\/redsemlac.com\/semmexico\/wp-json\/wp\/v2\/categories?post=6876"},{"taxonomy":"post_tag","embeddable":true,"href":"https:\/\/redsemlac.com\/semmexico\/wp-json\/wp\/v2\/tags?post=6876"}],"curies":[{"name":"wp","href":"https:\/\/api.w.org\/{rel}","templated":true}]}}