{"id":68757,"date":"2023-07-12T08:25:37","date_gmt":"2023-07-12T13:25:37","guid":{"rendered":"https:\/\/redsemlac.com\/semmexico\/?p=68757"},"modified":"2023-07-12T08:25:37","modified_gmt":"2023-07-12T13:25:37","slug":"bellas-y-airosas-las-fridas-que-invento","status":"publish","type":"post","link":"https:\/\/redsemlac.com\/semmexico\/bellas-y-airosas-las-fridas-que-invento\/","title":{"rendered":"Bellas y airosas| Las Fridas que invento"},"content":{"rendered":"\n<p class=\"wp-block-paragraph\"><strong>Elvira Hern\u00e1ndez Carballido<\/strong><\/p>\n\n\n\n<p class=\"wp-block-paragraph\">SemM\u00e9xico, Pachuca, Hidalgo, 12 de julio, 2023.- Julio es un mes <em>fridista<\/em>, <em>fridiana<\/em>, <em>fridomaniaca<\/em> y <em>fridatotal<\/em>, ya que el d\u00eda 6 de 1907 naci\u00f3 esa pintora mexicana, mientras que el 13 julio de 1954, ella muri\u00f3. Quienes la admiramos, no podemos dejar de evocarla, quererla y reiterar que no es una moda, ni un fetiche o diosa que debe venerarse, Frida Kahlo ha aparecido en nuestras vidas en diferentes contextos, por diferentes causas y mil sinrazones.<\/p>\n\n\n\n<p class=\"wp-block-paragraph\">Me gusta evocar ese a\u00f1o de 1978 cuando mi profesor de redacci\u00f3n nos hizo ir \u201cforzosamente a la fuerza\u201d a una exposici\u00f3n en Bellas Artes sobre la obra de Diego Rivera. Al detenernos en la reproducci\u00f3n del mural \u201cSue\u00f1o de una tarde dominical en la Alameda Central\u201d, nuestro maestro propuso adivinar qu\u00e9 personajes lo conformaban. Muy pocos logramos identificar y \u00e9l los fue presentando uno a uno, fue as\u00ed como por primera vez conoc\u00ed a Frida, que mi profe identific\u00f3 solamente como la esposa de Rivera. Curiosa, sobre todo porque me gust\u00f3 la forma en que estaba representada, pregunt\u00e9: Pero, \u00bfc\u00f3mo se llama esa mujer? Adem\u00e1s de darme su nombre, el maestro agreg\u00f3: \u201cElla vivi\u00f3 en Coyoacan y hoy su casa es un museo. Deber\u00edas visitarlo para saber m\u00e1s de su vida, porque adem\u00e1s tambi\u00e9n fue pintora\u201d. Entonces, conoc\u00ed esa casa azul, recorr\u00ed cada habitaci\u00f3n, discretamente acarici\u00e9 la orilla de su cama, me enamor\u00e9 de su cocina, pero, sobre todo, sus pinturas.<\/p>\n\n\n\n<p class=\"wp-block-paragraph\">S\u00ed, esas pinturas que se convirtieron en un espejo, autorretratos que la construyen y yo me veo reflejada, gestos e historias que he vuelto m\u00edos, trazos y colores que amoldo a mi vida seg\u00fan las circunstancias y sentires de mi alma. Mis preferidas son:<\/p>\n\n\n\n<p class=\"wp-block-paragraph\"><strong><em>VIVA LA VIDA<\/em><\/strong> (1954). Frida ya no est\u00e1 en su propia pintura, pero el \u00faltimo cuadro que cre\u00f3 no deja de delatarla. Naturaleza muerta que delata su agon\u00eda, una frase significativa que muestra su fuerza pese a todo, contra todo. La fruta fresca que invita a ser saboreada. Fragilidad y sensualidad. Saborear los sinsabores. Refrescarse con la pulpa del desencanto optimista. Sand\u00eda roja, nuestra sangre. Sand\u00eda sonriente que musita una frase esperanzadora: \u201cViva la vida\u201d.<\/p>\n\n\n\n<p class=\"wp-block-paragraph\"><strong><em>LAS DOS FRIDAS<\/em><\/strong> (1939-1940). He sentido mi coraz\u00f3n expuesto a la mirada de todos, pero nadie advierte su latir enamorado por un hombre que lo desordena y casi siempre lo rompe. Arterias delatoras de un dolor interminable. La mano de una Frida cobija la mano de la otra Frida, amistad femenina, sororidad eterna. Las nubes a sus espaldas delatan malos tiempos. Y pese a todo siguen juntas. Una mostrando la fotograf\u00eda del hombre jerogl\u00edfico que marca su vida. La otra aparenta detener una hemorragia donde el desamor escapa\u2026 &nbsp;<\/p>\n\n\n\n<p class=\"wp-block-paragraph\"><strong><em>LA M\u00c1SCARA<\/em><\/strong> (1945). La pintura que mejor la delata, no hay cejas eternas ni bigote de nube, ni su columna rota, las alas guardadas, los pies que vuelan, simplemente puede verse el rostro real que oculta el rostro construido, las l\u00e1grimas derramadas surgen sin ninguna verg\u00fcenza, las trenzas sin hacer porque solamente despeinada toleras los remolinos de la vida. Se dice que, en este cuadro, Frida representa lo que en ninguna otra de sus obras comparti\u00f3 con tan devastadora honestidad.&nbsp;<\/p>\n\n\n\n<p class=\"wp-block-paragraph\"><strong><em>LA COLUMNA ROTA (1944).<\/em><\/strong> Y palp\u00e9 el dolor de una mujer fuerte. Cada vez que me lastiman, siento los mismos clavos que tapizan su cuerpo y reconozco lo que es sufrir por alguien, por algo, por todo y por nada. Otra vez&nbsp; a sus espaldas un paisaje que no garantiza buenos tiempos, seco y \u00e1rido, como cuando te sabes enga\u00f1ada. La columna rota duele igual que un coraz\u00f3n roto, que unas ilusiones rotas, que unos sue\u00f1os quebrados, que un amor agrietado, que un coraz\u00f3n partido, que un alma perdida, que ese silencio cuando te alejas.<\/p>\n\n\n\n<p class=\"wp-block-paragraph\"><strong><em>DIEGO EN MI PENSAMIENTO<\/em><\/strong> (1943). Pensar en \u00e9l para imaginarlo como nuestra alma quisiera. Tatuarlo en los pensamientos para evocarlo como nunca ser\u00e1. Preocuparse por&nbsp; lo que no nos dice y quiz\u00e1 sienta. Recrear eternamente esos instantes de caricias bien compartidas y de suspiros que escandalizan a las buenas conciencias. Inventar lo no vivido. Olvidar lo que no se dijo. Creer que al pensarlo todos los d\u00edas besar\u00e1 nuestra frente, har\u00e1 los juramentos necesarios para sentirse amada, querida, deseada, suya\u2026<\/p>\n\n\n\n<p class=\"wp-block-paragraph\"><strong><em>LO QUE EL AGUA ME DIO<\/em><\/strong> (1939). No es necesario ver el rostro de Frida para descubrirla e identificarnos, bastan sus pies para seguir sus huellas, resulta suficiente una tina para convertirse en sirena y sumergirse en lo m\u00e1s profundo de ella para delatarnos. Debe tomarse un ba\u00f1o sin burbujas para encerrarse dentro de un mundo que inventas gracias a cada paseo, a cada relaci\u00f3n, a cada miedo y a cada reto. Los pies de Frida naufragan en una tina para ver flotar los recuerdos, la melancol\u00eda y la imaginaci\u00f3n, invitan a zambullirse para no olvidarnos del ayer ni del ma\u00f1ana, a hundirse para respirar como la sirena que vive dentro de nuestra alma.<\/p>\n\n\n\n<p class=\"wp-block-paragraph\"><strong><em>AUTORRETRATO DE PELONA<\/em><\/strong> (1935). Mi corte de cabello se asemeja al de esta Frida pelona que huye de su propia feminidad para ya no ser fr\u00e1gil en el amor. Para no dejarse despeinar en esos arrebatos apasionados que de seguro ese hombre amado olvidaba en cuanto se levantaba de su cama amorosa. Cada cabello corto la alej\u00f3 de su soledad, cada cabellito que no crece la defendi\u00f3 del desamor pero siempre le &nbsp;impidi\u00f3 esconder ese deseo de volver a amar aunque ma\u00f1ana no supiera qui\u00e9n le hizo una nueva herida en su alma enamorada.<\/p>\n","protected":false},"excerpt":{"rendered":"<p> Julio es un mes fridista, fridiana, fridomaniaca y fridatotal, ya que el d\u00eda 6 de 1907 naci\u00f3 esa pintora mexicana, mientras que el 13 julio de 1954, ella muri\u00f3. <\/p>\n","protected":false},"author":3,"featured_media":31337,"comment_status":"open","ping_status":"open","sticky":false,"template":"","format":"standard","meta":{"_monsterinsights_skip_tracking":false,"footnotes":""},"categories":[201,202,35],"tags":[],"class_list":["post-68757","post","type-post","status-publish","format-standard","has-post-thumbnail","category-bellas-y-airosas","category-elvira-hernandez-carballido","category-opinion"],"_links":{"self":[{"href":"https:\/\/redsemlac.com\/semmexico\/wp-json\/wp\/v2\/posts\/68757","targetHints":{"allow":["GET"]}}],"collection":[{"href":"https:\/\/redsemlac.com\/semmexico\/wp-json\/wp\/v2\/posts"}],"about":[{"href":"https:\/\/redsemlac.com\/semmexico\/wp-json\/wp\/v2\/types\/post"}],"author":[{"embeddable":true,"href":"https:\/\/redsemlac.com\/semmexico\/wp-json\/wp\/v2\/users\/3"}],"replies":[{"embeddable":true,"href":"https:\/\/redsemlac.com\/semmexico\/wp-json\/wp\/v2\/comments?post=68757"}],"version-history":[{"count":0,"href":"https:\/\/redsemlac.com\/semmexico\/wp-json\/wp\/v2\/posts\/68757\/revisions"}],"wp:featuredmedia":[{"embeddable":true,"href":"https:\/\/redsemlac.com\/semmexico\/wp-json\/wp\/v2\/media\/31337"}],"wp:attachment":[{"href":"https:\/\/redsemlac.com\/semmexico\/wp-json\/wp\/v2\/media?parent=68757"}],"wp:term":[{"taxonomy":"category","embeddable":true,"href":"https:\/\/redsemlac.com\/semmexico\/wp-json\/wp\/v2\/categories?post=68757"},{"taxonomy":"post_tag","embeddable":true,"href":"https:\/\/redsemlac.com\/semmexico\/wp-json\/wp\/v2\/tags?post=68757"}],"curies":[{"name":"wp","href":"https:\/\/api.w.org\/{rel}","templated":true}]}}