{"id":68736,"date":"2023-07-11T10:08:24","date_gmt":"2023-07-11T15:08:24","guid":{"rendered":"https:\/\/redsemlac.com\/semmexico\/?p=68736"},"modified":"2023-07-11T10:08:25","modified_gmt":"2023-07-11T15:08:25","slug":"entresemana-la-traicion","status":"publish","type":"post","link":"https:\/\/redsemlac.com\/semmexico\/entresemana-la-traicion\/","title":{"rendered":"Entresemana| La traici\u00f3n"},"content":{"rendered":"\n<p class=\"wp-block-paragraph\"><strong>Mois\u00e9s S\u00e1nchez Lim\u00f3n<\/strong><\/p>\n\n\n\n<p class=\"wp-block-paragraph\">SemM\u00e9xico, Ciudad de M\u00e9xico, 11 de julio, 2023.- \u00a1Ah!, la terca memoria, a prop\u00f3sito de\u2026<\/p>\n\n\n\n<p class=\"wp-block-paragraph\">Desde el s\u00e1bado 1 de diciembre de 2018, una vez que le entreg\u00f3 la banda presidencial, Andr\u00e9s Manuel L\u00f3pez Obrador no volvi\u00f3 a hablarle a Porfirio Mu\u00f1oz Ledo.<\/p>\n\n\n\n<p class=\"wp-block-paragraph\">\u00bfLe dice algo este distanciamiento entre quien, como presidente del Congreso de la Uni\u00f3n por ley, entreg\u00f3 la banda tricolor al debutante L\u00f3pez Obrador en calidad de due\u00f1o sexenal del poder en M\u00e9xico?<\/p>\n\n\n\n<p class=\"wp-block-paragraph\">Tiempo de rescatar retazos y armar al singular rompecabezas de la historia pol\u00edtica nacional contempor\u00e1nea.<\/p>\n\n\n\n<p class=\"wp-block-paragraph\">S\u00ed.<\/p>\n\n\n\n<p class=\"wp-block-paragraph\">Porfirio declar\u00f3 que las pruebas de sus dichos, de lo que sabe del licenciado presidente y del Narco-Estado, se encuentran en la b\u00f3veda de seguridad de un banco.<\/p>\n\n\n\n<p class=\"wp-block-paragraph\">No, no dijo qu\u00e9 banco, pero la referencia fue escuchada en esos rumbos de Palacio Nacional y en las oficinas de los llamados y bien amados, hermanos y hermanas de Su Alteza Seren\u00edsima.<\/p>\n\n\n\n<p class=\"wp-block-paragraph\">\u00bfA poco no?<\/p>\n\n\n\n<p class=\"wp-block-paragraph\">En la pol\u00edtica, dicen los que saben, no hay hermanas de la caridad ni pr\u00edstinos personajes; enga\u00f1an con la verdad y engatusan al elector. Hoy los buenos y los malos, ricos y pobres, fif\u00edes y chairos, neoliberales y salvadores de la patria.<\/p>\n\n\n\n<p class=\"wp-block-paragraph\">Y como si esperara la fecha fatal de su vida, semanas antes Porfirio Mu\u00f1oz Ledo corri\u00f3 la cortina que dej\u00f3 a la intemperie al licenciado presidente y a la cohorte que le rinde fidelidad como parte de los nuevos gerentes del subsidiario gabinete.<\/p>\n\n\n\n<p class=\"wp-block-paragraph\">Mu\u00f1oz Ledo falleci\u00f3 el domingo \u00faltimo y en esa ruta de sus \u00faltimos tiempos habl\u00f3 como le gustaba hablar sin la obligada secrec\u00eda que guardan obligadamente los jugadores de las grandes ligas. Dio pista de porqu\u00e9 lo marginaron de Morena. \u00bfLa traici\u00f3n presidencial?<\/p>\n\n\n\n<p class=\"wp-block-paragraph\">&nbsp;\u201cDesde el d\u00eda en que le entregu\u00e9 la banda presidencial y jur\u00f3, nunca nos hemos dirigido la palabra\u201d, puntualiz\u00f3 Mu\u00f1oz Ledo en entrevista abierta, sin medias tintas ni censuras oficiosas con Adela Micha en su programa \u201cS\u00f3lo con Adela\u201d.<\/p>\n\n\n\n<p class=\"wp-block-paragraph\">&#8211;(Desde) El d\u00eda siguiente en que Andr\u00e9s Manuel jur\u00f3 como Presidente de M\u00e9xico, no hemos cruzado palabra alguna. Ni una palabra.<\/p>\n\n\n\n<p class=\"wp-block-paragraph\">&#8211;\u00bfNada? \u2014pregunt\u00f3 Adela.<\/p>\n\n\n\n<p class=\"wp-block-paragraph\">&#8211;\u00a1Cero! Y que diga lo contrario, que lo diga cu\u00e1ndo hemos hablado \u00e9l y yo; como si yo fuera su pasado, como si una cosa freudiana \u00e9l quer\u00eda liquidarme. Cuauht\u00e9moc (C\u00e1rdenas) tom\u00f3 prudente distancia\u2014acot\u00f3 Porfirio.<\/p>\n\n\n\n<p class=\"wp-block-paragraph\">E hil\u00f3 una causa toral de su distanciamiento con el due\u00f1o del poder en M\u00e9xico:<\/p>\n\n\n\n<p class=\"wp-block-paragraph\">\u201cYo le he perdido a Andr\u00e9s Manuel hace tiempo tolerancia, fundamentalmente por dos razones: porque miente como habla, miente; todo lo que dice lo inventa\u201d.<\/p>\n\n\n\n<p class=\"wp-block-paragraph\">&#8211;\u00bfTe enga\u00f1\u00f3 a ti, Porfirio, que estuviste con \u00e9l? \u00bfTe enga\u00f1\u00f3? \u2014plante\u00f3 Adela.<\/p>\n\n\n\n<p class=\"wp-block-paragraph\">&#8211;No. Es que no son las cosas tan f\u00e1ciles\u2014respondi\u00f3 Mu\u00f1oz Ledo.<\/p>\n\n\n\n<p class=\"wp-block-paragraph\">Y acus\u00f3 en el contexto de la sucesi\u00f3n presidencial:<\/p>\n\n\n\n<p class=\"wp-block-paragraph\">\u201cTodos los que juegan a la corcholatizaci\u00f3n, son esclavos del Presidente\u201d.<\/p>\n\n\n\n<p class=\"wp-block-paragraph\">\u00bfAlguna duda?<\/p>\n\n\n\n<p class=\"wp-block-paragraph\">\u00a1Vaya con los sinsabores! Y eso que llaman destino. Porque\u2026<\/p>\n\n\n\n<p class=\"wp-block-paragraph\">Porfirio volvi\u00f3 ayer lunes 10 de julio de 2023 al sal\u00f3n de plenos de la C\u00e1mara de Diputados, ah\u00ed donde el mi\u00e9rcoles 4 de septiembre de 2019, en el primer a\u00f1o de la LXV Legislatura como presidente de la Mesa Directiva protagoniz\u00f3 uno de los cap\u00edtulos que le dieron lustre a su carrera.<\/p>\n\n\n\n<p class=\"wp-block-paragraph\">Ocurre que no se resolv\u00eda qui\u00e9n le suceder\u00eda en el cargo y por ello, en tiempo extra la bancada oficialista y sus aliados pretend\u00edan dictar c\u00e1tedra y rechazaban una iniciativa del PAN para que Laura Rojas presidiera la C\u00e1mara.<\/p>\n\n\n\n<p class=\"wp-block-paragraph\">\u201cPido a la secretar\u00eda que revise el reloj porque est\u00e1 marcando progresivamente. Cuando es una ley antigua, los transitorios son desmesurados y contradictorios,&nbsp;<strong>hasta los aparatos se sonrojan\u201d, instruy\u00f3 Porfirio con esa iron\u00eda que lo mostraba experto en estos menesteres.<\/strong><\/p>\n\n\n\n<p class=\"wp-block-paragraph\">Tanto que, sin percatarse de que el micr\u00f3fono estaba abierto, y con la vicepresidenta en turno, Dolores Padierna Luna, en calidad de testigo involuntario calific\u00f3 a sus pares:<\/p>\n\n\n\n<p class=\"wp-block-paragraph\"><strong>\u201cChinguen a su madre, qu\u00e9 manera de legislar\u201d<\/strong>.<\/p>\n\n\n\n<p class=\"wp-block-paragraph\">Porfirio retorn\u00f3 al Palacio Legislativo de San L\u00e1zaro para ser homenajeado por el pleno cameral en sesi\u00f3n solemne.<\/p>\n\n\n\n<p class=\"wp-block-paragraph\">S\u00ed, pero, indudable,&nbsp;hubo conciencias que se sacudieron por saberse responsables de haber colaborado en la burda y servil tarea de echarlo de las filas del oficialismo partidista, de haberle cerrado el paso a la reelecci\u00f3n a la que ten\u00eda derecho como diputado de Morena.<\/p>\n\n\n\n<p class=\"wp-block-paragraph\">S\u00ed, de esos legisladores que se unieron a la ignominia que oper\u00f3 para llevar a la presidencia de Morena a Mario Delgado Carrillo y no al experimentado Porfirio Mu\u00f1oz Ledo.<\/p>\n\n\n\n<p class=\"wp-block-paragraph\">Y, en la larga y reveladora entrevista con Adela Micha, Porfirio confi\u00f3 la causa de que Delgado fuese el presidente de Morena.<\/p>\n\n\n\n<p class=\"wp-block-paragraph\">\u201cEste (el encabezado por L\u00f3pez Obrador) es un Narco-Estado y tengo las pruebas\u201d, acus\u00f3 sin eufemismos.<\/p>\n\n\n\n<p class=\"wp-block-paragraph\">Y recuerda\u2026<\/p>\n\n\n\n<p class=\"wp-block-paragraph\">&#8211;Yo naturalmente compito para la presidencia del partido, me correspond\u00eda en el nuevo partido, pero todas sus huestes que se manejan con dinero mal habido, te lo pruebo\u2026\u2014puntualiza.<\/p>\n\n\n\n<p class=\"wp-block-paragraph\">&#8211;\u00bfDe d\u00f3nde ven\u00eda el dinero?<\/p>\n\n\n\n<p class=\"wp-block-paragraph\">&#8211;\u00a1Del narco! Es un Narco-Estado, para que quede esta palabra aqu\u00ed. El sistema del pa\u00eds, no s\u00e9 si sea bueno, bonito o feo, pero M\u00e9xico tiene un gran problema internacional porque \u00e9ste es un Narco-Estado y tengo las pruebas.<\/p>\n\n\n\n<p class=\"wp-block-paragraph\">\u00a1Ah!, porque si me quieren escabechar ma\u00f1ana, lo sacas si me prometes sacarlo la semana que entra, tengo todo embovedado, que lo sepan y lo saben por eso se andan\u2026<\/p>\n\n\n\n<p class=\"wp-block-paragraph\">&#8211;Pero, \u00bfqu\u00e9 tienes grabado, Porfirio?<\/p>\n\n\n\n<p class=\"wp-block-paragraph\">&#8211;No, en la bodega todo lo que hay, hay conversaciones, cosas que ocurrieron. Voy a entrar m\u00e1s en detalle: bueno, yo era presidente de la C\u00e1mara, entonces, s\u00ed, Andr\u00e9s desde el d\u00eda en que fue Presidente, no antes, antes habl\u00e1bamos \u00a1uf!, \u00a1uf!, esas conversaciones se pueden reconstruir\u2026<\/p>\n\n\n\n<p class=\"wp-block-paragraph\">Y no me dejar\u00e1 mentir ni una palabra, por ejemplo, Pe\u00f1a Nieto, por ejemplo, los, el secretario de la Defensa Nacional. Lo digo bien, era una buena relaci\u00f3n; yo no es que fuera superior a \u00e9l, pero soy varios a\u00f1os mayor que \u00e9l y bueno jer\u00e1rquicamente en el partido me dijo: licenciado, yo quiero una transici\u00f3n, es como era que me dijo, tersa.<\/p>\n\n\n\n<p class=\"wp-block-paragraph\">\u00bfQu\u00e9 entiendes por tersa? \u2014pregunt\u00f3 a Micha<\/p>\n\n\n\n<p class=\"wp-block-paragraph\">&#8211;Tersa, tranquila, sin\u2026&#8211;refiere Adela.<\/p>\n\n\n\n<p class=\"wp-block-paragraph\">&#8211;\u00bfSin qu\u00e9? \u2014pregunta Porfirio.<\/p>\n\n\n\n<p class=\"wp-block-paragraph\">&#8211;. Sin problemas, sin exabruptos\u2014atiende Adela.<\/p>\n\n\n\n<p class=\"wp-block-paragraph\">&#8211;Sin armas\u2014acota Porfirio.<\/p>\n\n\n\n<p class=\"wp-block-paragraph\">Y explica:<\/p>\n\n\n\n<p class=\"wp-block-paragraph\">&#8211;Es a lo que le tiene miedo Andr\u00e9s (\u2026) porque les tiene miedo (a los militares) y ahorita los est\u00e1 marginando porque los env\u00eda a Europa a balconearlos, est\u00e1 balconeando al propio Ej\u00e9rcito, lo denuncio formalmente.<\/p>\n\n\n\n<p class=\"wp-block-paragraph\">Y ahorita ning\u00fan general amigo me contesta al tel\u00e9fono, hace ya 20 d\u00edas&#8211;confi\u00f3.<\/p>\n\n\n\n<p class=\"wp-block-paragraph\">Luego, enfatiz\u00f3 que L\u00f3pez Obrador le tiene temor a un hecho de armas, porque\u2026<\/p>\n\n\n\n<p class=\"wp-block-paragraph\">\u201cEs un hombre de muchos temores, m\u00e1s de los que crees, su concesi\u00f3n al Ej\u00e9rcito no es predilecci\u00f3n al Ej\u00e9rcito, es temor al Ej\u00e9rcito en el fondo de todas las cosas.<\/p>\n\n\n\n<p class=\"wp-block-paragraph\">\u201cEl hecho que me consta por dos m\u00e9dicos que me merecen el m\u00e1s grande cr\u00e9dito, es que la (Secretar\u00eda de la) Defensa tiene en su poder los datos sicom\u00e9tricos, sicol\u00f3gicos, siqui\u00e1tricos de L\u00f3pez Obrador.<\/p>\n\n\n\n<p class=\"wp-block-paragraph\">\u201c\u00a1Ese el tema de hoy en este pa\u00eds\u201d, redondea Porfirio en esta larga entrevista concedida a Adela Micha y que confirma suspicacias en torno al sui generis unipersonal ejercicio del poder del licenciado L\u00f3pez Obrador!<\/p>\n\n\n\n<p class=\"wp-block-paragraph\">\u00a1Rec\u00e1spita, Drakko!<\/p>\n\n\n\n<p class=\"wp-block-paragraph\">Pero\u2026<\/p>\n\n\n\n<p class=\"wp-block-paragraph\">\u00bfQui\u00e9n tiene la clave de la b\u00f3veda en la que Porfirio Mu\u00f1oz Ledo deposit\u00f3 las pruebas de sus dichos y otros etc\u00e9teras que se significaron como su seguro de vida frente a la traici\u00f3n presidencial? El pa\u00eds debe serenarse, recomend\u00f3 y\u2026 Digo.<\/p>\n\n\n\n<p class=\"wp-block-paragraph\"><a href=\"mailto:sanchezlimon@gmail.com\" target=\"_blank\" rel=\"noreferrer noopener\">sanchezlimon@gmail.com<\/a>&nbsp;&nbsp;&nbsp;<a href=\"http:\/\/www.entresemana.mx\/\" target=\"_blank\" rel=\"noreferrer noopener\">www.entresemana.mx<\/a>&nbsp;&nbsp;&nbsp;<strong>@sanchezlimon1<\/strong><\/p>\n","protected":false},"excerpt":{"rendered":"<p>\u00a1Ah!, la terca memoria, a prop\u00f3sito de\u2026<\/p>\n","protected":false},"author":3,"featured_media":41799,"comment_status":"open","ping_status":"open","sticky":false,"template":"","format":"standard","meta":{"_monsterinsights_skip_tracking":false,"footnotes":""},"categories":[105,83,35],"tags":[],"class_list":["post-68736","post","type-post","status-publish","format-standard","has-post-thumbnail","category-entresemana","category-moises-sanchez-limon","category-opinion"],"_links":{"self":[{"href":"https:\/\/redsemlac.com\/semmexico\/wp-json\/wp\/v2\/posts\/68736","targetHints":{"allow":["GET"]}}],"collection":[{"href":"https:\/\/redsemlac.com\/semmexico\/wp-json\/wp\/v2\/posts"}],"about":[{"href":"https:\/\/redsemlac.com\/semmexico\/wp-json\/wp\/v2\/types\/post"}],"author":[{"embeddable":true,"href":"https:\/\/redsemlac.com\/semmexico\/wp-json\/wp\/v2\/users\/3"}],"replies":[{"embeddable":true,"href":"https:\/\/redsemlac.com\/semmexico\/wp-json\/wp\/v2\/comments?post=68736"}],"version-history":[{"count":0,"href":"https:\/\/redsemlac.com\/semmexico\/wp-json\/wp\/v2\/posts\/68736\/revisions"}],"wp:featuredmedia":[{"embeddable":true,"href":"https:\/\/redsemlac.com\/semmexico\/wp-json\/wp\/v2\/media\/41799"}],"wp:attachment":[{"href":"https:\/\/redsemlac.com\/semmexico\/wp-json\/wp\/v2\/media?parent=68736"}],"wp:term":[{"taxonomy":"category","embeddable":true,"href":"https:\/\/redsemlac.com\/semmexico\/wp-json\/wp\/v2\/categories?post=68736"},{"taxonomy":"post_tag","embeddable":true,"href":"https:\/\/redsemlac.com\/semmexico\/wp-json\/wp\/v2\/tags?post=68736"}],"curies":[{"name":"wp","href":"https:\/\/api.w.org\/{rel}","templated":true}]}}