{"id":68733,"date":"2023-07-11T10:06:38","date_gmt":"2023-07-11T15:06:38","guid":{"rendered":"https:\/\/redsemlac.com\/semmexico\/?p=68733"},"modified":"2023-07-11T10:06:38","modified_gmt":"2023-07-11T15:06:38","slug":"opinion-porfirio-y-la-sucesion-del-24","status":"publish","type":"post","link":"https:\/\/redsemlac.com\/semmexico\/opinion-porfirio-y-la-sucesion-del-24\/","title":{"rendered":"Opini\u00f3n| Porfirio y la sucesi\u00f3n del 24"},"content":{"rendered":"\n<p class=\"wp-block-paragraph\"><strong>Carlos Duayhe Villase\u00f1or*<\/strong><\/p>\n\n\n\n<p class=\"wp-block-paragraph\">SemM\u00e9xico, Tuxpan, Veracruz, 11 de julio, 2023.- A Porfirio Alejandro Mu\u00f1oz Ledo y Lazo de la Vega -acaecido ayer a los 89- uno de los art\u00edfices e impulsores decididos en la transformaci\u00f3n pol\u00edtica y la naciente cultura democr\u00e1tica del pa\u00eds, ya no le tocar\u00e1 ver al ganador de la sucesi\u00f3n del 2024 en el cargo de presidente, cargo por el cual, desde mediados de los70, so\u00f1\u00f3 ser.<\/p>\n\n\n\n<p class=\"wp-block-paragraph\">En el inter hizo de todo: desde alto funcionario del gobierno federal, legislador sin par, diplom\u00e1tico, dirigente partidista, catedr\u00e1tico, investigador, escritor y&nbsp;temido por tantas luces adquiridas en su vida.<\/p>\n\n\n\n<p class=\"wp-block-paragraph\">Era implacable y a veces hasta se le pasaba la mano de soberbia, no obstante, ello&nbsp;se le recordar\u00e1 por el valor de dar el gran cambio en la historia pol\u00edtica nacional al fundar junto con Cuauht\u00e9moc C\u00e1rdenas el otrora Partido de la Revoluci\u00f3n Democr\u00e1tica, ahora alica\u00eddo como \u00e9l en las \u00faltimas fechas.<\/p>\n\n\n\n<p class=\"wp-block-paragraph\">El presidente Andr\u00e9s Manuel L\u00f3pez Obrador y varios de sus m\u00e1s pr\u00f3ximos colaboradores le dispensaron proximidad y cercan\u00eda hasta el punto que convino \u2013Mu\u00f1oz Ledo le puso la banda presidencial en el Congreso- luego fue evidente la separaci\u00f3n y hasta el rompimiento inevitable por distintas causas, entre ellas su imposibilidad de seguir al frente de la C\u00e1mara de Diputados, la negativa de Morena a ser diputado federal, las fuertes diferencias con Alejandro Moreno, l\u00edder del partido; la defensa del Instituto Nacional Electoral y otras de la pol\u00edtica econ\u00f3mica y social del actual r\u00e9gimen, que&nbsp;&nbsp;las expres\u00f3 de frente.<\/p>\n\n\n\n<p class=\"wp-block-paragraph\">L\u00f3pez Obrador ni lo ve\u00eda ni lo o\u00eda, algo muy caracter\u00edstico del poder del que no es ajeno el titular del ejecutivo.<\/p>\n\n\n\n<p class=\"wp-block-paragraph\">Y si alguien sab\u00eda del poder y del poder p\u00fablico era Mu\u00f1oz Ledo.<\/p>\n\n\n\n<p class=\"wp-block-paragraph\">En fin, con sus luces y sus sombras el nombre, la trayectoria de Porfirio Mu\u00f1oz Ledo est\u00e1 para ser valorada o juzgada por la sociedad, aunque muchos ya ni lo recuerdan o quieren recordar y otros ni lo conocieron.<\/p>\n\n\n\n<p class=\"wp-block-paragraph\">Fue un negociador impecable con la derecha, centro e izquierda, cr\u00edtico sin par, hasta miedo daba en la C\u00e1mara por su saber, del que se aprend\u00eda y que aport\u00f3, se insiste, a la democracia y a la historia de la democracia.<\/p>\n\n\n\n<p class=\"wp-block-paragraph\">\u00bfQui\u00e9n ser\u00eda su favorita o favorito en el 2024?<\/p>\n\n\n\n<p class=\"wp-block-paragraph\">Atraques:<\/p>\n\n\n\n<p class=\"wp-block-paragraph\">1.&nbsp;&nbsp;&nbsp;&nbsp;&nbsp;En la carrera sucesoria presidencial del a\u00f1o entrante van que vuelan las mujeres: Claudia Sheimbaun Pardo y ahora la panista X\u00f3chitl G\u00e1lvez, hasta, aunque no lo crea,&nbsp;la priista Beatriz Paredes. Interesante saber qu\u00e9 ocurrir\u00e1 con la unidad de g\u00e9nero a la que se deben.<\/p>\n\n\n\n<p class=\"wp-block-paragraph\">2.&nbsp;&nbsp;&nbsp;&nbsp;&nbsp;Eso s\u00ed y con raz\u00f3n dentro de los aspirantes de Morena, incluido Gerardo Fern\u00e1ndez Noro\u00f1a, se quejan de la falta de transparencia en recursos utilizados en propaganda v\u00eda espectaculares, bardas&nbsp;y transportes p\u00fablicos, hay Claudias por todos lados. Hasta Marcelo Ebrard anda que no lo calienta ni el sol.<\/p>\n\n\n\n<p class=\"wp-block-paragraph\">3.&nbsp;&nbsp;&nbsp;&nbsp;&nbsp;Vaya que han crecido las ciudades medias en el pa\u00eds. Hay que darse una vuelta por Tijuana, Mexicali, Ciudad Ju\u00e1rez, Reynosa en el norte, por citar algunas, en donde las poblaciones son crecientes y todas batallan por el agua. Cuidado con esto.<\/p>\n\n\n\n<p class=\"wp-block-paragraph\">*Publicada en Por Cierto, de <a href=\"https:\/\/porcierto.com.mx\/author\/carlos-duayhe\/\">Carlos Duayhe Villase\u00f1or<\/a>. Escritor y periodista<\/p>\n","protected":false},"excerpt":{"rendered":"<p>A Porfirio Alejandro Mu\u00f1oz Ledo y Lazo de la Vega -acaecido ayer a los 89- uno de los art\u00edfices e impulsores decididos en la transformaci\u00f3n pol\u00edtica y la naciente cultura democr\u00e1tica del pa\u00eds, ya no le tocar\u00e1 ver al ganador de la sucesi\u00f3n del 2024 en el cargo de presidente, cargo por el cual, desde mediados de los70, so\u00f1\u00f3 ser.<\/p>\n","protected":false},"author":3,"featured_media":68734,"comment_status":"open","ping_status":"open","sticky":false,"template":"","format":"standard","meta":{"_monsterinsights_skip_tracking":false,"footnotes":""},"categories":[82,110,35],"tags":[],"class_list":["post-68733","post","type-post","status-publish","format-standard","has-post-thumbnail","category-la-opinion","category-la-opinion-columnas","category-opinion"],"_links":{"self":[{"href":"https:\/\/redsemlac.com\/semmexico\/wp-json\/wp\/v2\/posts\/68733","targetHints":{"allow":["GET"]}}],"collection":[{"href":"https:\/\/redsemlac.com\/semmexico\/wp-json\/wp\/v2\/posts"}],"about":[{"href":"https:\/\/redsemlac.com\/semmexico\/wp-json\/wp\/v2\/types\/post"}],"author":[{"embeddable":true,"href":"https:\/\/redsemlac.com\/semmexico\/wp-json\/wp\/v2\/users\/3"}],"replies":[{"embeddable":true,"href":"https:\/\/redsemlac.com\/semmexico\/wp-json\/wp\/v2\/comments?post=68733"}],"version-history":[{"count":0,"href":"https:\/\/redsemlac.com\/semmexico\/wp-json\/wp\/v2\/posts\/68733\/revisions"}],"wp:featuredmedia":[{"embeddable":true,"href":"https:\/\/redsemlac.com\/semmexico\/wp-json\/wp\/v2\/media\/68734"}],"wp:attachment":[{"href":"https:\/\/redsemlac.com\/semmexico\/wp-json\/wp\/v2\/media?parent=68733"}],"wp:term":[{"taxonomy":"category","embeddable":true,"href":"https:\/\/redsemlac.com\/semmexico\/wp-json\/wp\/v2\/categories?post=68733"},{"taxonomy":"post_tag","embeddable":true,"href":"https:\/\/redsemlac.com\/semmexico\/wp-json\/wp\/v2\/tags?post=68733"}],"curies":[{"name":"wp","href":"https:\/\/api.w.org\/{rel}","templated":true}]}}