{"id":6873,"date":"2019-04-11T17:16:09","date_gmt":"2019-04-11T17:16:09","guid":{"rendered":"https:\/\/redsemlac.com\/semmexico\/?p=6873"},"modified":"2023-07-21T14:48:12","modified_gmt":"2023-07-21T19:48:12","slug":"indesol-refiere-que-es-muy-valioso-tejer-de-manera-conjunta-un-trabajo-que-fomente-y-enriquezca-el-quehacer-de-la-sociedad-civil-por-el-bienestar-de-nuestro-pais","status":"publish","type":"post","link":"https:\/\/redsemlac.com\/semmexico\/indesol-refiere-que-es-muy-valioso-tejer-de-manera-conjunta-un-trabajo-que-fomente-y-enriquezca-el-quehacer-de-la-sociedad-civil-por-el-bienestar-de-nuestro-pais\/","title":{"rendered":"Indesol refiere que es muy valioso tejer de manera conjunta un trabajo que fomente y enriquezca el quehacer de la sociedad civil por el bienestar de nuestro pa\u00eds."},"content":{"rendered":"\n<p class=\"wp-block-paragraph\"><a href=\"https:\/\/www.semmexico.com\/gallery-post.php?id=7515#\">Redacci\u00f3n<\/a><\/p>\n\n\n\n<p class=\"wp-block-paragraph\">SemM\u00e9xico. Cd. de M\u00e9xico. 11 de marzo de 2019.- Para conocer la situaci\u00f3n de violencia contra las mujeres, ni\u00f1as y ni\u00f1os con fecha 8 de marzo comenz\u00f3 a circular entre las instancias de las mujeres en las entidades federativas y organizaciones de la sociedad civil y p\u00fablico en general una encuesta enviada por la titular del Instituto de Desarrollo Social, Luz Beatriz Rosales Esteva.<\/p>\n\n\n\n<p class=\"wp-block-paragraph\">En un comunicado oficial donde se aprecia el logotipo de la Secretar\u00eda de Bienestar se se\u00f1ala que en el marco del Programa de Apoyo a las Instancias de Mujeres en las entidades federativas se solicita el apoyo para contestar la encuesta que estar\u00e1 disponible en Google hasta el 13 de marzo de este a\u00f1o.<\/p>\n\n\n\n<p class=\"wp-block-paragraph\">Indesol refiere que es muy valioso tejer de manera conjunta un trabajo que fomente y enriquezca el quehacer de la sociedad civil por el bienestar de nuestro pa\u00eds.<\/p>\n\n\n\n<p class=\"wp-block-paragraph\">La encuesta va dirigida a las instancias de mujeres federativas representantes del INDESOL en las delegaciones, las coordinadoras y coordinadores, as\u00ed como facilitadoras\/es de Centros de Capacitaci\u00f3n y encuentro en los Estados.<\/p>\n\n\n\n<p class=\"wp-block-paragraph\">As\u00ed como a integrantes de organizaciones de la sociedad civil, centros de investigaci\u00f3n y p\u00fablico en general.&nbsp;&nbsp;<\/p>\n\n\n\n<p class=\"wp-block-paragraph\">SEM\/em\/gr<\/p>\n","protected":false},"excerpt":{"rendered":"<p>Redacci\u00f3n SemM\u00e9xico. Cd. de M\u00e9xico. 11 de marzo de 2019.- Para conocer la situaci\u00f3n de violencia contra las mujeres, ni\u00f1as y ni\u00f1os con fecha 8 de marzo comenz\u00f3 a circular entre las instancias de las mujeres en las entidades federativas y organizaciones de la sociedad civil y p\u00fablico en general una encuesta enviada por la [&hellip;]<\/p>\n","protected":false},"author":3,"featured_media":6874,"comment_status":"open","ping_status":"open","sticky":false,"template":"","format":"standard","meta":{"_monsterinsights_skip_tracking":false,"footnotes":""},"categories":[690,51],"tags":[],"class_list":["post-6873","post","type-post","status-publish","format-standard","has-post-thumbnail","category-690","category-ejecutivo"],"_links":{"self":[{"href":"https:\/\/redsemlac.com\/semmexico\/wp-json\/wp\/v2\/posts\/6873","targetHints":{"allow":["GET"]}}],"collection":[{"href":"https:\/\/redsemlac.com\/semmexico\/wp-json\/wp\/v2\/posts"}],"about":[{"href":"https:\/\/redsemlac.com\/semmexico\/wp-json\/wp\/v2\/types\/post"}],"author":[{"embeddable":true,"href":"https:\/\/redsemlac.com\/semmexico\/wp-json\/wp\/v2\/users\/3"}],"replies":[{"embeddable":true,"href":"https:\/\/redsemlac.com\/semmexico\/wp-json\/wp\/v2\/comments?post=6873"}],"version-history":[{"count":0,"href":"https:\/\/redsemlac.com\/semmexico\/wp-json\/wp\/v2\/posts\/6873\/revisions"}],"wp:featuredmedia":[{"embeddable":true,"href":"https:\/\/redsemlac.com\/semmexico\/wp-json\/wp\/v2\/media\/6874"}],"wp:attachment":[{"href":"https:\/\/redsemlac.com\/semmexico\/wp-json\/wp\/v2\/media?parent=6873"}],"wp:term":[{"taxonomy":"category","embeddable":true,"href":"https:\/\/redsemlac.com\/semmexico\/wp-json\/wp\/v2\/categories?post=6873"},{"taxonomy":"post_tag","embeddable":true,"href":"https:\/\/redsemlac.com\/semmexico\/wp-json\/wp\/v2\/tags?post=6873"}],"curies":[{"name":"wp","href":"https:\/\/api.w.org\/{rel}","templated":true}]}}