{"id":68654,"date":"2023-07-08T13:54:15","date_gmt":"2023-07-08T18:54:15","guid":{"rendered":"https:\/\/redsemlac.com\/semmexico\/?p=68654"},"modified":"2023-07-09T15:51:46","modified_gmt":"2023-07-09T20:51:46","slug":"crisis-mundial-de-agua-y-saneamiento-dana-mas-a-mujeres-y-ninas-onu","status":"publish","type":"post","link":"https:\/\/redsemlac.com\/semmexico\/crisis-mundial-de-agua-y-saneamiento-dana-mas-a-mujeres-y-ninas-onu\/","title":{"rendered":"Crisis mundial de agua y saneamiento da\u00f1a m\u00e1s a mujeres y ni\u00f1as, ONU"},"content":{"rendered":"\n<p class=\"wp-block-paragraph\"><strong>Nuevo informe del UNICEF y la OMS<\/strong><strong><\/strong><\/p>\n\n\n\n<p class=\"wp-block-paragraph\">Redacci\u00f3n<\/p>\n\n\n\n<p class=\"wp-block-paragraph\">SemM\u00e9xico, Naciones Unidas, 8 de julio, 2023.-. Aproximadamente dos mil 200 millones de personas carecen de agua potable en el hogar, lo que afecta en mayor medida a las integrantes femeninas del n\u00facleo familiar, seg\u00fan un informe divulgado ayer.<\/p>\n\n\n\n<p class=\"wp-block-paragraph\">El an\u00e1lisis, realizado por el Fondo de las Naciones Unidas para la Infancia (Unicef) y la Organizaci\u00f3n Mundial de la Salud (OMS), revela que las mujeres y las ni\u00f1as son las m\u00e1s perjudicadas por la crisis asociados a estos temas. Seg\u00fan el texto, en ellas recae la recolecci\u00f3n del l\u00edquido vital en siete de cada 10 casas que se ven privadas del suministro.<\/p>\n\n\n\n<p class=\"wp-block-paragraph\">Ellas, abund\u00f3 la investigaci\u00f3n, suelen hacer viajes m\u00e1s largos para ir a buscar agua, lo que hace que pierdan educaci\u00f3n, trabajo y tiempo libre, y tambi\u00e9n se enfrentan al riesgo de sufrir lesiones f\u00edsicas y peligros en el camino.<\/p>\n\n\n\n<p class=\"wp-block-paragraph\">Cecilia Sharp, miembro de Unicef, consider\u00f3 que la crisis en el acceso al agua compromete el bienestar de las menores y perpet\u00faa los ciclos de pobreza.<\/p>\n\n\n\n<p class=\"wp-block-paragraph\">En la mayor\u00eda de los hogares carentes del suministro del l\u00edquido, siete de cada 10, las mujeres y las ni\u00f1as mayores de 15 a\u00f1os son las principales responsables de ir a buscar agua, en comparaci\u00f3n con los varones.<\/p>\n\n\n\n<figure class=\"wp-block-image size-full\"><a href=\"https:\/\/redsemlac.com\/semmexico\/wp-content\/uploads\/2023\/07\/oms-agua-mujeres-02.jpg\"><img loading=\"lazy\" decoding=\"async\" width=\"678\" height=\"381\" src=\"https:\/\/redsemlac.com\/semmexico\/wp-content\/uploads\/2023\/07\/oms-agua-mujeres-02.jpg\" alt=\"\" class=\"wp-image-68655\"\/><\/a><\/figure>\n\n\n\n<p class=\"wp-block-paragraph\">Ellas tambi\u00e9n tienen m\u00e1s probabilidades de sentirse inseguras al usar un ba\u00f1o fuera de su residencia, y sufren de manera desproporcionada el impacto de la falta de higiene.<\/p>\n\n\n\n<p class=\"wp-block-paragraph\">M\u00e1s de 500 millones de personas en todo el mundo a\u00fan comparten instalaciones sanitarias con otras casas, lo que compromete la privacidad, la dignidad y la seguridad.<\/p>\n\n\n\n<p class=\"wp-block-paragraph\">Las mujeres y las ni\u00f1as no solo se arriesgan a contraer enfermedades infecciosas, sino que tambi\u00e9n se enfrentan a riesgos de salud adicionales porque son vulnerables al acoso, la violencia y las lesiones, refiri\u00f3 la doctora Mar\u00eda Neira, directora del Departamento de Medio Ambiente, Cambio Clim\u00e1tico y Salud de la OMS.<\/p>\n\n\n\n<p class=\"wp-block-paragraph\">La experta inform\u00f3 asimismo que un mill\u00f3n 400 mil personas mueren cada a\u00f1o debido a condiciones higi\u00e9nicas inadecuadas.<\/p>\n\n\n\n<p class=\"wp-block-paragraph\">El informe alert\u00f3 adem\u00e1s que unos tres mil 400 millones no tienen acceso a un saneamiento seguro y alrededor de dos mil millones de personas no pueden lavarse las manos con agua y jab\u00f3n en casa.<\/p>\n\n\n\n<p class=\"wp-block-paragraph\">Accede al informe y los datos&nbsp;<a href=\"https:\/\/data.unicef.org\/resources\/jmp-report-2023\/\">aqu\u00ed<\/a>.<\/p>\n","protected":false},"excerpt":{"rendered":"<p>Aproximadamente dos mil 200 millones de personas carecen de agua potable en el hogar, lo que afecta en mayor medida a las integrantes femeninas del n\u00facleo familiar, seg\u00fan un informe divulgado ayer.<\/p>\n","protected":false},"author":3,"featured_media":68656,"comment_status":"open","ping_status":"open","sticky":false,"template":"","format":"standard","meta":{"_monsterinsights_skip_tracking":false,"footnotes":""},"categories":[53],"tags":[],"class_list":["post-68654","post","type-post","status-publish","format-standard","has-post-thumbnail","category-internacional"],"_links":{"self":[{"href":"https:\/\/redsemlac.com\/semmexico\/wp-json\/wp\/v2\/posts\/68654","targetHints":{"allow":["GET"]}}],"collection":[{"href":"https:\/\/redsemlac.com\/semmexico\/wp-json\/wp\/v2\/posts"}],"about":[{"href":"https:\/\/redsemlac.com\/semmexico\/wp-json\/wp\/v2\/types\/post"}],"author":[{"embeddable":true,"href":"https:\/\/redsemlac.com\/semmexico\/wp-json\/wp\/v2\/users\/3"}],"replies":[{"embeddable":true,"href":"https:\/\/redsemlac.com\/semmexico\/wp-json\/wp\/v2\/comments?post=68654"}],"version-history":[{"count":0,"href":"https:\/\/redsemlac.com\/semmexico\/wp-json\/wp\/v2\/posts\/68654\/revisions"}],"wp:featuredmedia":[{"embeddable":true,"href":"https:\/\/redsemlac.com\/semmexico\/wp-json\/wp\/v2\/media\/68656"}],"wp:attachment":[{"href":"https:\/\/redsemlac.com\/semmexico\/wp-json\/wp\/v2\/media?parent=68654"}],"wp:term":[{"taxonomy":"category","embeddable":true,"href":"https:\/\/redsemlac.com\/semmexico\/wp-json\/wp\/v2\/categories?post=68654"},{"taxonomy":"post_tag","embeddable":true,"href":"https:\/\/redsemlac.com\/semmexico\/wp-json\/wp\/v2\/tags?post=68654"}],"curies":[{"name":"wp","href":"https:\/\/api.w.org\/{rel}","templated":true}]}}