{"id":6853,"date":"2019-01-31T16:50:19","date_gmt":"2019-01-31T16:50:19","guid":{"rendered":"https:\/\/redsemlac.com\/semmexico\/?p=6853"},"modified":"2023-07-21T14:46:12","modified_gmt":"2023-07-21T19:46:12","slug":"entresemana-10","status":"publish","type":"post","link":"https:\/\/redsemlac.com\/semmexico\/entresemana-10\/","title":{"rendered":"Entresemana"},"content":{"rendered":"\n<p class=\"wp-block-paragraph\">No se enoje, Presidente.<\/p>\n\n\n\n<p class=\"wp-block-paragraph\"> Nueva pol\u00e9mica.<\/p>\n\n\n\n<p class=\"wp-block-paragraph\"><a href=\"https:\/\/semmexico.com\/gallery-post.php?id=7012#\">Mois\u00e9s S\u00e1nchez<\/a><\/p>\n\n\n\n<p class=\"wp-block-paragraph\">SemM\u00e9xico, 31 enero 2019.- La calificadora Fitch Ratings cometi\u00f3 el pecado, sacrilegio pol\u00edtico en M\u00e9xico, de meterse con la versi\u00f3n presidencial de que todo lo que hace lo hace bien y si no lo vuelve a hacer, incluso por encima de la ley porque, aduce el licenciado Andr\u00e9s Manuel L\u00f3pez Obrador, es honesto y sin cargos de conciencia, en tal nivel que se pas\u00f3 por el arco del triunfo una millonaria adquisici\u00f3n en d\u00f3lares que deb\u00eda haber sido licitada con los carros tanque para transportar combustible.<\/p>\n\n\n\n<p class=\"wp-block-paragraph\">Y es que, hace dos d\u00edas, Fitch Ratings baj\u00f3 dos escalones la calificaci\u00f3n crediticia de&nbsp;Petr\u00f3leos Mexicanos, es decir, a &#8216;BBB-&#8216; desde &#8216;BBB+&#8217;, y mantuvo la perspectiva en negativa, que implica una posible nueva baja de la nota.<\/p>\n\n\n\n<p class=\"wp-block-paragraph\">La rebaja de la nota de Pemex implica una ca\u00edda del escal\u00f3n ocho al 10 en la escala de Fitch&nbsp;qued\u00e1ndose al borde de caer en &#8216;BB&#8217;, ubic\u00e1ndola en grado especulativo. El diario El Financiero public\u00f3 esa determinaci\u00f3n de la calificadora, que carece de fundamentos pol\u00edticos y no obedece a filias ni fobias, simple y llanamente es una medici\u00f3n de especialistas que no abrigan un futuro halag\u00fce\u00f1o de la llamada empresa productiva mexicana, por m\u00e1s que se haya anunciado que le cambiar\u00e1n hasta la forma de andar.<\/p>\n\n\n\n<p class=\"wp-block-paragraph\">Sin duda doli\u00f3 a los inexpertos nuevos due\u00f1os del gobierno en M\u00e9xico, el que Fitch Ratings haya dado pauta a la consideraci\u00f3n de que la baja en las calificaciones de Pemex refleja el deterioro continuo del perfil crediticio individual de la empresa.<\/p>\n\n\n\n<p class=\"wp-block-paragraph\">Hoy, la calificadora se sum\u00f3 a esa especial jaur\u00eda de perros del mal en que el presidente Andr\u00e9s Manuel L\u00f3pez Obrador convierte a sus cr\u00edticos, a quienes incluso con propuesta suelen cuestionarle decisiones como la cancelaci\u00f3n del Nuevo Aeropuerto Internacional de M\u00e9xico y su pueril propuesta de construir dos pistas en la base militar de Santa Luc\u00eda.<\/p>\n\n\n\n<p class=\"wp-block-paragraph\">A los reporteros que le hacen preguntas inc\u00f3modas los pasa al segundo plano y se niega a darles una nueva oportunidad de cuestionarle. A sus cr\u00edticos los descalifica soberana y peyorativamente con adjetivos de bote pronto. El voluntarismo presidencial se barniza, pues, con gracejadas y desplantes que nadie en su c\u00edrculo dom\u00e9stico se atreve a cuestionarle, al contrario, le aplauden el linchamiento verbal, como ocurri\u00f3 con este tema que, reitero, nada tiene de pol\u00edtico o de manufactura a modo contra el naciente gobierno que ha demostrado sobrada inexperiencia.<\/p>\n\n\n\n<p class=\"wp-block-paragraph\">As\u00ed, Fitch Ratings amaneci\u00f3 el \u00faltimo mi\u00e9rcoles de enero como uno m\u00e1s de estos perros del mal, pero de corte fif\u00ed. Perro del mal porque, conforme con ese calificativo se imaginar\u00eda como mal presagio de lo que ocurre con Pemex en su nivel de enfermo terminal a menos que haya un milagro, como sin duda lo habr\u00e1 con \u201challazgos\u201d de ricos yacimientos en aguas someras o en tierra adentro. \u00a1Faltaba m\u00e1s!<\/p>\n\n\n\n<p class=\"wp-block-paragraph\">Y provoc\u00f3 la ira presidencial. Veamos.<\/p>\n\n\n\n<p class=\"wp-block-paragraph\">Sin asomarse siquiera al caso de insultante corrupci\u00f3n del dirigente del sindicato petrolero, Carlos Romero Deschamps, ni atender con enjundia el reto de la Coordinadora Nacional de Trabajadores de la Educaci\u00f3n que, en Michoac\u00e1n tiene estranguladas a las v\u00edas ferroviarias que implica, \u00e9stas s\u00ed, perjuicios millonarios al aparato productivo y ahuyentan, junto con la especial ausencia de atenci\u00f3n a las huelgas en Tamaulipas, a la inversi\u00f3n privada, Andr\u00e9s Manuel L\u00f3pez Obrador respondi\u00f3 algo m\u00e1s que molesto a la evaluaci\u00f3n de la calificadora. A saber.<\/p>\n\n\n\n<p class=\"wp-block-paragraph\">\u201cPemex est\u00e1 mejor que en los \u00faltimos 30 a\u00f1os, porque el principal problema de Pemex era la corrupci\u00f3n y ya se est\u00e1 limpiando. Es muy hip\u00f3crita lo que hacen estos organismos (refiri\u00e9ndose a Fitch Ratings) que permitieron el saqueo, que avalaron la llamada Reforma Energ\u00e9tica, que sab\u00edan de que no lleg\u00f3 la inversi\u00f3n extranjera y que no se increment\u00f3 la inversi\u00f3n en Pemex y eso fue lo que produjo la ca\u00edda en la producci\u00f3n petrolera y nunca dijeron nada, guardaron silencio c\u00f3mplice y ahora que estamos recuperando a Pemex salen con sus recomendaciones o tratando de calificar sobre el desempe\u00f1o de Pemex\u201d, dijo en la conferencia ma\u00f1anera.<\/p>\n\n\n\n<p class=\"wp-block-paragraph\">Hip\u00f3critas, \u00bfhip\u00f3critas las calificadoras? Este es un asunto de finanzas, de proyecciones econ\u00f3micas a partir de an\u00e1lisis de mercado y comportamiento en la producci\u00f3n, de subsidios y todos estos etc\u00e9teras que impactan en la industria de cualquier pa\u00eds y que obedece a la globalidad econ\u00f3mica, por supuesto sustentada en el comportamiento de las pol\u00edticas p\u00fablicas y las decisiones pol\u00edticas.<\/p>\n\n\n\n<p class=\"wp-block-paragraph\">\u00bfHay corrupci\u00f3n?, sin duda; es un asunto insultante como insultantes las fortunas hechas por gobernantes y pol\u00edticos en las ligas mayores y en las menores, en estancos de poder p\u00fablico y el tr\u00e1fico de influencias, la venta de favores y el cobro de facturas. Nada nuevo, todo elemental y harto conocido mas tambi\u00e9n encubierto bajo el manto de la impunidad que hoy tiende Andr\u00e9s Manuel L\u00f3pez Obrador y le tiembla la mano para aplicar la ley, esa oferta de campa\u00f1a que es evidencia de la demagogia de siempre.<\/p>\n\n\n\n<p class=\"wp-block-paragraph\">\u00bfPor qu\u00e9 se enoja el Presidente? Porque una calificadora le dice una enorme verdad. Antes que descalificarla debiera atender los puntos finos de ese fundamento que avista la debacle en Pemex por m\u00e1s que se tejan soluciones m\u00e1gicas cuando no se atienden, primero, las soluciones antes de generarse los problemas como ocurri\u00f3 con esta patada que L\u00f3pez Obrador le dio al avispero del huachicol.<\/p>\n\n\n\n<p class=\"wp-block-paragraph\">Debiera atender propuestas, como esa que le hizo el dirigente nacional del PAN, Marko Cort\u00e9s Mendoza, de construir conjuntamente un adecuado plan de negocios para sanear las finanzas de la empresa.&nbsp;Incluso el cambio de Director General de Pemex por un experto en la materia y que haya un plan fiscal para sanear las finanzas de la empresa, am\u00e9n de suspender el proyecto de la refiner\u00eda en Dos Bocas, mientras no haya una evaluaci\u00f3n t\u00e9cnica por parte de expertos nacionales e internacionales,<\/p>\n\n\n\n<p class=\"wp-block-paragraph\">Porque esas declaraciones de sus amigos como la secretaria de Energ\u00eda, Roc\u00edo Nahle Garc\u00eda, y el coordinador de los diputados de Morena, Mario Delgado Carrillo, de sumarse al linchamiento de la calificadora Fitch Ratings porque, aducen, desconf\u00edan de sus apreciaciones al bajar la calificaci\u00f3n crediticia de Pemex, solo abonan a la estridencia y restan valor a una realidad que no se oculta con mentadas de madre.<\/p>\n\n\n\n<p class=\"wp-block-paragraph\">Y, por supuesto, se curan en salud. \u201cNo confiamos \u2013dijo Nahle&#8211; y yo creo que hay economistas que le van a seguir el hilo a esta calificaci\u00f3n y no van a coincidir. No entiendo porque hace unos meses no cambiaron la calificaci\u00f3n y ahora que se le est\u00e1 dando inversi\u00f3n, que hay proyectos que se le va a flexibilizar su r\u00e9gimen y cuando la mezcla mexicana del petr\u00f3leo est\u00e1 por arriba del West Texas\u201d.<\/p>\n\n\n\n<p class=\"wp-block-paragraph\">Y el coordinador de los diputados federales de Morena, Mario Delgado, convertido en tod\u00f3logo,&nbsp;llam\u00f3 a las calificadoras internacionales a hacer un esfuerzo por cambiar la metodolog\u00eda de la evaluaci\u00f3n con la que emiten sus opiniones porque, argument\u00f3, hay muchas cosas que est\u00e1n cambiando en torno a la empresa productiva del Estado.<\/p>\n\n\n\n<p class=\"wp-block-paragraph\">Meta orden en su equipo y no se enoje, Presidente. \u00bfLe har\u00e1n caso los profes de la CNTE? \u00bfNahle y Delgado le garantizan mejores tiempos en Pemex? \u00bfY Romero Deschamps? No se enoje, Presidente; el que se enoja pierde. Conste.<\/p>\n\n\n\n<p class=\"wp-block-paragraph\"><strong>Jueves.<\/strong>&nbsp;\u201cEra enorme su fuerza moral y su f\u00edsico siempre vertical e inquebrantable, como ese gran \u00e1rbol, hasta que anoche sus ra\u00edces no pudieron sostenerlo m\u00e1s. Mi Beni, mi maravilloso padre, despu\u00e9s de resistir los vientos m\u00e1s severos de la vida, se ha ido (\u2026)\u201d, escribi\u00f3 en su espacio en redes el colega Horacio Morales Luna, director de Comunicaci\u00f3n Social del Congreso mexiquense. Un pensamiento en memoria de su se\u00f1or padre, don Benito Morales, quien falleci\u00f3 el domingo \u00faltimo. Horacio, un abrazo solidario.<\/p>\n\n\n\n<p class=\"wp-block-paragraph\"><a href=\"mailto:sanchezlimon@gmail.com\" target=\"_blank\" rel=\"noreferrer noopener\">sanchezlimon@gmail.com<\/a><\/p>\n\n\n\n<p class=\"wp-block-paragraph\"><a href=\"http:\/\/www.entrsemana.mx\/\" target=\"_blank\" rel=\"noreferrer noopener\">www.entrsemana.mx<\/a><\/p>\n\n\n\n<p class=\"wp-block-paragraph\">@msanchezlimon&nbsp;<\/p>\n","protected":false},"excerpt":{"rendered":"<p>No se enoje, Presidente. Nueva pol\u00e9mica. Mois\u00e9s S\u00e1nchez SemM\u00e9xico, 31 enero 2019.- La calificadora Fitch Ratings cometi\u00f3 el pecado, sacrilegio pol\u00edtico en M\u00e9xico, de meterse con la versi\u00f3n presidencial de que todo lo que hace lo hace bien y si no lo vuelve a hacer, incluso por encima de la ley porque, aduce el licenciado [&hellip;]<\/p>\n","protected":false},"author":3,"featured_media":6811,"comment_status":"open","ping_status":"open","sticky":false,"template":"","format":"standard","meta":{"_monsterinsights_skip_tracking":false,"footnotes":""},"categories":[690,83],"tags":[],"class_list":["post-6853","post","type-post","status-publish","format-standard","has-post-thumbnail","category-690","category-moises-sanchez-limon"],"_links":{"self":[{"href":"https:\/\/redsemlac.com\/semmexico\/wp-json\/wp\/v2\/posts\/6853","targetHints":{"allow":["GET"]}}],"collection":[{"href":"https:\/\/redsemlac.com\/semmexico\/wp-json\/wp\/v2\/posts"}],"about":[{"href":"https:\/\/redsemlac.com\/semmexico\/wp-json\/wp\/v2\/types\/post"}],"author":[{"embeddable":true,"href":"https:\/\/redsemlac.com\/semmexico\/wp-json\/wp\/v2\/users\/3"}],"replies":[{"embeddable":true,"href":"https:\/\/redsemlac.com\/semmexico\/wp-json\/wp\/v2\/comments?post=6853"}],"version-history":[{"count":0,"href":"https:\/\/redsemlac.com\/semmexico\/wp-json\/wp\/v2\/posts\/6853\/revisions"}],"wp:featuredmedia":[{"embeddable":true,"href":"https:\/\/redsemlac.com\/semmexico\/wp-json\/wp\/v2\/media\/6811"}],"wp:attachment":[{"href":"https:\/\/redsemlac.com\/semmexico\/wp-json\/wp\/v2\/media?parent=6853"}],"wp:term":[{"taxonomy":"category","embeddable":true,"href":"https:\/\/redsemlac.com\/semmexico\/wp-json\/wp\/v2\/categories?post=6853"},{"taxonomy":"post_tag","embeddable":true,"href":"https:\/\/redsemlac.com\/semmexico\/wp-json\/wp\/v2\/tags?post=6853"}],"curies":[{"name":"wp","href":"https:\/\/api.w.org\/{rel}","templated":true}]}}