{"id":68480,"date":"2023-07-03T10:45:57","date_gmt":"2023-07-03T15:45:57","guid":{"rendered":"https:\/\/redsemlac.com\/semmexico\/?p=68480"},"modified":"2023-07-03T10:45:57","modified_gmt":"2023-07-03T15:45:57","slug":"reducen-magistrados-sentencia-a-feminicida-de-sandra-karina-garcia-aleman-en-edomex","status":"publish","type":"post","link":"https:\/\/redsemlac.com\/semmexico\/reducen-magistrados-sentencia-a-feminicida-de-sandra-karina-garcia-aleman-en-edomex\/","title":{"rendered":"Reducen magistrados sentencia a feminicida de Sandra Karina Garc\u00eda Alem\u00e1n en EDOMEX"},"content":{"rendered":"\n<ul class=\"wp-block-list\">\n<li><strong>Los ojos de nuestras hijas juzgan las resoluciones de los Tribunales<\/strong><\/li>\n\n\n\n<li><strong>Denuncian al menos cinco reducciones de sentencias y reposiciones de juicios en casos de feminicidio por Tribunales de alzada en el Estado de M\u00e9xico<\/strong><\/li>\n<\/ul>\n\n\n\n<p class=\"wp-block-paragraph\"><strong>Redacci\u00f3n<\/strong><\/p>\n\n\n\n<p class=\"wp-block-paragraph\">SemM\u00e9xico\/La Costilla Rota, Ciudad de M\u00e9xico, 3 de julio, 2023.-&nbsp;A las 11 horas del 27 de junio, madres y hermanas de v\u00edctimas de feminicidio comenzaron a colocar 300 ojos de cart\u00f3n de diversos tama\u00f1os en representaci\u00f3n de los ojos de sus hijas y de las v\u00edctimas indirectas de feminicidio quienes juzgan y se mantienen vigilantes a las resoluciones de los Tribunales de Alzada, responsables de dar respuesta a las apelaciones.<\/p>\n\n\n\n<p class=\"wp-block-paragraph\">&nbsp;Asimismo, colocaron siluetas inspiradas en la Glorieta de las Mujeres que Luchan con nombres de v\u00edctimas de feminicidio, desaparici\u00f3n, violencia sexual y criminalizaci\u00f3n; figuras de madera que las han acompa\u00f1ado a lo largo de su lucha por el acceso a la justicia. La consigna era: \u00ablos ojos de nuestras hijas juzgan las resoluciones de los Tribunales\u00bb.<\/p>\n\n\n\n<p class=\"wp-block-paragraph\">Este acto tuvo lugar tras m\u00faltiples reducciones de sentencias y reposiciones de juicios en materia de violencia contra las mujeres determinadas por Magistrados de los Tribunales de Alzada, entre ellos, el de Fernanda S\u00e1nchez Velarde, asesinada el cuatro de enero de 2014 por Led Clemente Sandoval, su entonces pareja. El Juez Edson Apolo Dionisio Santos resolvi\u00f3 una sentencia de 69 a\u00f1os y tres meses de prisi\u00f3n, sin embargo, los Magistrados encargados de evaluar su apelaci\u00f3n, redujeron la sentencia del feminicida a 43 a\u00f1os y 9 de meses.<\/p>\n\n\n\n<p class=\"wp-block-paragraph\">Al mismo tiempo, eliminaron la calidad de v\u00edctimas indirectas del delito a Magdalena Velarde y Roberto S\u00e1nchez, madre y padre de Fernanda.<\/p>\n\n\n\n<p class=\"wp-block-paragraph\">Otro caso \u2013\u00e9ste relacionado a violencia sexual\u2013 es el de Giovana Trejo Cruz. Carlos \u00abN\u00bb, su expareja, fue declarado culpable de violaci\u00f3n y sentenciado a 11 a\u00f1os de prisi\u00f3n. Sin embargo, los Magistrados determinaron la reposici\u00f3n del juicio en una audiencia virtual a la que Giovana no tuvo acceso. Actualmente, se encuentra en la fase final de audiencias y teme que Carlos quede libre, pues la Jueza Laura Rivera Elizalde ha mostrado parcialidad hacia la defensa del imputado, quien es exmagistrado.<\/p>\n\n\n\n<p class=\"wp-block-paragraph\">A esa lista se suma el caso de Sandra Karina Garc\u00eda Alem\u00e1n, v\u00edctima de feminicidio el 18 de mayo de 2020 a manos de Luis Iv\u00e1n Rodr\u00edguez Figueroa. El 10 de marzo de este a\u00f1o, el Juez de primera instancia de apellidos M\u00e9ndez Contreras determin\u00f3 una sentencia vitalicia (por el tiempo que dure su vida), sin embargo, esta semana, los Magistrados del Tribunal de Alzada determinaron la reducci\u00f3n de sentencia al sujeto, la cual qued\u00f3 en 55 a\u00f1os de prisi\u00f3n. Luis Iv\u00e1n podr\u00eda salir de prisi\u00f3n, aproximadamente, a los 70 a\u00f1os.<\/p>\n\n\n\n<p class=\"wp-block-paragraph\">Asimismo, indicaron, durante la audiencia, que sus nombres no pod\u00edan ser difundidos, factor por el cual no se encuentran en este comunicado. Esta resoluci\u00f3n fue enviada v\u00eda electr\u00f3nica, posterior al acto simb\u00f3lico llevado a cabo el martes 27 de junio encabezado por la se\u00f1ora Antonia, as\u00ed como por Irinea Buend\u00eda; madre de Mariana Lima Buend\u00eda, asesinada el 28 de junio del 2010 en Chimalhuac\u00e1n y Gloria Reyes; madre de Salma Andrea Correa Reyes, asesinada el 30 de marzo de 2019 en Chalco, quienes tambi\u00e9n esperan resoluciones por parte de los Tribunales de Alzada, pues todos los feminicidas presentaron apelaci\u00f3n.<\/p>\n\n\n\n<p class=\"wp-block-paragraph\">El acto de protesta se llev\u00f3 a cabo en el marco de la primera audiencia en segunda instancia para resolver la apelaci\u00f3n de Julio C\u00e9sar Hern\u00e1ndez Ballinas, asesino de Mariana Lima Buend\u00eda, misma que no se llev\u00f3 a cabo, pues la defensa del sujeto no se present\u00f3.<\/p>\n\n\n\n<p class=\"wp-block-paragraph\">Asimismo, el grupo de madres eligi\u00f3 este d\u00eda, pues era el \u00faltimo d\u00eda para que los Magistrados responsables del caso de Sandra Karina Garc\u00eda Alem\u00e1n emitieran su resoluci\u00f3n, misma que fue enviada por la noche. A la movilizaci\u00f3n &nbsp;tambi\u00e9n asistieron Magdalena Velarde, quien exigi\u00f3 una resoluci\u00f3n a su favor en su proceso de amparo; Luciana Tel\u00e9sforo, madre de Jalix Rubio Tel\u00e9sforo, v\u00edctima de feminicidio el 26 de marzo de 2020 en Temoaya, cuyo caso a\u00fan se encuentra en etapa de investigaci\u00f3n; Clara Y\u00e1\u00f1ez, madre de Karla Marisol Valencia Y\u00e1\u00f1ez, v\u00edctima de feminicidio 2 de abril de 2016 en la Ciudad de M\u00e9xico, y Karen Reyes, madre de Renata Martinely Reyes, v\u00edctima de feminicidio el 29 de noviembre de 2020 en Ixtapaluca, quien exige la destituci\u00f3n de la Ministerio P\u00fablico a quien present\u00f3, inicialmente, una denuncia que pudo haber evitado el feminicidio de Renata.<\/p>\n\n\n\n<p class=\"wp-block-paragraph\">Aproximadamente a las 13 horas fueron recibidas en el Tribunal Superior de Justicia por la Maestra en Derecho Penal, Mar\u00eda del Socorro Libien Conzuelo, quien se comprometi\u00f3 a dar seguimiento a sus procesos y peticiones.<\/p>\n\n\n\n<p class=\"wp-block-paragraph\">\u00a0A pesar de que las madres esperaron avances en sus procesos, recibieron una reducci\u00f3n de sentencias m\u00e1s a v\u00edctimas de feminicidio. Expresaron su solidaridad a la se\u00f1ora Antonia, as\u00ed como su indignaci\u00f3n ante las resoluciones del Tribunal de Alzada, mismas que consideran un retroceso en el acceso a la justicia, as\u00ed como un agravio a la memoria de sus hijas. Antonia Alem\u00e1n, madre de Sandra Karina Garc\u00eda Alem\u00e1n expres\u00f3 lo siguiente:<\/p>\n\n\n<div class=\"wp-block-image\">\n<figure class=\"alignleft size-full is-resized\"><a href=\"https:\/\/redsemlac.com\/semmexico\/wp-content\/uploads\/2023\/07\/Imagen2.jpg\"><img loading=\"lazy\" decoding=\"async\" src=\"https:\/\/redsemlac.com\/semmexico\/wp-content\/uploads\/2023\/07\/Imagen2.jpg\" alt=\"\" class=\"wp-image-68482\" width=\"153\" height=\"156\"\/><\/a><\/figure>\n<\/div>\n\n\n<p class=\"wp-block-paragraph\">Es muy injusto lo que nos hacen pasar las autoridades, sobre todo el Poder Judicial, porque cuando ya logramos una sentencia justa y ejemplar\u2014 m\u00e1s que nada ejemplar, porque justa jam\u00e1s ser\u00e1\u2014 las echan para atr\u00e1s. Creo que les est\u00e1n mandando un mensaje a los feminicidas de que pueden seguir asesinando mujeres y no pasa nada. Son c\u00f3mplices de los feminicidas.<\/p>\n\n\n<div class=\"wp-block-image\">\n<figure class=\"alignleft size-full\"><a href=\"https:\/\/redsemlac.com\/semmexico\/wp-content\/uploads\/2023\/07\/Imagen3-1.jpg\"><img loading=\"lazy\" decoding=\"async\" width=\"154\" height=\"158\" src=\"https:\/\/redsemlac.com\/semmexico\/wp-content\/uploads\/2023\/07\/Imagen3-1.jpg\" alt=\"\" class=\"wp-image-68485\"\/><\/a><\/figure>\n<\/div>\n\n\n<p class=\"wp-block-paragraph\">Ximena Ugarte, asesora jur\u00eddica de las v\u00edctimas, abogada del Instituto Mexicano de Derechos Humanos y Democracia (IMDHD) y fundadora de SIWA \u2013 Artesanas de Paz y Justicia reiter\u00f3 la importancia de las sentencias para las familias: Si bien entendemos que cada instancia del Poder judicial tiene autonom\u00eda e Independencia de decisi\u00f3n, nos sorprende las abismales contradicciones que existen entre jueces de primera instancia y magistrados de segunda instancia. Los par\u00e1metros para la individualizaci\u00f3n no son arbitrarios, est\u00e1n previstos en la ley, por tanto, resulta totalmente incongruente que reduzcan desde 30 a 50 a\u00f1os de sentencias, m\u00e1xime trat\u00e1ndose de una grave violaci\u00f3n de derechos humanos, como lo es el feminicidio.<\/p>\n\n\n\n<p class=\"wp-block-paragraph\">Activistas feministas, acompa\u00f1antes de las familias que atestiguan las dificultades de conseguir una sentencia condenatoria, tambi\u00e9n han expresado su inconformidad ante el hecho, tal es el caso de Akar, fotoperiodista de Visibilidad Morada.<\/p>\n\n\n<div class=\"wp-block-image\">\n<figure class=\"alignleft size-full is-resized\"><a href=\"https:\/\/redsemlac.com\/semmexico\/wp-content\/uploads\/2023\/07\/Imagen4.jpg\"><img loading=\"lazy\" decoding=\"async\" src=\"https:\/\/redsemlac.com\/semmexico\/wp-content\/uploads\/2023\/07\/Imagen4.jpg\" alt=\"\" class=\"wp-image-68484\" width=\"142\" height=\"143\"\/><\/a><\/figure>\n<\/div>\n\n\n<p class=\"wp-block-paragraph\">No hay palabra existente que describa el dolor de perder una hija, menos por un feminicidio. Son revictimizantes los procesos jur\u00eddicos por s\u00ed solos para las familias y la reducci\u00f3n de condena es un retroceso que les dice que todo el camino, el dolor y las l\u00e1grimas no han valido la pena. Que sus hijas no obtuvieron ni un pedacito de justicia, que no tienen segundas oportunidades, pero sus feminicidas s\u00ed.<\/p>\n","protected":false},"excerpt":{"rendered":"<p>Los ojos de nuestras hijas juzgan las resoluciones de los Tribunales<\/p>\n","protected":false},"author":3,"featured_media":68481,"comment_status":"open","ping_status":"open","sticky":false,"template":"","format":"standard","meta":{"_monsterinsights_skip_tracking":false,"footnotes":""},"categories":[47,48],"tags":[149],"class_list":["post-68480","post","type-post","status-publish","format-standard","has-post-thumbnail","category-no-mas-impunidad","category-no-mas-impunidad-no-mas-impunidad","tag-mujeres"],"_links":{"self":[{"href":"https:\/\/redsemlac.com\/semmexico\/wp-json\/wp\/v2\/posts\/68480","targetHints":{"allow":["GET"]}}],"collection":[{"href":"https:\/\/redsemlac.com\/semmexico\/wp-json\/wp\/v2\/posts"}],"about":[{"href":"https:\/\/redsemlac.com\/semmexico\/wp-json\/wp\/v2\/types\/post"}],"author":[{"embeddable":true,"href":"https:\/\/redsemlac.com\/semmexico\/wp-json\/wp\/v2\/users\/3"}],"replies":[{"embeddable":true,"href":"https:\/\/redsemlac.com\/semmexico\/wp-json\/wp\/v2\/comments?post=68480"}],"version-history":[{"count":0,"href":"https:\/\/redsemlac.com\/semmexico\/wp-json\/wp\/v2\/posts\/68480\/revisions"}],"wp:featuredmedia":[{"embeddable":true,"href":"https:\/\/redsemlac.com\/semmexico\/wp-json\/wp\/v2\/media\/68481"}],"wp:attachment":[{"href":"https:\/\/redsemlac.com\/semmexico\/wp-json\/wp\/v2\/media?parent=68480"}],"wp:term":[{"taxonomy":"category","embeddable":true,"href":"https:\/\/redsemlac.com\/semmexico\/wp-json\/wp\/v2\/categories?post=68480"},{"taxonomy":"post_tag","embeddable":true,"href":"https:\/\/redsemlac.com\/semmexico\/wp-json\/wp\/v2\/tags?post=68480"}],"curies":[{"name":"wp","href":"https:\/\/api.w.org\/{rel}","templated":true}]}}