{"id":6830,"date":"2019-04-09T16:38:13","date_gmt":"2019-04-09T16:38:13","guid":{"rendered":"https:\/\/redsemlac.com\/semmexico\/?p=6830"},"modified":"2023-07-21T14:48:13","modified_gmt":"2023-07-21T19:48:13","slug":"entresemana-6","status":"publish","type":"post","link":"https:\/\/redsemlac.com\/semmexico\/entresemana-6\/","title":{"rendered":"Entresemana"},"content":{"rendered":"\n<p class=\"wp-block-paragraph\">Viene la elecci\u00f3n intermedia y no hay que molestar al bolsillo del elector.<\/p>\n\n\n\n<h5 class=\"wp-block-heading\"> Impuestos y elecciones<\/h5>\n\n\n\n<p class=\"wp-block-paragraph\"><a href=\"https:\/\/semmexico.com\/gallery-post.php?id=7848#\">Mois\u00e9s S\u00e1nchez<\/a><\/p>\n\n\n\n<p class=\"wp-block-paragraph\">SemM\u00e9xico. 09 de abril 2019.- El de los impuestos, es un elemento toral de cualquier campa\u00f1a electoral que se precie de seria en esto de la oferta del mundo feliz sin tocar al bolsillo del potencial elector. As\u00ed transit\u00f3 el en\u00e9simo periplo del licenciado Andr\u00e9s Manuel L\u00f3pez Obrador en busca de la Presidencia de la Rep\u00fablica porque, invoc\u00f3, primero los pobres.<\/p>\n\n\n\n<p class=\"wp-block-paragraph\">Y, en efecto, en el paquete del gasto p\u00fablico de este a\u00f1o del que ya transitamos el cuarto mes no se toc\u00f3 el tema de los impuestos; en la Ley de Ingresos no hubo miscel\u00e1nea fiscal, es decir, el Ejecutivo Federal v\u00eda Secretar\u00eda de Hacienda no propuso nuevos impuestos ni aumento en los existentes.<\/p>\n\n\n\n<p class=\"wp-block-paragraph\">Y todos conformes; aunque la estrategia ha sido retraer el gasto so riesgo de incurrir en subejercicio, en la idea de gastar hasta el tercer trimestre y aterrizar los programas sociales antes de entrar a las obras y proyectos, que son las que generan empleo. En fin.<\/p>\n\n\n\n<p class=\"wp-block-paragraph\">Hasta ah\u00ed, de acuerdo con las elementales lecciones de gasto p\u00fablico y pol\u00edtica fiscal para quienes no somos expertos en la materia, tiene sentido el procedimiento de gastar a cuentagotas y atacar las supuestas fugas o excesos presupuestales derivadas de la corrupci\u00f3n, aunque ello implique inequidad y hasta abuso de poder en la praxis de la democracia vertical, es decir, la orden que viene de arriba y punto.<\/p>\n\n\n\n<p class=\"wp-block-paragraph\">As\u00ed ha ocurrido con el ajuste al presupuesto que no fue ejercido durante tres meses en rubros como las estancias infantiles, a las que se generaliz\u00f3 como focos de corrupci\u00f3n y se estigmatiz\u00f3 a madres de familia y responsables de esos servicios como corruptas, precisamente, sin ofrecer un nombre en particular ni ejercer acci\u00f3n penal, como procede en estos asuntos.<\/p>\n\n\n\n<p class=\"wp-block-paragraph\">Pero, bueno, el punto es que no hay impuestos nuevos en este a\u00f1o ni aumento en los vigentes. Bien, dir\u00e1n quienes queman incienso al Tlatoani sin cuestionar acci\u00f3n alguna. Pero\u2026<\/p>\n\n\n\n<p class=\"wp-block-paragraph\">Resulta que los mexicanos estaremos a salvo de impuestos nuevos y aumento de los actuales, aunque solo por tres a\u00f1os.<\/p>\n\n\n\n<p class=\"wp-block-paragraph\">Y va corriendo el primero, porque apenas concluya la elecci\u00f3n intermedia, en el 2021, en la que se presume aplicar\u00eda la consulta popular para determinar si se va o se queda en licenciado L\u00f3pez Obrador en la Presidencia de la Rep\u00fablica y se apoltrona Morena en la C\u00e1mara de Diputados, am\u00e9n de otros congresos locales, vendr\u00e1 la lluvia impositiva e incluso el retorno de la tenencia vehicular.<\/p>\n\n\n\n<p class=\"wp-block-paragraph\">La referencia de este escenario la dio en su momento L\u00f3pez Obrador, aunque no fue sopesada en su dimensi\u00f3n. Lo cierto es que, el doctor Arturo Herrera Guti\u00e9rrez, subsecretario de Hacienda y Cr\u00e9dito P\u00fablico, es el Heraldo que desde la C\u00e1mara de Diputados, responsable de elaborar y reformar leyes en materia econ\u00f3mica, confirm\u00f3 que el para\u00edso sin tributaci\u00f3n nueva ni mayor se acabar\u00e1 dentro de tres a\u00f1os.<\/p>\n\n\n\n<p class=\"wp-block-paragraph\">El subsecretario estuvo ayer lunes en el Palacio Legislativo de San L\u00e1zaro y dict\u00f3 la Conferencia Magistral \u201cNecesidades del gasto: panorama actual de las finanzas p\u00fablicas a nivel federal\u201d, en el II Foro entre Legisladores en Materia Hacendaria: Reforma de las Haciendas P\u00fablicas\u201d.<\/p>\n\n\n\n<p class=\"wp-block-paragraph\">Herrera Guti\u00e9rrez abrev\u00f3 del l\u00f3pezobradorismo cuando se desempe\u00f1\u00f3, en la gesti\u00f3n del licenciado Andr\u00e9s Manuel en la jefatura de Gobierno de la Ciudad de M\u00e9xico, como Director general de Gesti\u00f3n Financiera y luego secretario de Finanzas, incluso en el \u00faltimo a\u00f1o que le toc\u00f3 a Alejandro Encinas como relevo del tabasque\u00f1o. Digamos que sabe qu\u00e9 terreno pisa y el alcance de sus declaraciones.<\/p>\n\n\n\n<p class=\"wp-block-paragraph\">As\u00ed, el subsecretario habl\u00f3 del PIB nacional y de los contrastes que hay de \u00e9ste entre las entidades federativas.<\/p>\n\n\n\n<p class=\"wp-block-paragraph\">\u201cEstas diferencias \u2013dijo&#8211; nos parecen inaceptables y eso requiere que el Estado mexicano en su conjunto y que los estados y los municipios estemos simplemente implementando y dise\u00f1ando pol\u00edticas que vayan a atacar esos problemas.<\/p>\n\n\n\n<p class=\"wp-block-paragraph\">\u201cEso es m\u00e1s f\u00e1cil de decirlo en el discurso, que aplicarlo en la pr\u00e1ctica. En la pr\u00e1ctica esto necesita recursos, necesita mayores niveles de recaudaci\u00f3n y necesita niveles de recaudaci\u00f3n apropiados, no nada m\u00e1s en el gobierno federal, sino a nivel de los estados y a nivel de los municipios\u201d.<\/p>\n\n\n\n<p class=\"wp-block-paragraph\">Record\u00f3 que en M\u00e9xico se recauda 13 por ciento del PIB. \u201cD\u00e9jenme poner esto en contexto. Algunos de los pa\u00edses que tienen servicios que provienen de niveles muy muy importantes, como son los pa\u00edses n\u00f3rdicos y pa\u00edses de Europa continental como Francia, recaudan entre el 40 y tantos por ciento del PIB\u201d, ilustr\u00f3 a los diputados federales e invitados asistentes al foro.<\/p>\n\n\n\n<p class=\"wp-block-paragraph\">Y m\u00e1s adelante abri\u00f3 la estrategia de la administraci\u00f3n L\u00f3pezobradorista. A saber:<\/p>\n\n\n\n<p class=\"wp-block-paragraph\">\u201cQu\u00e9 es lo que estamos pensando hacer del lado del gobierno federal y solamente eso es parte de la tarea, d\u00e9jenme explicar, de manera muy clara, cu\u00e1l es la estrategia que estamos pensado.<\/p>\n\n\n\n<p class=\"wp-block-paragraph\">\u201cCuando un gobierno recauda, esa es la combinaci\u00f3n de dos cosas, cu\u00e1l es la estructura tributaria &#8211; lo que nosotros llamamos la pol\u00edtica tributaria \u2013 y qu\u00e9 tan eficiente es un gobierno en cobrar lo que se tiene autorizado, eso es lo que llamamos la administraci\u00f3n tributaria, lo que el Presidente ha ofrecido es que no va cambiar durante los primeros tres a\u00f1os, y yo siempre recuerdo que es la promesa solamente para los primero tres a\u00f1os de su administraci\u00f3n,&nbsp; y voy a tratar de citar textualmente lo ofrecido, que es no subir&nbsp; las tasas impositivas, lo cual quiere decir que para el tercer a\u00f1o de la administraci\u00f3n, nosotros tenemos que pensar c\u00f3mo vamos a imaginarnos y a tener una estructura tributaria diferente, esa estructura tributaria tendr\u00eda que estar construida bajo dos premisas claras: La primera, tendr\u00edamos que recaudar m\u00e1s, tenemos que pensar c\u00f3mo vamos a armar nuestro tinglado impositivo para que podamos pensar m\u00e1s. Y la segunda, que es muy importante, tiene que ser una estructura tributaria que mejore la equidad y disminuya la desigualdad en nuestro pa\u00eds\u201d.<\/p>\n\n\n\n<p class=\"wp-block-paragraph\">Y, am\u00e9n de comentar qu\u00e9 se piensa hacer para el a\u00f1o 2020, como es \u201cel tema de c\u00f3mo aplicar tasas impositivas y c\u00f3mo recaudar en la econom\u00eda digital\u201d, el doctor Herrera Guti\u00e9rrez dijo que se pulsa aplicar nuevamente la tenencia vehicular. Dio sus argumentos y, elemental, el para\u00edso no pod\u00eda ser por todo el sexenio.<\/p>\n\n\n\n<p class=\"wp-block-paragraph\">Viene la elecci\u00f3n intermedia y no hay que molestar al bolsillo del elector; nada de aplicarle impuestos. Nada. Despu\u00e9s el torrente y hasta el cobro de los programas y servicios que vienen por cable desde el extranjero. Nada nuevo bajo el sol; m\u00e1s de lo mismo. Conste.<\/p>\n\n\n\n<p class=\"wp-block-paragraph\">sanchezlimon@gmail.com<\/p>\n\n\n\n<p class=\"wp-block-paragraph\">www.entresemana.mx<\/p>\n\n\n\n<p class=\"wp-block-paragraph\">@msanchezlimon<\/p>\n","protected":false},"excerpt":{"rendered":"<p>Viene la elecci\u00f3n intermedia y no hay que molestar al bolsillo del elector. Impuestos y elecciones Mois\u00e9s S\u00e1nchez SemM\u00e9xico. 09 de abril 2019.- El de los impuestos, es un elemento toral de cualquier campa\u00f1a electoral que se precie de seria en esto de la oferta del mundo feliz sin tocar al bolsillo del potencial elector. [&hellip;]<\/p>\n","protected":false},"author":3,"featured_media":6811,"comment_status":"open","ping_status":"open","sticky":false,"template":"","format":"standard","meta":{"_monsterinsights_skip_tracking":false,"footnotes":""},"categories":[690,83],"tags":[],"class_list":["post-6830","post","type-post","status-publish","format-standard","has-post-thumbnail","category-690","category-moises-sanchez-limon"],"_links":{"self":[{"href":"https:\/\/redsemlac.com\/semmexico\/wp-json\/wp\/v2\/posts\/6830","targetHints":{"allow":["GET"]}}],"collection":[{"href":"https:\/\/redsemlac.com\/semmexico\/wp-json\/wp\/v2\/posts"}],"about":[{"href":"https:\/\/redsemlac.com\/semmexico\/wp-json\/wp\/v2\/types\/post"}],"author":[{"embeddable":true,"href":"https:\/\/redsemlac.com\/semmexico\/wp-json\/wp\/v2\/users\/3"}],"replies":[{"embeddable":true,"href":"https:\/\/redsemlac.com\/semmexico\/wp-json\/wp\/v2\/comments?post=6830"}],"version-history":[{"count":0,"href":"https:\/\/redsemlac.com\/semmexico\/wp-json\/wp\/v2\/posts\/6830\/revisions"}],"wp:featuredmedia":[{"embeddable":true,"href":"https:\/\/redsemlac.com\/semmexico\/wp-json\/wp\/v2\/media\/6811"}],"wp:attachment":[{"href":"https:\/\/redsemlac.com\/semmexico\/wp-json\/wp\/v2\/media?parent=6830"}],"wp:term":[{"taxonomy":"category","embeddable":true,"href":"https:\/\/redsemlac.com\/semmexico\/wp-json\/wp\/v2\/categories?post=6830"},{"taxonomy":"post_tag","embeddable":true,"href":"https:\/\/redsemlac.com\/semmexico\/wp-json\/wp\/v2\/tags?post=6830"}],"curies":[{"name":"wp","href":"https:\/\/api.w.org\/{rel}","templated":true}]}}