{"id":68275,"date":"2023-06-25T12:21:38","date_gmt":"2023-06-25T17:21:38","guid":{"rendered":"https:\/\/redsemlac.com\/semmexico\/?p=68275"},"modified":"2023-06-25T12:21:39","modified_gmt":"2023-06-25T17:21:39","slug":"rafaga-la-politica-interior-se-maneja-desde-palacio","status":"publish","type":"post","link":"https:\/\/redsemlac.com\/semmexico\/rafaga-la-politica-interior-se-maneja-desde-palacio\/","title":{"rendered":"R\u00e1faga| La Pol\u00edtica Interior Se Maneja Desde Palacio"},"content":{"rendered":"\n<p class=\"has-medium-font-size wp-block-paragraph\"><strong><em>Tercer Cambio Burocr\u00e1tico en Gobernaci\u00f3n<\/em><\/strong><\/p>\n\n\n\n<p class=\"has-medium-font-size wp-block-paragraph\"><strong><em>Nombra a Una Joven Sin Curriculum Pol\u00edtico<\/em><\/strong><\/p>\n\n\n\n<p class=\"has-medium-font-size wp-block-paragraph\"><strong><em>Alejandro Encinas, Pol\u00edtico Sin Suerte<\/em><\/strong><\/p>\n\n\n\n<p class=\"has-medium-font-size wp-block-paragraph\"><strong><em>Mucho Ojo Con el Pap\u00e1 de La Titular<\/em><\/strong><\/p>\n\n\n\n<p class=\"wp-block-paragraph\"><strong>Jorge Herrera Valenzuela<\/strong><\/p>\n\n\n\n<p class=\"wp-block-paragraph\">SemM\u00e9xico, Ciudad de M\u00e9xico, 25 de junio, 2023.- En este sexenio queda muy claro que la pol\u00edtica interior y la exterior es decisi\u00f3n \u00fanica, exclusiva y personal, del Presidente de la Rep\u00fablica.<\/p>\n\n\n\n<p class=\"wp-block-paragraph\">En el vapuleado PRIato, al que hoy responsabilizan de todas las desgracias que se viven, el segundo de abordo en el mando nacional era un pol\u00edtico con experiencia y sobre sus hombros reca\u00eda la responsabilidad de la estabilidad nacional.<\/p>\n\n\n\n<p class=\"wp-block-paragraph\">La instituci\u00f3n y su titular gozaban de respetabilidad, siempre coordinando tareas gubernamentales, legislativas y manteniendo estrechas relaciones con industriales, comerciantes, banqueros, productores agropecuarios, intelectuales, artistas y j\u00f3venes.<\/p>\n\n\n\n<p class=\"wp-block-paragraph\">Citar nombres de los que despacharon en el llamado Palacio de Cobi\u00e1n, despierta pol\u00e9mica. Cuatro salieron de ah\u00ed a Palacio Nacional: <strong>Miguel Alem\u00e1n Vald\u00e9s, Adolfo Ruiz Cortines, Gustavo D\u00edaz Ordaz y Luis Echeverr\u00eda \u00c1lvarez<\/strong>.<\/p>\n\n\n\n<p class=\"wp-block-paragraph\">Un subsecretario de Gobernaci\u00f3n lleg\u00f3 a ser figura nacional, dos veces qued\u00f3 como titular interino: el sonorense <strong>Ernesto P. Uruchurtu<\/strong>. Primero durante m\u00e1s de un a\u00f1o, a ra\u00edz de la muerte, por enfermedad, del campechano <strong>H\u00e9ctor \u201cToto\u201d P\u00e9rez Mart\u00ednez <\/strong>y despu\u00e9s al ser candidato presidencial el veracruzano <strong>Ruiz Cortines<\/strong>.<\/p>\n\n\n\n<p class=\"wp-block-paragraph\">Dos no lograron la postulaci\u00f3n: el jarocho <strong>\u00c1ngel Carvajal Bernal <\/strong>y el defe\u00f1o <strong>Mario Moya Palencia<\/strong>.<\/p>\n\n\n\n<p class=\"wp-block-paragraph\"><strong>CAMBIO BUROCR\u00c1TICO<\/strong><\/p>\n\n\n\n<p class=\"wp-block-paragraph\">Al anunciarse el primer gabinete legal, en 2018, sorprendi\u00f3 la designaci\u00f3n como secretaria de Gobernaci\u00f3n de la <strong>ministra en retiro Olga Mar\u00eda del Carmen S\u00e1nchez Cordero D\u00e1vila<\/strong>.<\/p>\n\n\n\n<p class=\"wp-block-paragraph\">Eminente jurista, respetable entre los respetables integrantes del pleno de la Suprema Corte de Justicia de la Naci\u00f3n.<\/p>\n\n\n\n<p class=\"wp-block-paragraph\">La primera Notaria P\u00fablica en la Ciudad de M\u00e9xico, solicit\u00f3 licencia para dejar su esca\u00f1o en el Senado de la Rep\u00fablica. Entr\u00f3 a la historia como la primera mujer en ese importante cargo, no escrito, de Jefa del Gabinete.<\/p>\n\n\n\n<p class=\"wp-block-paragraph\">Iba a cumplir tres a\u00f1os en Gobernaci\u00f3n, pero el Presidente de M\u00e9xico la regres\u00f3, el 26 de agosto de 2021, a la actividad legislativa y do\u00f1a Olga presidi\u00f3 un a\u00f1o la C\u00e1mara Alta. Tal vez ah\u00ed concluya su aventura pol\u00edtica.<\/p>\n\n\n\n<p class=\"wp-block-paragraph\">Estaba pr\u00f3ximo el Informe Presidencial de 2021, cuando el gobernador tabasque\u00f1o, <strong>Ad\u00e1n Augusto L\u00f3pez Hern\u00e1ndez, r<\/strong>ecibi\u00f3 el mensaje-invitaci\u00f3n de Palacio Nacional para ocupar las oficinas de Bucarel\u00ed 99. Terminaba agosto y permaneci\u00f3 hasta el viernes 16 del presente mes. Es uno de los seis que buscan la candidatura, para el 2024, del partido pol\u00edtico en el poder.<\/p>\n\n\n\n<p class=\"wp-block-paragraph\">Ad\u00e1n Augusto se emocion\u00f3 al entregar los libros con el In forme Presidencial. De la puerta del Sal\u00f3n de Sesiones a la tribuna de la C\u00e1mara de Diputados dur\u00f3 20 minutos. Abrazos, saludos, besos y fotos. \u201cEs el Caballo Negro para la sucesi\u00f3n\u201d, dijeron algunos diputados. Otro momento \u201ccumbre\u201d suplir al paisano en \u201cla ma\u00f1anera\u201d durante una semana. Para la ciudadan\u00eda era desconocido, pero \u00e9l aprovecho todo para sentirse con derecho a competir.<\/p>\n\n\n\n<p class=\"wp-block-paragraph\">Ambos casos reflejaron un cumplimiento totalmente burocr\u00e1tico, muchas de las funciones de la dependencia recayeron, por orden presidencial, en otras secretar\u00edas. Una de ellas fue los asuntos migratorios que pasaron a Relaciones Exteriores.<\/p>\n\n\n\n<p class=\"wp-block-paragraph\">Le ataron las manos a la reconocida jurista y el tabasque\u00f1o obedeci\u00f3 al pie de la letra las \u00f3rdenes de su paisano, compadre, amigo y hermano.<\/p>\n\n\n\n<p class=\"wp-block-paragraph\"><strong>PASO A LA NUEVA GENERACI\u00d3N<\/strong><\/p>\n\n\n\n<p class=\"wp-block-paragraph\">El movimiento de titular en la Secretar\u00eda de Gobernaci\u00f3n nunca se hizo en la etapa de la sucesi\u00f3n presidencial. &nbsp;En los 13 gobiernos civiles solamente tres secretarios cubrieron completo su sexenio y, coincidencia, fueron precandidatos presidenciales: <strong>\u00c1ngel Carvajal Bernal, Mario Moya Palencia y Manuel Bartlett D\u00edaz<\/strong>, en 1957, en 1976 y en 1988, respectivamente.<\/p>\n\n\n\n<p class=\"wp-block-paragraph\">El nombramiento de la abogada especializada en asuntos labores, <strong>Luisa Mar\u00eda Alcalde Luj\u00e1n<\/strong>, dicen que encabeza el cambio generacional en la pol\u00edtica mexicana. Tiene 35 a\u00f1os de edad. Egresada de la UNAM y estudiante en la Universidad de Berkeley, California. Diputada constituyente de la Ciudad de M\u00e9xico, Acad\u00e9mica y era responsable de la Secretar\u00eda del Trabajo y Previsi\u00f3n Social.<\/p>\n\n\n\n<p class=\"wp-block-paragraph\">En su curriculum se incluye que form\u00f3 parte de la organizaci\u00f3n y direcci\u00f3n del Programa J\u00f3venes Construyendo el Futuro, en el cual tambi\u00e9n particip\u00f3 <strong>Marath Bola\u00f1os L\u00f3pez<\/strong>, que desde el martes 20 de este junio dej\u00f3 la subsecretar\u00eda del Trabajo para suceder a Luisa Mar\u00eda. \u00c9l tiene 43 a\u00f1os de edad.<\/p>\n\n\n\n<p class=\"wp-block-paragraph\">Bienvenidas las nuevas caras. Bien por abrir las puertas a la juventud que dedica su tiempo a la pol\u00edtica y a la administraci\u00f3n. Muy buena decisi\u00f3n, pero hay que preparar a los pol\u00edticos. No ponerlos en alta responsabilidad colocarlos en segundo t\u00e9rmino y con un gu\u00eda.<\/p>\n\n\n\n<p class=\"wp-block-paragraph\">&nbsp;Don Adolfo Ruiz Cortines promovi\u00f3 a j\u00f3venes, siempre en segundo plano, como fue el caso de <strong>Fernando Rom\u00e1n Lugo, <\/strong>a los 40 a\u00f1os cumplidos, fue subsecretario de Gobernaci\u00f3n y encabezaba a la nueva ola de funcionarios federales.<\/p>\n\n\n\n<p class=\"wp-block-paragraph\">Luis Echeverr\u00eda tuvo en su equipo a los j\u00f3venes Nacho<strong> Ovalle Fern\u00e1ndez, Fausto Zapata Loredo, Mauro Jim\u00e9nez Lazcano y Francisco Javier Alejo L\u00f3pez,<\/strong> entre otros. Todos se foguearon.<\/p>\n\n\n\n<p class=\"wp-block-paragraph\">&nbsp;&nbsp;<strong>LUISA MAR\u00cdA CUMPLIR\u00c1<\/strong><\/p>\n\n\n\n<p class=\"wp-block-paragraph\">Del primer d\u00eda del sexenio al 20 de junio el Presidente de M\u00e9xico ha nombrado a 29 mujeres en los gabinetes legal y ampliado, as\u00ed como a tres ministras en la Suprema Corte de Justicia.<\/p>\n\n\n\n<p class=\"wp-block-paragraph\">Independientemente de las que \u201cpalome\u00f3\u201d para senadoras y diputadas federales, as\u00ed como las que son gobernadoras de Baja California, Campeche, Ciudad de M\u00e9xico, Colima, Guerrero, Tlaxcala y Quintana Roo. Las de Aguascalientes y de Chihuahua son PANistas, tambi\u00e9n reci\u00e9n asumieron el gobierno.<\/p>\n\n\n\n<p class=\"wp-block-paragraph\"><strong>Luisa Mar\u00eda<\/strong> carece de experiencia pol\u00edtica. Su trato reciente fue con dirigentes obreros y los empresarios. La ha llevado en paz, menos con los problemas que heredaron como el de la desaparici\u00f3n de la Compa\u00f1\u00eda Mexicana de Aviaci\u00f3n, el gobierno federal es negligente, indiferente con el problema de pilotos, aeromoz@s, t\u00e9cnicos y administrativos, cuyas familias atraviesan por dif\u00edcil situaci\u00f3n. Alcalde Justiniani est\u00e1 metido hasta el cuello.<\/p>\n\n\n\n<p class=\"wp-block-paragraph\">&nbsp;Igual en el caso de Aerom\u00e9xico donde los obst\u00e1culos los pone el abogado <strong>Arturo Alcalde Justiniani, <\/strong>pap\u00e1 de la nueva responsable de la pol\u00edtica interior. La otra manchota es la desaparici\u00f3n de la Agencia Notimex, tras m\u00e1s de medio siglo de dar servicios informativos locales, nacionales e internacionales, en Palacio el presidente declar\u00f3 que, para dar informaci\u00f3n, \u00e9l tiene su ma\u00f1anera.<\/p>\n\n\n\n<p class=\"wp-block-paragraph\">&nbsp;Curiosa y coincidentemente el referido abogado tambi\u00e9n influy\u00f3 contra los huelguistas. Tiene fuerte apoyo en Palacio Nacional y en la Consejer\u00eda Jur\u00eddica de la Presidencia, donde est\u00e1 la litigante sindicalista <strong>Mar\u00eda Estela R\u00edos Gonz\u00e1lez<\/strong>, sucesora de Julio Scherer Ibarra.<\/p>\n\n\n\n<p class=\"wp-block-paragraph\">\u00bfPor qu\u00e9 la abogada y acad\u00e9mica no tendr\u00e1 problemas?<\/p>\n\n\n\n<p class=\"wp-block-paragraph\">Simple y sencillamente, porque ella solo ser\u00e1 la receptora y tramitadora de las ocurrencias, caprichos y disposiciones del tabasque\u00f1o, quien siempre ha dicho que \u00e9l organizar\u00e1, coordinar\u00e1, calificar\u00e1 y dar\u00e1 el fallo definitivo del proceso electoral m\u00e1s importante de nuestra historia. El punto de partida para reconstruir al Pa\u00eds, devolver la vida a las instituciones, dejar de violar diariamente la Constituci\u00f3n Pol\u00edtica.<\/p>\n\n\n\n<p class=\"wp-block-paragraph\">La joven que en agosto cumplir\u00e1 36 a\u00f1os de edad, es una profesionista preparada, no hay duda de su honestidad, tiene capacidad, pero a su edad carece de conocimientos, de argucias, de ma\u00f1as, de caminos torcidos, en la pol\u00edtica.<\/p>\n\n\n\n<p class=\"wp-block-paragraph\">Alcalde Luj\u00e1n est\u00e1 a menos de un a\u00f1o de las elecciones presidenciales, de nueve gubernaturas, de 128 senadores, de 500 diputados y un buen n\u00famero de presidencias municipales. No es conocida de los pol\u00edticos estatales, ahora tratar\u00e1 con del partido oficial.<\/p>\n\n\n\n<p class=\"wp-block-paragraph\">Muchas son las interrogantes sobre el futuro de la segunda Secretar\u00eda de Gobernaci\u00f3n. He aqu\u00ed algunas:<\/p>\n\n\n\n<p class=\"wp-block-paragraph\">\u00bfTendr\u00e1 Luisa Mar\u00eda poder conciliatorio para tratar con los dirigentes de los partidos pol\u00edticos?&nbsp;<\/p>\n\n\n\n<p class=\"wp-block-paragraph\">\u00bfContar\u00e1 con amplia colaboraci\u00f3n del subsecretario <strong>Alejandro Encinas<\/strong>?<\/p>\n\n\n\n<p class=\"wp-block-paragraph\">&nbsp;\u00bfQui\u00e9nes ser\u00e1n sus operadores en cada una de las entidades y en los municipios pol\u00edticamente importantes?<\/p>\n\n\n\n<p class=\"wp-block-paragraph\">Circunstancialmente el mexiquense de 69 a\u00f1os fue Jefe de Gobierno del Distrito Federal cuando el hoy Presidente de M\u00e9xico solicit\u00f3 licencia para buscar el cargo que hoy detenta.<\/p>\n\n\n\n<p class=\"wp-block-paragraph\">Encinas fue candidato a Gobernador del Estado de M\u00e9xico, le falt\u00f3 apoyo y perdi\u00f3. Tres veces diputado y dos, senador. Desaprovechada su experiencia, por haber tenido algunas expresiones que irritaron al hu\u00e9sped de Palacio Nacional.<\/p>\n\n\n\n<p class=\"wp-block-paragraph\"><strong>\u00a1CUIDADO CON PAPITO!<\/strong><\/p>\n\n\n\n<p class=\"wp-block-paragraph\">El se\u00f1or licenciado especializado en materia laboral, <strong>Arturo Alcalde Justiniani<\/strong>, extremadamente cercano al Presidente de la Rep\u00fablica, en la Secretar\u00eda del Trabajo y Previsi\u00f3n Social tuvo poder absoluto.<\/p>\n\n\n\n<p class=\"wp-block-paragraph\">En redes sociales aparece una referencia muy reveladora de la imagen del pap\u00e1 de Luisa Mar\u00eda:<\/p>\n\n\n\n<p class=\"wp-block-paragraph\">\u201c<strong>La pol\u00edtica laboral del (<\/strong>actual)<strong> gobierno tiene un estratega encargado de dise\u00f1ar las iniciativas en la materia y tomar las decisiones operativas que correspondan a la Secretar\u00eda del Trabajo. Su nombre Arturo Alcalde Justiniani, abogado laborista y padre de la titular de esa dependencia, Luisa Mar\u00eda Alcalde Luj\u00e1n<\/strong>\u201d.<\/p>\n\n\n\n<p class=\"wp-block-paragraph\">Entre los litigantes de Derecho Laboral, Alcalde Luj\u00e1n goza de mala fama. Tiene una imagen negra por su actuar sin \u00e9tica. Embarca a los trabajadores en demandas con exigencias extremas, presionan a los patrones y es feliz cuando desaparecen las fuentes de trabajo, los trabajadores quedan sin empleo y no pocas empresas se declaran en quiebra y otras definitivamente desaparecen. Lo ocurrido en NOTIMEX, es su \u00faltima haza\u00f1a.<\/p>\n\n\n\n<p class=\"wp-block-paragraph\">Su cercan\u00eda amistosa y profesional que detalla el colega Mario Maldonado en las p\u00e1ginas del diario El Universal, provoca una interrogante m\u00e1s:<\/p>\n\n\n\n<p class=\"wp-block-paragraph\">\u00bfC\u00f3mo operar\u00e1 don Arturo Alcalde Justiniani en la Secretar\u00eda de Gobernaci\u00f3n?<\/p>\n\n\n\n<p class=\"wp-block-paragraph\">Agregado final: do\u00f1a Bertha Luj\u00e1n Uranga, madre de Luisa Mar\u00eda, es leal al equipo del tabasque\u00f1o. Fundadora y dirigente del Movimiento de Regeneraci\u00f3n Nacional.<\/p>\n\n\n\n<p class=\"wp-block-paragraph\">Es originaria de Chihuahua, donde su hija <strong>Bertha <\/strong>se desempe\u00f1a como superdelegada federal. La entidad es gobernada por la PANista <strong>Mar\u00eda Eugenia Campos Galv\u00e1n<\/strong>, conocida como Maru Campos.<\/p>\n\n\n\n<p class=\"wp-block-paragraph\">Sus habitantes recuerdan que hace un a\u00f1o fueron asesinados los sacerdotes jesuitas <strong>Javier Campo Morales y Joaqu\u00edn C\u00e9sar Mora Salazar<\/strong> y el gu\u00eda de turistas <strong>Pedro Palma<\/strong>, en el interior de una iglesia de la comunidad Cerocahui del municipio Urique, en el coraz\u00f3n de la Sierra Tarahumara.<\/p>\n\n\n\n<p class=\"wp-block-paragraph\">El Gobierno Federal cerr\u00f3 el caso al ser informado que el asesino de las tres personas, fue encontrado muerto en tierras sinaloenses. Cero investigaciones y hasta comentarios despectivos en las ma\u00f1aneras.<\/p>\n\n\n\n<p class=\"wp-block-paragraph\">&nbsp;<strong>jherrerav@live.com<\/strong><\/p>\n","protected":false},"excerpt":{"rendered":"<p>En este sexenio queda muy claro que la pol\u00edtica interior y la exterior es decisi\u00f3n \u00fanica, exclusiva y personal, del Presidente de la Rep\u00fablica.<\/p>\n","protected":false},"author":3,"featured_media":38023,"comment_status":"open","ping_status":"open","sticky":false,"template":"","format":"standard","meta":{"_monsterinsights_skip_tracking":false,"footnotes":""},"categories":[94,35,107],"tags":[],"class_list":["post-68275","post","type-post","status-publish","format-standard","has-post-thumbnail","category-jorge-herrera-valenzuela","category-opinion","category-rafaga"],"_links":{"self":[{"href":"https:\/\/redsemlac.com\/semmexico\/wp-json\/wp\/v2\/posts\/68275","targetHints":{"allow":["GET"]}}],"collection":[{"href":"https:\/\/redsemlac.com\/semmexico\/wp-json\/wp\/v2\/posts"}],"about":[{"href":"https:\/\/redsemlac.com\/semmexico\/wp-json\/wp\/v2\/types\/post"}],"author":[{"embeddable":true,"href":"https:\/\/redsemlac.com\/semmexico\/wp-json\/wp\/v2\/users\/3"}],"replies":[{"embeddable":true,"href":"https:\/\/redsemlac.com\/semmexico\/wp-json\/wp\/v2\/comments?post=68275"}],"version-history":[{"count":0,"href":"https:\/\/redsemlac.com\/semmexico\/wp-json\/wp\/v2\/posts\/68275\/revisions"}],"wp:featuredmedia":[{"embeddable":true,"href":"https:\/\/redsemlac.com\/semmexico\/wp-json\/wp\/v2\/media\/38023"}],"wp:attachment":[{"href":"https:\/\/redsemlac.com\/semmexico\/wp-json\/wp\/v2\/media?parent=68275"}],"wp:term":[{"taxonomy":"category","embeddable":true,"href":"https:\/\/redsemlac.com\/semmexico\/wp-json\/wp\/v2\/categories?post=68275"},{"taxonomy":"post_tag","embeddable":true,"href":"https:\/\/redsemlac.com\/semmexico\/wp-json\/wp\/v2\/tags?post=68275"}],"curies":[{"name":"wp","href":"https:\/\/api.w.org\/{rel}","templated":true}]}}