{"id":6827,"date":"2019-04-11T16:36:08","date_gmt":"2019-04-11T16:36:08","guid":{"rendered":"https:\/\/redsemlac.com\/semmexico\/?p=6827"},"modified":"2023-07-21T14:48:12","modified_gmt":"2023-07-21T19:48:12","slug":"entresemana-5","status":"publish","type":"post","link":"https:\/\/redsemlac.com\/semmexico\/entresemana-5\/","title":{"rendered":"Entresemana"},"content":{"rendered":"\n<p class=\"wp-block-paragraph\">Estancias infantiles, \u00bfamenaza pol\u00edtica contra L\u00f3pez Obrador?<\/p>\n\n\n\n<h5 class=\"wp-block-heading\"> En apoyo a los m\u00e9dicos internos y residentes \u00a1basta de explotarlos!<\/h5>\n\n\n\n<p class=\"wp-block-paragraph\"><a href=\"https:\/\/semmexico.com\/gallery-post.php?id=7867#\">Mois\u00e9s S\u00e1nchez<\/a><\/p>\n\n\n\n<p class=\"wp-block-paragraph\">SemM\u00e9xico, 11 abril 2019.- Hace unas semanas en este espacio le compart\u00ed una informaci\u00f3n de primera mano, en la que se refer\u00eda el motivo por el cual el licenciado Andr\u00e9s Manuel L\u00f3pez Obrador hab\u00eda decidido cerrar las estancias infantiles mediante la inanici\u00f3n financiera.<\/p>\n\n\n\n<p class=\"wp-block-paragraph\">No, no fue por corrupci\u00f3n, malos manejos ni por los m\u00e1s de 90 mil ni\u00f1os fantasma que no son tales o por causa de por lo menos 35 mil mujeres que fueron tratadas como madres corruptas. No. Resulta que el&nbsp;<em>se\u00f1orpresidente&nbsp;<\/em>fue informado de que la senadora Josefina V\u00e1zquez Mota hab\u00eda referido que el tema de las estancias infantiles se hab\u00eda politizado.<\/p>\n\n\n\n<p class=\"wp-block-paragraph\">Por todos los medios y por supuesto respaldado por sus youtubers, recalcitrantes defensores oficiosos, entre ellos vende planas o textoservidores (as) como los llama mi respetado colega Francisco Rodr\u00edguez, buscaron descalificar en general a quienes dirigen o son propietarias de&nbsp; estancias, junto con educadoras, doctores y doctoras y, en fin, quienes trabajan o trabajaban en esos sitios que han ido cerrando por ausencia de recursos.<\/p>\n\n\n\n<p class=\"wp-block-paragraph\">Que se sepa, a estas alturas no hay una sola persona sujeta a proceso por actos de corrupci\u00f3n ni una estancia cerrada o clausurada por la autoridad a consecuencia de severas y graves fallas. Lo que hay, es madres y padres de familia con la vida complicada y sin una soluci\u00f3n a la disyuntiva de ir a trabajar en busca del sustento o sobrevivir con un magro recurso bimestral.<\/p>\n\n\n\n<p class=\"wp-block-paragraph\">Lo cierto es que cerrar las estancias con argumentos pueriles, evidencia el voluntarismo del&nbsp;<em>se\u00f1orpresidente<\/em>&nbsp;que recurrentemente invoca al bien com\u00fan, al peace and love, el \u201cyo respeto\u201d y, en fin, tantas excusas que han ca\u00eddo en el hartazgo. La gente se cansa de tanta pinche demagogia, aunque no rime en la par\u00e1frasis del licenciado L\u00f3pez Obrador.<\/p>\n\n\n\n<p class=\"wp-block-paragraph\">\u00bfCu\u00e1les fueron los motivos para emprender la que se imagina ruta sin retorno en esto de las estancias infantiles? Ayer, en conferencia ofrecida por la senadora Kenia L\u00f3pez Rabad\u00e1n, en representaci\u00f3n de la senadora Josefina V\u00e1zquez Mota, estuvo Clara Torres Armend\u00e1riz, exdirectora del Programa de Estancias Infantiles, s\u00ed, quien renunci\u00f3 por no estar de acuerdo con la decisi\u00f3n presidencial en el asunto de las estancias. Tambi\u00e9n estuvo L\u00eda Lim\u00f3n Garc\u00eda, fundadora del Programa de Estancias Infantiles<br><br>La senadora L\u00f3pez Rabad\u00e1n present\u00f3 a Clara Torres Armend\u00e1riz cuya versi\u00f3n es la siguiente:<\/p>\n\n\n\n<p class=\"wp-block-paragraph\">\u201c(\u2026) El motivo de este este momento es una afirmaci\u00f3n que hiciera la senadora Josefina V\u00e1zquez Mota frente de la alta comisionada, Michelle Bachelet, en el sentido de que una persona que trabajaba en el gobierno de Andr\u00e9s Manuel dirigiendo Estancias Infantiles afirm\u00f3 que se hab\u00eda cancelado el programa no por temas de corrupci\u00f3n sino por temas pol\u00edticos, esa persona soy yo, me han pedido que venga y lo hago con mucho gusto porque creo que estamos ante una amenaza irreversible de atentado a los derechos de la infancia.<\/p>\n\n\n\n<p class=\"wp-block-paragraph\">\u201cQuiero comentar que el 5 de febrero en las oficinas de Misisipi n\u00famero 49, piso 9 &#8211;si no me equivoco&#8211;, la subsecretaria Ariadna Montiel y me cit\u00f3 para decirme que ya no pod\u00edamos seguir recibiendo ni a responsables de Estancias Infantiles ni a diputados ni a senadores porque ya hab\u00edan concluido que las Estancias Infantiles era una amenaza pol\u00edtica para el Presidente, porque era una estructura que estaba en todos en cada uno de los municipios en donde hab\u00eda ido al Presidente y hab\u00edan tenido ah\u00ed presencia, adem\u00e1s que ya la senadora Josefina V\u00e1zquez Mota junto con otros senadores hab\u00eda hecho un pronunciamiento en contra de la reducci\u00f3n del 50 por ciento, una carta que escribi\u00f3 Margarita Zavala y la gota que derramaba el vaso en ese momento era que en ese momento, 5 de febrero, las responsables en vez de haber acudido a oficinas centrales, estaban en la C\u00e1mara de Diputados donde estaban sus representantes.<\/p>\n\n\n\n<p class=\"wp-block-paragraph\">\u201cEsto es importante se\u00f1alarlo porque despu\u00e9s de esta decisi\u00f3n pol\u00edtica, han venido una serie de afirmaciones y se\u00f1alamientos en contra de las responsables y en contra del programa. Yo necesito, tengo una urgencia de decir que no es cierto que fue por una red de corrupci\u00f3n, hasta el 5 de febrero de lo \u00fanico que se hab\u00eda hablado es que hab\u00eda que darle m\u00e1s facultades a las oficinas centrales para poder supervisar las delegaciones para revisar las estancias infantiles y se hizo, se solvent\u00f3 ese problema, adem\u00e1s iban a correr a todos los delegados, a quienes supuestamente pod\u00edan estar teniendo unas irregularidades, por eso vengo hacer ese se\u00f1alamiento y adem\u00e1s quiero hacer una relator\u00eda de lo que sucedi\u00f3 en el a\u00f1o 2018.<\/p>\n\n\n\n<p class=\"wp-block-paragraph\">\u201cA principios del a\u00f1o, cuando Andr\u00e9s Manuel estaba como candidato, durante toda su campa\u00f1a todos recordaremos que nunca se comprometi\u00f3 con la infancia, no firm\u00f3 los pactos de la primera infancia que hab\u00edan citado todos los candidatos, nunca lo mencion\u00f3, nunca mencion\u00f3 el tema de infancia pr\u00e1cticamente en su campa\u00f1a, por eso me invitan a m\u00ed a fin de reforzar esta debilidad que ten\u00eda el Presidente y lo hice con mucho gusto, sin embargo en la secretar\u00eda ten\u00edamos, digamos dos personajes: uno que es el personaje de compromiso social, que es la secretaria Mar\u00eda Luisa albores, y la operadora pol\u00edtica que es la subsecretaria Ariadna Montiel, ella es la que decida quitarlo.<\/p>\n\n\n\n<p class=\"wp-block-paragraph\">\u201cY no solamente eso, lo cancelan, cancelan un programa que tiene que ver con atender y sacar adelante a la infancia por otro que tiene que ver con apoyo a la econom\u00eda social, econom\u00eda familiar, o sea es una beca para las madres trabajadoras sin ninguna etiqueta para cuidado infantil, eso es \u00fanicamente para los gastos que se requieren.<\/p>\n\n\n\n<p class=\"wp-block-paragraph\">\u201cY tenemos una situaci\u00f3n sumamente grave que quiero yo aqu\u00ed mostrar, para que pudieran justificar altos niveles de corrupci\u00f3n, han denunciado en diversas ocasiones y con diferentes n\u00fameros, 50 mil, 90 mil, y 150 mil \u00abni\u00f1os fantasmas\u00bb, como la prueba de que hab\u00eda una alta corrupci\u00f3n.<\/p>\n\n\n\n<p class=\"wp-block-paragraph\">\u201cEn estos d\u00edas, desde que empez\u00f3 esto, y aqu\u00ed traemos el documento de no menos de 6 mil ni\u00f1os, con nombre del ni\u00f1o, del beneficiario, de la mam\u00e1, el CURP y la direcci\u00f3n, que nos est\u00e1n reportando d\u00eda a d\u00eda que los est\u00e1n dejando fuera del censo, fuera del apoyo porque ahora los est\u00e1n nombrando \u00abfantasmas\u00bb, esos ni\u00f1os no son \u00abfantasmas\u00bb, aqu\u00ed tenemos las pruebas.<\/p>\n\n\n\n<p class=\"wp-block-paragraph\">\u201cYo quisiera pedirle al Presidente que nos diera la oportunidad de comparar sus informaciones con nuestras informaciones, porque nosotros s\u00ed traemos pruebas, o que ellos nos ense\u00f1en el listado de los \u00abni\u00f1os fantasmas\u00bb, ya lo solicitamos por escrito y no hemos tenido respuesta, esa es la raz\u00f3n por la que queremos estar aqu\u00ed para decir: soy testigo de que esto no fue por temas de corrupci\u00f3n, fue por un tema pol\u00edtico y adem\u00e1s es una emergencia en este pa\u00eds, en donde el 80 por ciento de los mexicanos est\u00e1n desaprobando que est\u00e9n cancelando este programa.<\/p>\n\n\n\n<p class=\"wp-block-paragraph\">\u201cYo, al igual que el nieto de Emiliano Zapata, Jorge Zapata, que apenas esta ma\u00f1ana yo lo escuchaba decir que \u00e9l al igual que yo nos sumamos a este cambio que esper\u00e1bamos y ten\u00edamos tanta esperanza de que tuvi\u00e9ramos unas nuevas formas de hacer pol\u00edtica, nos est\u00e1 generando una decepci\u00f3n que queremos que no termine en un fracaso de gobierno, creo que est\u00e1 a tiempo este Presidente de corregir de basar las acciones en la verdad no es supuestos como lo est\u00e1 sucediendo en Estancias Infantiles\u201d.<\/p>\n\n\n\n<p class=\"wp-block-paragraph\">\u00bfCon los ni\u00f1os no? \u00bfSe vale fabricar delitos, al mejor estilo Chapa Bezanilla y echar a andar una mentira que acaba con reputaciones en perjuicio de quienes sobreviven en este pa\u00eds del que 30 millones de mexicanos votaron por un cambio? \u00bfEsta es la 4T? \u00bfCu\u00e1nto le durar\u00e9 el bono democr\u00e1tico al&nbsp;<em>se\u00f1orpresidente<\/em>? Digo.<\/p>\n\n\n\n<p class=\"wp-block-paragraph\"><a href=\"mailto:sanchezlimon@gmail.com\">sanchezlimon@gmail.com<\/a><\/p>\n\n\n\n<p class=\"wp-block-paragraph\"><a href=\"http:\/\/www.entresemana.mx\/\">www.entresemana.mx<\/a><\/p>\n\n\n\n<p class=\"wp-block-paragraph\">@msanchezlimon<\/p>\n","protected":false},"excerpt":{"rendered":"<p>Estancias infantiles, \u00bfamenaza pol\u00edtica contra L\u00f3pez Obrador? En apoyo a los m\u00e9dicos internos y residentes \u00a1basta de explotarlos! Mois\u00e9s S\u00e1nchez SemM\u00e9xico, 11 abril 2019.- Hace unas semanas en este espacio le compart\u00ed una informaci\u00f3n de primera mano, en la que se refer\u00eda el motivo por el cual el licenciado Andr\u00e9s Manuel L\u00f3pez Obrador hab\u00eda decidido [&hellip;]<\/p>\n","protected":false},"author":3,"featured_media":6811,"comment_status":"open","ping_status":"open","sticky":false,"template":"","format":"standard","meta":{"_monsterinsights_skip_tracking":false,"footnotes":""},"categories":[690,83],"tags":[],"class_list":["post-6827","post","type-post","status-publish","format-standard","has-post-thumbnail","category-690","category-moises-sanchez-limon"],"_links":{"self":[{"href":"https:\/\/redsemlac.com\/semmexico\/wp-json\/wp\/v2\/posts\/6827","targetHints":{"allow":["GET"]}}],"collection":[{"href":"https:\/\/redsemlac.com\/semmexico\/wp-json\/wp\/v2\/posts"}],"about":[{"href":"https:\/\/redsemlac.com\/semmexico\/wp-json\/wp\/v2\/types\/post"}],"author":[{"embeddable":true,"href":"https:\/\/redsemlac.com\/semmexico\/wp-json\/wp\/v2\/users\/3"}],"replies":[{"embeddable":true,"href":"https:\/\/redsemlac.com\/semmexico\/wp-json\/wp\/v2\/comments?post=6827"}],"version-history":[{"count":0,"href":"https:\/\/redsemlac.com\/semmexico\/wp-json\/wp\/v2\/posts\/6827\/revisions"}],"wp:featuredmedia":[{"embeddable":true,"href":"https:\/\/redsemlac.com\/semmexico\/wp-json\/wp\/v2\/media\/6811"}],"wp:attachment":[{"href":"https:\/\/redsemlac.com\/semmexico\/wp-json\/wp\/v2\/media?parent=6827"}],"wp:term":[{"taxonomy":"category","embeddable":true,"href":"https:\/\/redsemlac.com\/semmexico\/wp-json\/wp\/v2\/categories?post=6827"},{"taxonomy":"post_tag","embeddable":true,"href":"https:\/\/redsemlac.com\/semmexico\/wp-json\/wp\/v2\/tags?post=6827"}],"curies":[{"name":"wp","href":"https:\/\/api.w.org\/{rel}","templated":true}]}}