{"id":6824,"date":"2019-04-16T16:34:15","date_gmt":"2019-04-16T16:34:15","guid":{"rendered":"https:\/\/redsemlac.com\/semmexico\/?p=6824"},"modified":"2023-07-21T14:48:10","modified_gmt":"2023-07-21T19:48:10","slug":"no-intimide-ni-mienta-presidente-es-pecado","status":"publish","type":"post","link":"https:\/\/redsemlac.com\/semmexico\/no-intimide-ni-mienta-presidente-es-pecado\/","title":{"rendered":"No intimide ni mienta, Presidente; es pecado"},"content":{"rendered":"\n<p class=\"wp-block-paragraph\">\u00bfQu\u00e9 sucede si nos \u201cpasamos\u201d?<\/p>\n\n\n\n<h5 class=\"wp-block-heading\"> La Secretar\u00eda de Educaci\u00f3n P\u00fablica est\u00e1 obligada a continuar con evaluaciones para el ingreso, promoci\u00f3n o reconocimiento de maestros.<\/h5>\n\n\n\n<p class=\"wp-block-paragraph\"><a href=\"https:\/\/semmexico.com\/gallery-post.php?id=7904#\">Mois\u00e9s S\u00e1nchez<\/a><\/p>\n\n\n\n<p class=\"wp-block-paragraph\">SemM\u00e9xico. Cd. de M\u00e9xico. 16 de abril de 2019.- \u00bfAndr\u00e9s Manuel L\u00f3pez Obrador miente usted como estrategia pol\u00edtica, porque se le pega la gana o por desconocimiento de las facultades y obligaciones del Presidente de la Rep\u00fablica? \u00bfSer\u00e1 que le fallan o temen sus asesores, la secretaria de Gobernaci\u00f3n, el secretario de Educaci\u00f3n y sus alfiles en la C\u00e1mara de Diputados?<\/p>\n\n\n\n<p class=\"wp-block-paragraph\">Veamos, licenciado, desde que la CNTE le complic\u00f3 su iniciativa de Reforma Educativa, amag\u00f3 con aplicar todo el peso de su investidura para poner orden donde gener\u00f3 desorden cuando, en campa\u00f1a, prometi\u00f3 el man\u00e1 al magisterio disidente. \u00bfLo recuerda? Los profes de la 22 votaron por usted y hoy le cobran la factura, fri\u00e9guese quien se friegue, menos ellos.<\/p>\n\n\n\n<p class=\"wp-block-paragraph\">El pasado lunes 8 de abril, la diputada federal poblana Martha Tagle Mart\u00ednez se lo dijo muy claro: El Presidente de la Rep\u00fablica debe saber que no hay manera de que pueda abrogar por decreto la Reforma Educativa aprobada en el sexenio pasado para retornar a la vigente de antes del a\u00f1o 2013.<\/p>\n\n\n\n<p class=\"wp-block-paragraph\">Pero es evidente que le import\u00f3 un pito la ilustraci\u00f3n que le hizo la legisladora de Movimiento Ciudadano y el s\u00e1bado \u00faltimo, 13 de abril en Campeche, volvi\u00f3 a amagar con aplicar su imperial voluntad.<\/p>\n\n\n\n<p class=\"wp-block-paragraph\">\u00bfPor qu\u00e9 blofea presidente L\u00f3pez Obrador con la amenaza de abrogar a la que califica&nbsp;<em>Mal llamada&nbsp;<\/em>Reforma Educativa? Sin duda sabe que ese acto de poder ser\u00eda inconstitucional porque entre sus facultades no est\u00e1 la de suspender o dejar sin vigor a ninguna reforma constitucional y la educativa lo es.<\/p>\n\n\n\n<p class=\"wp-block-paragraph\">No mienta Presidente, no mienta. Usted, incluso, ha invocado a la Biblia y con ese desd\u00e9n hacia quienes profesan una religi\u00f3n diferente a la suya, ha dicho que mentir es pecado y, por ende, no puede entrar a ninguna parroquia, ning\u00fan templo. \u00bfA Palacio Nacional tienen acceso los pecadores?<\/p>\n\n\n\n<p class=\"wp-block-paragraph\">Por lo menos la ministra en retiro y secretaria de Gobernaci\u00f3n, Olga S\u00e1nchez Cordero, ya le habr\u00e1 recomendado leer (no ler) el art\u00edculo 89 constitucional relativo a las FACULTADES Y OBLIGACIONES del Presidente de la Rep\u00fablica, para haber entendido, desde la semana pasada lo que le dijo la diputada Tagle Mart\u00ednez de que,&nbsp;abrogar la Reforma Educativa de la era Pe\u00f1a Nieto, s\u00f3lo puede hacerse mediante una nueva reforma y esa le concierne al Poder Legislativo.<\/p>\n\n\n\n<p class=\"wp-block-paragraph\">Y que el pasado lunes 15 de abril con amplia informaci\u00f3n jur\u00eddica le subrayaron diputados federales del PRI, especialmente la diputada Dulce Mar\u00eda Sauri Riancho, a quien usted, licenciado L\u00f3pez Obrador, llam\u00f3 integrante de la Casta Divina yucateca, pero nunca esper\u00f3 lo increpara y le diera una lecci\u00f3n de aseo pol\u00edtico en M\u00e9rida.<\/p>\n\n\n\n<p class=\"wp-block-paragraph\">Un punto elemental refiri\u00f3 Tagle Mart\u00ednez: mientras no se apruebe el proyecto de reforma educativa consensuado, est\u00e1 vigente la de Pe\u00f1a Nieto, como incluso lo ha citado recurrentemente el coordinador de los diputados federales de Morena, su alfil, licenciado, el maestro en econom\u00eda Mario Delgado Carrillo.<\/p>\n\n\n\n<p class=\"wp-block-paragraph\">Por ello, licenciado L\u00f3pez Obrador podr\u00e1 pontificar en sus ma\u00f1aneras, pero la Secretar\u00eda de Educaci\u00f3n P\u00fablica est\u00e1 obligada a continuar con evaluaciones para el ingreso, promoci\u00f3n o reconocimiento de maestros. Nada ha cambiado, \u00bfestamos? O ser\u00e1 que\u2026<\/p>\n\n\n\n<p class=\"wp-block-paragraph\">El colimense Mario Delgado Carrillo, licenciado en econom\u00eda por el ITAM y maestro en econom\u00eda por la Universidad de Essex, Inglaterra, secretario de Educaci\u00f3n del entonces Distrito Federal en la gesti\u00f3n de Marcelo Ebrard, no sabe decir no. Y le encanta que usted le sonr\u00eda y le d\u00e9 palmadas en la espalda. \u00bfBrody?<\/p>\n\n\n\n<p class=\"wp-block-paragraph\">\u00bfSer\u00e1 que la diputada federal morenista Adela Pi\u00f1a Bernal, integrante de la CNTE y presidenta de la Comisi\u00f3n de Educaci\u00f3n de la C\u00e1mara baja le debe la curul, licenciado L\u00f3pez Obrador, porque es plurinominal por la cuarta circunscripci\u00f3n y no quiere desmentirlo?<\/p>\n\n\n\n<p class=\"wp-block-paragraph\">\u00bfQu\u00e9 le debe Esteban Moctezuma que no le ha frenado en esa terca apuesta a aparecer como dictador?<\/p>\n\n\n\n<p class=\"wp-block-paragraph\">Presidente, no mienta. Mire usted, ayer lunes la bancada del PRI en la C\u00e1mara de Diputados en una nota, le record\u00f3 que el s\u00e1bado 13 de abril, en su visita el estado de Campeche, se\u00f1al\u00f3 textualmente:&nbsp;<\/p>\n\n\n\n<p class=\"wp-block-paragraph\">\u201cTambi\u00e9n les digo a los maestros que voy a cumplir mi palabra, se va a cancelar la mal llamada reforma educativa, no tengan ninguna duda; ya se envi\u00f3 una iniciativa de ley de reforma a la Constituci\u00f3n, pero hay grupos en el magisterio que no ven con buenos ojos esta propuesta.<\/p>\n\n\n\n<p class=\"wp-block-paragraph\">\u201cNosotros vamos a estar dialogando con todos hasta que haya un acuerdo,&nbsp;pero si se tarda mucho y no hay ning\u00fan acuerdo, voy a sacar un decreto abrogando, quitando la mal llamada reforma educativa en tanto se aprueba la nueva reforma.\u201d.<\/p>\n\n\n\n<p class=\"wp-block-paragraph\">No mienta, Presidente. La diputaci\u00f3n federal del PRI le acot\u00f3: \u201c(\u2026)es importante se\u00f1alar que&nbsp;el Titular del Poder Ejecutivo Federal NO tiene facultades para abrogar o derogar reformas constitucionales o leyes de ning\u00fan tipo.<\/p>\n\n\n\n<p class=\"wp-block-paragraph\">\u201cSolo en el caso de emergencias que enfrente la Naci\u00f3n, el Ejecutivo puede expedir leyes que restrinjan las garant\u00edas individuales en los t\u00e9rminos previstos por el art\u00edculo 29 constitucional y a\u00fan en estos casos la constitucionalidad de las disposiciones que emita ser\u00edan revisadas por la Suprema Corte de Justicia de la Naci\u00f3n\u201d.<\/p>\n\n\n\n<p class=\"wp-block-paragraph\">Y lo ilustr\u00f3, licenciado L\u00f3pez Obrador: \u201cLa imposibilidad jur\u00eddica del Presidente para derogar o abrogar cualquier disposici\u00f3n que haya emitido el Congreso de la Uni\u00f3n se establece en tres art\u00edculos constitucionales: el 49, el 72 inciso F y el 89 fracci\u00f3n I.<\/p>\n\n\n\n<p class=\"wp-block-paragraph\">\u00bfEntender\u00e1 se\u00f1orpresidente o insistir\u00e1 en esa postura pol\u00edticamente comercial, que gana adeptos? No mienta, Presidente; no viva en pecado porque se le va a aparecer el chamuco.<\/p>\n\n\n\n<p class=\"wp-block-paragraph\"><strong>DEL VERBO INTIMIDAR<\/strong><\/p>\n\n\n\n<p class=\"wp-block-paragraph\"><strong>Y, bueno, ya entrado en ese plan de hacer y decir lo que su voluntad le dicte, incluso intimidar, estigmatizar y descalificar am\u00e9n de echarlo a la jaur\u00eda de youtuberos y AMLOvers, usted aprovech\u00f3 que un filibustero del periodismo, mercenario en el mejor de los casos, de nombre Marco Antonio Olvera, ex reportero de espect\u00e1culos en El Universal Gr\u00e1fico, integrante del equipo encabezado por Jes\u00fas Ram\u00edrez y empleado del diputado federal petista Benjam\u00edn Robles Montoya, le ofreci\u00f3 el espacio para atacar al colega Jorge Ramos y de pasada dejar una severa advertencia a los compa\u00f1eros que, \u00e9stos s\u00ed reporteros de verdad, cubren sus ma\u00f1aneras.<\/strong><\/p>\n\n\n\n<p class=\"wp-block-paragraph\"><strong>Olvera le record\u00f3, con esa cortesana genuflexi\u00f3n&nbsp;<\/strong>que, \u201cel viernes pasado estuvo aqu\u00ed (en Palacio Nacional) un reportero, yo le dir\u00eda cirquero, del&nbsp;<em>Grupo Televisa<\/em>, filial de&nbsp;<em>Univisi\u00f3n<\/em>, increp\u00e1ndole por el tema de la inseguridad en el pa\u00eds.<\/p>\n\n\n\n<p class=\"wp-block-paragraph\">\u201cYo no recuerdo (presumi\u00f3 Olvera), yo revis\u00e9, que el se\u00f1or no haya hecho reportajes por los miles de muertos que hay en Libia, que hay en Irak, que hay en Hait\u00ed, consecuencia de las invasiones ordenadas por Bush y Barack Obama.<\/p>\n\n\n\n<p class=\"wp-block-paragraph\">\u201cTampoco recuerdo que haya hecho un reportaje sobre los miles de pesos que recibi\u00f3&nbsp;<em>Televisa<\/em>&nbsp;por publicidad cuando acallaron la violencia durante los gobiernos de Fox, Calder\u00f3n y Enrique Pe\u00f1a Nieto.<\/p>\n\n\n\n<p class=\"wp-block-paragraph\">\u00bfQu\u00e9 opini\u00f3n le merece, presidente, o qu\u00e9 sabor de boca le deja que reporteros vengan a increparle y que acallen la violencia que existe en el pa\u00eds a cambio de publicidad?<\/p>\n\n\n\n<p class=\"wp-block-paragraph\"><strong>Y usted se sirvi\u00f3 con la cuchara grande, licenciado: \u201c<\/strong>Miren, lo mejor es la libertad, el que nos podamos manifestar. Yo le tengo mucha confianza a los ciudadanos, creo en el pueblo, creo en la sensatez de los mexicanos, siempre he dicho que el verdadero cambio se ha dado porque ya cambi\u00f3 la mentalidad del pueblo. Esa es la transformaci\u00f3n.<\/p>\n\n\n\n<p class=\"wp-block-paragraph\">\u201cHay veces que hay revoluciones, enfrentamientos armados y la gente sigue manteniendo la misma mentalidad. Lo extraordinario de ahora es que, sin violencia, sin una revoluci\u00f3n armada, con una revoluci\u00f3n de las conciencias se ha avanzado much\u00edsimo, es otra la mentalidad del pueblo (sic).<\/p>\n\n\n\n<p class=\"wp-block-paragraph\">\u201cEntonces, esto nos ayuda mucho para que los ciudadanos sean al final de cuentas los que pongan a cada qui\u00e9n en su lugar (sic), que nos pongan tanto a los ciudadanos como a las autoridades, a los medios en nuestro lugar para que todos aprendamos a respetar al pueblo, no pensar que el pueblo es menor de edad o que el pueblo es tonto. Tonto es el que piensa que el pueblo es tonto.<\/p>\n\n\n\n<p class=\"wp-block-paragraph\">\u201c(\u2026) Entonces, era controlar as\u00ed hasta hace poco. Ten\u00eda uno que cuadrarse, bueno, los pol\u00edticos tradicionales o corruptos se ten\u00edan que subordinar o cuadrarse ante los medios, porque una campa\u00f1a en un peri\u00f3dico en contra de un pol\u00edtico o en la televisi\u00f3n no la resist\u00edan. No exist\u00edan las redes sociales, por eso hablo de las benditas redes sociales. Ahora es distinto, la gente est\u00e1 muy consciente de las cosas.<\/p>\n\n\n\n<p class=\"wp-block-paragraph\"><strong>\u201cEl otro d\u00eda vi con motivo de esta entrevista, vi a un columnista diciendo que los que ven\u00edan aqu\u00ed no eran buenos periodistas, que Jorge Ramos s\u00ed era muy buen periodista. No. Yo pienso, con todo respeto discrepo, creo que ustedes no s\u00f3lo son buenos periodistas, son prudentes porque aqu\u00ed los est\u00e1n viendo y si ustedes se pasan, pues, ya saben lo que sucede\u201d.<\/strong><\/p>\n\n\n\n<p class=\"wp-block-paragraph\">\u201cEntonces, pero no soy yo, es la gente; no es conmigo, es con los ciudadanos, que ya no son ciudadanos imaginarios. Hay mucha inteligencia en nuestro pueblo, antes se menospreciaba a la gente.<\/p>\n\n\n\n<p class=\"wp-block-paragraph\">\u201cEntonces, \u00bfqu\u00e9 digo? Pues que vamos a garantizar las libertades, di\u00e1logo circular, debate, cuestionamientos con respeto y mensajes de ida y vuelta, porque tambi\u00e9n eso es importante.<\/p>\n\n\n\n<p class=\"wp-block-paragraph\">\u201cDicen: \u2018Es que el presidente no debe de desacreditar a los medios\u2019. \u00a1Ah!, los medios s\u00ed pueden desacreditar al presidente y el presidente no se debe de defender, se tiene que quedar callado. Eso s\u00ed no. Voy a ejercer mi derecho r\u00e9plica siempre, con respeto\u201d.<\/p>\n\n\n\n<p class=\"wp-block-paragraph\">\u00bfIntimidar se\u00f1or presidente? Su tribuna nadie la tiene, su poder menos. \u00bfQu\u00e9 sucede si nos \u201cpasamos\u201d? \u00bfQu\u00e9? Digo.<\/p>\n\n\n\n<p class=\"wp-block-paragraph\"><a href=\"mailto:sanchezlimon@gmail.com\" target=\"_blank\" rel=\"noreferrer noopener\">sanchezlimon@gmail.com<\/a><\/p>\n\n\n\n<p class=\"wp-block-paragraph\"><a href=\"http:\/\/www.entresemana.mx\/\" target=\"_blank\" rel=\"noreferrer noopener\">www.entresemana.mx<\/a><\/p>\n\n\n\n<p class=\"wp-block-paragraph\"><strong>@msanchezlimon<\/strong><\/p>\n","protected":false},"excerpt":{"rendered":"<p>\u00bfQu\u00e9 sucede si nos \u201cpasamos\u201d? La Secretar\u00eda de Educaci\u00f3n P\u00fablica est\u00e1 obligada a continuar con evaluaciones para el ingreso, promoci\u00f3n o reconocimiento de maestros. Mois\u00e9s S\u00e1nchez SemM\u00e9xico. Cd. de M\u00e9xico. 16 de abril de 2019.- \u00bfAndr\u00e9s Manuel L\u00f3pez Obrador miente usted como estrategia pol\u00edtica, porque se le pega la gana o por desconocimiento de las [&hellip;]<\/p>\n","protected":false},"author":3,"featured_media":6811,"comment_status":"open","ping_status":"open","sticky":false,"template":"","format":"standard","meta":{"_monsterinsights_skip_tracking":false,"footnotes":""},"categories":[690,83],"tags":[],"class_list":["post-6824","post","type-post","status-publish","format-standard","has-post-thumbnail","category-690","category-moises-sanchez-limon"],"_links":{"self":[{"href":"https:\/\/redsemlac.com\/semmexico\/wp-json\/wp\/v2\/posts\/6824","targetHints":{"allow":["GET"]}}],"collection":[{"href":"https:\/\/redsemlac.com\/semmexico\/wp-json\/wp\/v2\/posts"}],"about":[{"href":"https:\/\/redsemlac.com\/semmexico\/wp-json\/wp\/v2\/types\/post"}],"author":[{"embeddable":true,"href":"https:\/\/redsemlac.com\/semmexico\/wp-json\/wp\/v2\/users\/3"}],"replies":[{"embeddable":true,"href":"https:\/\/redsemlac.com\/semmexico\/wp-json\/wp\/v2\/comments?post=6824"}],"version-history":[{"count":0,"href":"https:\/\/redsemlac.com\/semmexico\/wp-json\/wp\/v2\/posts\/6824\/revisions"}],"wp:featuredmedia":[{"embeddable":true,"href":"https:\/\/redsemlac.com\/semmexico\/wp-json\/wp\/v2\/media\/6811"}],"wp:attachment":[{"href":"https:\/\/redsemlac.com\/semmexico\/wp-json\/wp\/v2\/media?parent=6824"}],"wp:term":[{"taxonomy":"category","embeddable":true,"href":"https:\/\/redsemlac.com\/semmexico\/wp-json\/wp\/v2\/categories?post=6824"},{"taxonomy":"post_tag","embeddable":true,"href":"https:\/\/redsemlac.com\/semmexico\/wp-json\/wp\/v2\/tags?post=6824"}],"curies":[{"name":"wp","href":"https:\/\/api.w.org\/{rel}","templated":true}]}}