{"id":68227,"date":"2023-06-23T18:27:36","date_gmt":"2023-06-23T23:27:36","guid":{"rendered":"https:\/\/redsemlac.com\/semmexico\/?p=68227"},"modified":"2023-06-23T18:27:37","modified_gmt":"2023-06-23T23:27:37","slug":"universidad-del-istmo-ofrece-disculpa-publica-a-alumna-victima-de-violencias-rechaza-agraviada","status":"publish","type":"post","link":"https:\/\/redsemlac.com\/semmexico\/universidad-del-istmo-ofrece-disculpa-publica-a-alumna-victima-de-violencias-rechaza-agraviada\/","title":{"rendered":"Universidad del Istmo ofrece disculpa p\u00fablica a alumna v\u00edctima de violencias; rechaza, agraviada"},"content":{"rendered":"\n<p class=\"wp-block-paragraph\"><strong>Patricia Brise\u00f1o<\/strong><\/p>\n\n\n\n<p class=\"wp-block-paragraph\">SemM\u00e9xico, Oaxaca de Ju\u00e1rez, Oax. 23 de junio del 2023.- En cumplimiento a la sentencia dictada por la Sala Constitucional del Tribunal Superior de Justicia del Estado de Oaxaca, expediente JPDH\/02\/2022, la rector\u00eda de la Universidad del Istmo (Unistmo), campus Ixtepec, ofreci\u00f3 una disculpa p\u00fablica por los agravios cometidos a una alumna de la licenciatura en Derecho, por diversas violaciones a sus derechos humanos.<\/p>\n\n\n\n<p class=\"wp-block-paragraph\">La ceremonia, celebrada en el auditorio de la casa de estudios, del municipio de Ciudad Ixtepec, cobr\u00f3 relevancia porque ser\u00e1 un precedente para que las instituciones educativas a todos los niveles \u201csean lugares seguros y libres de todo tipo de violencia para la comunidad universitaria, y espec\u00edficamente para las alumnas\u201d.<\/p>\n\n\n\n<p class=\"wp-block-paragraph\">La rectora interina del Sistema de Universidades del Estado (Suneo), Mar\u00eda de los \u00c1ngeles Peralta Arias se disculp\u00f3 con Biiniza Nadxieeli Andr\u00e9s Carballido, a nombre de la casa de estudios, por los agravios institucionales cometidos en su contra, luego de haber denunciado violencia sexual por un profesor.<\/p>\n\n\n\n<p class=\"wp-block-paragraph\">En su car\u00e1cter de responsable de la instituci\u00f3n p\u00fablica ofreci\u00f3 disculpas, como parte de la reparaci\u00f3n del da\u00f1o, y reconoci\u00f3 la comisi\u00f3n de los hechos que dieron origen a dicho juicio.<\/p>\n\n\n\n<p class=\"wp-block-paragraph\">&nbsp;\u201cReconozco que, al no contar con el marco de referencia apropiado, las acciones tomadas por los servidores p\u00fablicos, al momento de los hechos no se atendieron con una perspectiva de g\u00e9nero\u201d, expuso.<\/p>\n\n\n\n<p class=\"wp-block-paragraph\">El mensaje de la funcionaria fue traducido al idioma zapoteco como parte de la amplia difusi\u00f3n concedida a esta resoluci\u00f3n judicial, adem\u00e1s de su pronta publicaci\u00f3n en un diario de amplia circulaci\u00f3n en el estado, lo que sienta un precedente importante en la justicia restaurativa,&nbsp; reparaci\u00f3n de los da\u00f1os provocados por una entidad educativa y la no repetici\u00f3n.<\/p>\n\n\n\n<p class=\"wp-block-paragraph\">Anunci\u00f3 que la Universidad aplicar\u00e1 el protocolo para la prevenci\u00f3n, atenci\u00f3n y sanci\u00f3n del hostigamiento sexual y acoso sexual, seg\u00fan las directrices de la Secretar\u00eda de Educaci\u00f3n P\u00fablica e Instituto Nacional de las Mujeres.<\/p>\n\n\n\n<p class=\"wp-block-paragraph\">Peralta Arias acept\u00f3 la responsabilidad derivada de las conductas y expresiones vertidas por el funcionariado y comunidad universitaria en contra de la estudiante cometidos en septiembre y octubre de 2019.<\/p>\n\n\n\n<p class=\"wp-block-paragraph\">Sin embargo, en su car\u00e1cter de v\u00edctima, Andr\u00e9s Caballero no acept\u00f3 la disculpa \u201cporque m\u00e1s all\u00e1 de ser un acto reinvindicatorio, se me revictimiz\u00f3, y contin\u00faa la resistencia a la garant\u00eda de mis derechos humanos\u201d, asent\u00f3.<\/p>\n\n\n\n<p class=\"wp-block-paragraph\">La universitaria expuso que el acto p\u00fablico es la primera fase de ejecuci\u00f3n de la sentencia judicial, resultado de la resistencia de la rector\u00eda en cumplir la recomendaci\u00f3n 04\/2021, de la Defensor\u00eda de los Derechos Humanos del Pueblo de Oaxaca (DDHPO) en la que se tienen por acreditados los agravios en su contra y dos profesoras, que la acompa\u00f1aron desde el inicio de la denuncia.<\/p>\n\n\n\n<p class=\"wp-block-paragraph\">La reclamante observ\u00f3 que la actuaci\u00f3n de algunas autoridades sigue siendo en muchos casos una expresi\u00f3n de la inequidad, violencia de g\u00e9nero, machismo, misoginia, discriminaci\u00f3n, racismo, homofobia y revictimizaci\u00f3n.<\/p>\n\n\n\n<p class=\"wp-block-paragraph\">Tambi\u00e9n puso en evidencia que, en los procesos de b\u00fasqueda para obtener justicia, dependencias, funcionarios, medios de comunicaci\u00f3n y las plataformas de las redes sociales deber\u00edan tener una participaci\u00f3n m\u00e1s responsable, cuidadosa y objetiva.<\/p>\n\n\n\n<p class=\"wp-block-paragraph\">En la ceremonia estuvieron presente representantes del Poder Ejecutivo, Defensor\u00eda de Derechos Humanos, integrante de organizaciones civiles y defensoras, adem\u00e1s familiares, amistades, y comunidad universitaria.<\/p>\n","protected":false},"excerpt":{"rendered":"<p>Anunci\u00f3 que la Universidad aplicar\u00e1 el protocolo para la prevenci\u00f3n, atenci\u00f3n y sanci\u00f3n del hostigamiento sexual y acoso sexual<\/p>\n","protected":false},"author":3,"featured_media":68226,"comment_status":"open","ping_status":"open","sticky":false,"template":"","format":"standard","meta":{"_monsterinsights_skip_tracking":false,"footnotes":""},"categories":[51],"tags":[],"class_list":["post-68227","post","type-post","status-publish","format-standard","has-post-thumbnail","category-ejecutivo"],"_links":{"self":[{"href":"https:\/\/redsemlac.com\/semmexico\/wp-json\/wp\/v2\/posts\/68227","targetHints":{"allow":["GET"]}}],"collection":[{"href":"https:\/\/redsemlac.com\/semmexico\/wp-json\/wp\/v2\/posts"}],"about":[{"href":"https:\/\/redsemlac.com\/semmexico\/wp-json\/wp\/v2\/types\/post"}],"author":[{"embeddable":true,"href":"https:\/\/redsemlac.com\/semmexico\/wp-json\/wp\/v2\/users\/3"}],"replies":[{"embeddable":true,"href":"https:\/\/redsemlac.com\/semmexico\/wp-json\/wp\/v2\/comments?post=68227"}],"version-history":[{"count":0,"href":"https:\/\/redsemlac.com\/semmexico\/wp-json\/wp\/v2\/posts\/68227\/revisions"}],"wp:featuredmedia":[{"embeddable":true,"href":"https:\/\/redsemlac.com\/semmexico\/wp-json\/wp\/v2\/media\/68226"}],"wp:attachment":[{"href":"https:\/\/redsemlac.com\/semmexico\/wp-json\/wp\/v2\/media?parent=68227"}],"wp:term":[{"taxonomy":"category","embeddable":true,"href":"https:\/\/redsemlac.com\/semmexico\/wp-json\/wp\/v2\/categories?post=68227"},{"taxonomy":"post_tag","embeddable":true,"href":"https:\/\/redsemlac.com\/semmexico\/wp-json\/wp\/v2\/tags?post=68227"}],"curies":[{"name":"wp","href":"https:\/\/api.w.org\/{rel}","templated":true}]}}