{"id":6818,"date":"2019-04-25T16:30:13","date_gmt":"2019-04-25T16:30:13","guid":{"rendered":"https:\/\/redsemlac.com\/semmexico\/?p=6818"},"modified":"2023-07-21T14:48:42","modified_gmt":"2023-07-21T19:48:42","slug":"entresemana-3","status":"publish","type":"post","link":"https:\/\/redsemlac.com\/semmexico\/entresemana-3\/","title":{"rendered":"Entresemana"},"content":{"rendered":"\n<p class=\"wp-block-paragraph\">\u00bfEs culpable de los delitos del fuero com\u00fan de los que se le acusa?<\/p>\n\n\n\n<h5 class=\"wp-block-heading\"> Charrez<\/h5>\n\n\n\n<p class=\"wp-block-paragraph\"><a href=\"https:\/\/semmexico.com\/gallery-post.php?id=7964#\">Mois\u00e9s S\u00e1nchez<\/a><\/p>\n\n\n\n<p class=\"wp-block-paragraph\">SemM\u00e9xico. 25 de abril 2019.-&nbsp;En la historia reciente del pa\u00eds ha sido claro el uso de la ley para cobro de facturas pol\u00edticas, una demag\u00f3gica y populista demostraci\u00f3n de actos justicieros, como ocurri\u00f3 ayer en el caso del diputado federal morenista Cipriano Charrez Pedraza.<\/p>\n\n\n\n<p class=\"wp-block-paragraph\">\u00bfEs culpable de los delitos del fuero com\u00fan de los que se le acusa? Esa es atribuci\u00f3n de un juez, a partir del debido proceso.<\/p>\n\n\n\n<p class=\"wp-block-paragraph\">Pero, mire usted, para variar, ayer el presidente Andr\u00e9s Manuel L\u00f3pez Obrador volvi\u00f3 a cuestionar un dictamen aprobado en comisiones de la C\u00e1mara de Diputados en materia de fuero constitucional, que por cierto no ha desaparecido y la minuta se encuentra en impasse en el Palacio Legislativo de San L\u00e1zaro.<\/p>\n\n\n\n<p class=\"wp-block-paragraph\">L\u00f3pez Obrador cuestion\u00f3 que los diputados s\u00f3lo hayan aprobado someter a juicio de procedencia para despojar del fuero al Presidente de la Rep\u00fablica para ser sometido a proceso penal, por la comisi\u00f3n de delitos que se suman a los de traici\u00f3n a la patria, entre ellos los de corrupci\u00f3n y electorales, y dejaron fuera a diputados y senadores.<\/p>\n\n\n\n<p class=\"wp-block-paragraph\">Es evidente que no ley\u00f3 los argumentos de los legisladores porque, de otra forma, habr\u00eda apoyado ese dictamen, toda vez que de haber mantenido el tipo de delitos por los que se podr\u00eda desaforar a diputados y senadores, delitos como el que se acusa de presunta comisi\u00f3n a Charrez Pedraza no posibilitar\u00edan su desafuero.<\/p>\n\n\n\n<p class=\"wp-block-paragraph\">Pero, vaya, el tema de este desafuero aprobado por la mayor\u00eda de los legisladores de Morena debe considerarse en un asunto que va m\u00e1s all\u00e1 de ese concepto legislativo, de la aplicaci\u00f3n de leyes y el \u00e1nimo justiciero de una bancada, la de Morena, en la C\u00e1mara de Diputados que pretende sentar un precedente con uno de los suyos.<\/p>\n\n\n\n<p class=\"wp-block-paragraph\">\u00bfChivo expiatorio?, pregunt\u00e9 a colaboradores cercanos al hoy desaforado Cipriano Charrez. \u00a1Claro!, fue la respuesta.<\/p>\n\n\n\n<p class=\"wp-block-paragraph\">Y es que, debe recordarse que el diputado hidalguense solicit\u00f3 licencia hace unas semanas para separarse del cargo y atender el requerimiento judicial, instancia en la que se le acusa de la presunta comisi\u00f3n de&nbsp;los delitos de homicidio culposo, omisi\u00f3n de auxilio y da\u00f1o en propiedad ajena.<\/p>\n\n\n\n<p class=\"wp-block-paragraph\">\u00bfEra necesario llegar al juicio de procedencia y desaforar a Charrez? En estricto sentido \u00e9l hab\u00eda renunciado al amparo del fuero e incluso se present\u00f3 ante la Procuradur\u00eda de Justicia del estado de Hidalgo y demand\u00f3 enfrentar el proceso penal. Pero lo batearon.<\/p>\n\n\n\n<p class=\"wp-block-paragraph\">Acusa al gobierno de Omar Fayad de haber emprendido linchamiento medi\u00e1tico y jur\u00eddico en su contra. Y, ayer, en declaraciones una vez que fue desaforado para enfrentar a la justicia como cualquier hijo de vecino, con esa certeza de que volver\u00e1 a su curul enfatiz\u00f3 en el hecho de haber votado a favor de ser desaforados.<\/p>\n\n\n\n<p class=\"wp-block-paragraph\">\u201cEn primer lugar \u2013cit\u00f3&#8211; quiero enfatizar que yo vot\u00e9 a favor de que se me quitara el fuero, porque en el pasado periodo legislativo, fuimos de los que tambi\u00e9n impulsamos que se quitara el fuero a todas a todos los funcionarios p\u00fablicos.<\/p>\n\n\n\n<p class=\"wp-block-paragraph\">\u201cL\u00e1stima que en ese entonces no se haya aprobado de manera completa, pero ahora estando yo acusado falsamente de ser responsable de un accidente, pues por congruencia debo de mantenerme siempre en esa misma postura de que no permitamos la impunidad en este pa\u00eds, y mucho menos protegidos de un fuero constitucional que no tiene raz\u00f3n de ser en el M\u00e9xico moderno.<\/p>\n\n\n\n<p class=\"wp-block-paragraph\">\u201cPor eso mismo tomamos la decisi\u00f3n de votar a favor de que se me desaforara y ahora s\u00ed presentarme ante la procuradur\u00eda que me ha negado de manera reiterada, la presentaci\u00f3n de mi testimonio, la presentaci\u00f3n tambi\u00e9n de testigos, incluso ampliaciones de declaraciones de los que comparecieron, de donde tom\u00f3 datos, no los quisieron integrar parte de la carpeta de investigaci\u00f3n, simplemente acomodaron una carpeta a modo, bien preparado de manera unilateral\u201d.<\/p>\n\n\n\n<p class=\"wp-block-paragraph\">Por supuesto, Charrez insisti\u00f3 en que no manejaba el veh\u00edculo involucrado en el accidente, adem\u00e1s de que falsamente se ha dicho que era un taxi, cuando se trataba de un veh\u00edculo particular.<\/p>\n\n\n\n<p class=\"wp-block-paragraph\">Inocente o culpable, el diputado de Morena es un elemento m\u00e1s del uso de la ley con fines pol\u00edticos. Andr\u00e9s Manuel L\u00f3pez Obrador podr\u00e1 presumir c\u00f3mo uno de los suyos, o del partido que lo llev\u00f3 a la Presidencia, no se presta a encubrir a presuntos delincuentes y que, tr\u00e1tese de quien se trate, se aplicar\u00e1 la ley.<\/p>\n\n\n\n<p class=\"wp-block-paragraph\">Pero, la tranquilidad con la que Charrez tom\u00f3 la sentencia de 436 de sus pares erigidos en Jurado de Procedencia, de los cuales 347 votaron por desaforarlo,&nbsp;36 en contra y 53 se abstuvieron, evidencia un acuerdo en el que la justicia se aplica selectivamente.<\/p>\n\n\n\n<p class=\"wp-block-paragraph\">El diputado federal perredista Antonio Ortega Mart\u00ednez dio en la clave de esta que tiene todos los elementos de una pelea arreglada.<\/p>\n\n\n\n<p class=\"wp-block-paragraph\">Refiri\u00f3 que Charrez Pedraza cometi\u00f3 un rosario de decisiones equivocadas que han abonado al deterioro y al desprestigio de la clase pol\u00edtica de los diputados, y particularmente de los \u201cque formamos parte de esta Legislatura, pues quiso evitar su responsabilidad y el cumplimiento de la ley e incluso en un acto de irresponsabilidad busc\u00f3, con la intervenci\u00f3n de las autoridades municipales, convencer a la familia de que el perd\u00f3n le pod\u00eda resolver el enigma.<\/p>\n\n\n\n<p class=\"wp-block-paragraph\">Pero, acot\u00f3, lo grave del diputado con licencia Charrez es que el delito es menor, no es doloso, es culposo y, por tanto, le dar\u00e1n libertad caucional y regresar\u00e1 a la C\u00e1mara.<\/p>\n\n\n\n<p class=\"wp-block-paragraph\">Pero, pregunt\u00f3, \u00bfqui\u00e9n sentenciar\u00e1 el comportamiento poco \u00e9tico, poco moral de haber huido y haber dejado al chofer del taxi inconsciente o imposibilitado de salir, que se incendiaria el veh\u00edculo y muriera? Va a regresar en siete meses o en ocho meses, pero el comportamiento poco \u00e9tico e inmoral, lo cargar\u00e1 \u00e9l y lo cargar\u00e1 la mayor\u00eda\u201d.<\/p>\n\n\n\n<p class=\"wp-block-paragraph\">Lo dicho, un chivo expiatorio para demostrar que la 4T va en serio. Un tema medi\u00e1tico para el licenciado L\u00f3pez Obrador y sus m\u00e1ximas juaristas. Me canso ganso. Conste.<\/p>\n\n\n\n<p class=\"wp-block-paragraph\"><strong>CALENDARIO.<\/strong>&nbsp;Algo huele mal en el Estado de M\u00e9xico. Resulta que la Junta de Coordinaci\u00f3n Pol\u00edtica del Congreso mexiquense pidi\u00f3 iniciar proceso de remoci\u00f3n del Auditor Superior porque, ni m\u00e1s ni menos, ha sido ineficaz y omiso en la revisi\u00f3n de la Cuenta P\u00fablica 2017, pero la Comisi\u00f3n de Vigilancia del \u00d3rgano Superior de Fiscalizaci\u00f3n, por unanimidad, &nbsp;determin\u00f3 la reestructuraci\u00f3n del propio OSFEM y realizar auditor\u00edas financieras especiales al ISEM, a la UAEM\u00e9x, al ISSEMyM y al PAC. \u00a1Sopas!<\/p>\n\n\n\n<p class=\"wp-block-paragraph\">El diputado local morenista Tanech S\u00e1nchez \u00c1ngeles, presidente de esa Comisi\u00f3n, puntualiz\u00f3 que la LX Legislatura del Estado de M\u00e9xico y, en particular la bancada de Morena, en su primer ejercicio fiscalizador, cumple con la exigencia ciudadana de transparentar la aplicaci\u00f3n de los recursos p\u00fablicos y avanza hacia un verdadero estado de derecho.<\/p>\n\n\n\n<p class=\"wp-block-paragraph\">Enfatiz\u00f3 que, desde el a\u00f1o 2014 cuando se estableci\u00f3 el \u00d3rgano Superior de Fiscalizaci\u00f3n del Estado de M\u00e9xico por primera vez el Congreso local hace uso real de la facultad de fiscalizaci\u00f3n de los recursos p\u00fablicos.<\/p>\n\n\n\n<p class=\"wp-block-paragraph\"><strong>PREGUNTA INC\u00d3MODA:<\/strong>&nbsp;\u00bfSabr\u00e1 el licenciado Andr\u00e9s Manuel L\u00f3pez Obrador que la se\u00f1ora Yeidckol Polevnsky anda en China? \u00bfFue a turistear? \u00bfAnda en busca del libro rojo de Mao? Bueno, bueno, total, aqu\u00ed en M\u00e9xico Morena acusa severos problemas dom\u00e9sticos, acicateados por el affaire poblano, que solucion\u00f3 el senador Ricardo Monreal, mientras la dirigente quiz\u00e1 fue a un curso de Mandar\u00edn. Digo.<\/p>\n\n\n\n<p class=\"wp-block-paragraph\"><a href=\"mailto:sanchezlimon@gmail.com\" target=\"_blank\" rel=\"noreferrer noopener\">sanchezlimon@gmail.com<\/a><\/p>\n\n\n\n<p class=\"wp-block-paragraph\"><a href=\"http:\/\/www.entresemana.mx\/\" target=\"_blank\" rel=\"noreferrer noopener\">www.entresemana.mx<\/a><\/p>\n\n\n\n<p class=\"wp-block-paragraph\">@msanchezlimon<\/p>\n","protected":false},"excerpt":{"rendered":"<p>\u00bfEs culpable de los delitos del fuero com\u00fan de los que se le acusa? Charrez Mois\u00e9s S\u00e1nchez SemM\u00e9xico. 25 de abril 2019.-&nbsp;En la historia reciente del pa\u00eds ha sido claro el uso de la ley para cobro de facturas pol\u00edticas, una demag\u00f3gica y populista demostraci\u00f3n de actos justicieros, como ocurri\u00f3 ayer en el caso del [&hellip;]<\/p>\n","protected":false},"author":3,"featured_media":6811,"comment_status":"open","ping_status":"open","sticky":false,"template":"","format":"standard","meta":{"_monsterinsights_skip_tracking":false,"footnotes":""},"categories":[690,83],"tags":[],"class_list":["post-6818","post","type-post","status-publish","format-standard","has-post-thumbnail","category-690","category-moises-sanchez-limon"],"_links":{"self":[{"href":"https:\/\/redsemlac.com\/semmexico\/wp-json\/wp\/v2\/posts\/6818","targetHints":{"allow":["GET"]}}],"collection":[{"href":"https:\/\/redsemlac.com\/semmexico\/wp-json\/wp\/v2\/posts"}],"about":[{"href":"https:\/\/redsemlac.com\/semmexico\/wp-json\/wp\/v2\/types\/post"}],"author":[{"embeddable":true,"href":"https:\/\/redsemlac.com\/semmexico\/wp-json\/wp\/v2\/users\/3"}],"replies":[{"embeddable":true,"href":"https:\/\/redsemlac.com\/semmexico\/wp-json\/wp\/v2\/comments?post=6818"}],"version-history":[{"count":0,"href":"https:\/\/redsemlac.com\/semmexico\/wp-json\/wp\/v2\/posts\/6818\/revisions"}],"wp:featuredmedia":[{"embeddable":true,"href":"https:\/\/redsemlac.com\/semmexico\/wp-json\/wp\/v2\/media\/6811"}],"wp:attachment":[{"href":"https:\/\/redsemlac.com\/semmexico\/wp-json\/wp\/v2\/media?parent=6818"}],"wp:term":[{"taxonomy":"category","embeddable":true,"href":"https:\/\/redsemlac.com\/semmexico\/wp-json\/wp\/v2\/categories?post=6818"},{"taxonomy":"post_tag","embeddable":true,"href":"https:\/\/redsemlac.com\/semmexico\/wp-json\/wp\/v2\/tags?post=6818"}],"curies":[{"name":"wp","href":"https:\/\/api.w.org\/{rel}","templated":true}]}}